{"id":3838,"date":"2021-02-11T00:44:22","date_gmt":"2021-02-11T00:44:22","guid":{"rendered":"http:\/\/www.movimientocaamanista.com\/?p=3838"},"modified":"2021-02-11T00:44:24","modified_gmt":"2021-02-11T00:44:24","slug":"la-libre-pandemia-se-autorregula","status":"publish","type":"post","link":"http:\/\/www.movimientocaamanista.com\/?p=3838","title":{"rendered":"La libre pandemia se autorregula"},"content":{"rendered":"\n<p>Jorge Alejandro Su\u00e1rez Rangel<\/p>\n\n\n\n<p>Fuente: <a href=\"https:\/\/rebelion.org\/la-libre-pandemia-se-autorregula\/\">Rebeli\u00f3n<\/a><\/p>\n\n\n\n<p>El libre mercado se autorregula, en teor\u00eda esto quiere decir que la actividad econ\u00f3mica estimula la subida y ca\u00edda de los precios ajust\u00e1ndolos seg\u00fan la demanda de la poblaci\u00f3n, en la realidad no sucede as\u00ed, la falta de controles permite a las \u00e9lites empoderadas desviar la riqueza generada por las mayor\u00edas en beneficio propio, de manera arbitraria y sin ninguna responsabilidad, a esto se llama liberalismo y aunque se trata de un instrumento econ\u00f3mico es utilizado como sistema de gobierno en la mayor parte del mundo.<\/p>\n\n\n\n<p>Parad\u00f3jicamente el control de la econom\u00eda es la verdad oculta detr\u00e1s de la autorregulaci\u00f3n y el libre mercado.<\/p>\n\n\n\n<p>Ya que el liberalismo no es ni una filosof\u00eda ni mucho menos un manual de conciencia humanitaria, sino un instrumento econ\u00f3mico, su relaci\u00f3n con la salud se reduce a p\u00e9rdidas y ganancias, al control de la econom\u00eda en relaci\u00f3n con la salud. Cuando, por ejemplo, el reci\u00e9n nacido Estado liberal se plante\u00f3 el problema de la poblaci\u00f3n humana, encontr\u00f3 la respuesta en el n\u00famero de habitantes y vio en este n\u00famero un factor de p\u00e9rdidas econ\u00f3micas, aunque en un principio los planes de esterilizaci\u00f3n fueron recibidos con horror y rechazo, para la segunda mitad del siglo XX la idea hab\u00eda sido aceptada de forma general y se puso en marcha la esterilizaci\u00f3n a nivel mundial.<\/p>\n\n\n\n<p>Muchos han sido los economistas que han puesto de manifiesto la incapacidad del liberalismo tanto para el control como para los n\u00fameros y la ola de anticoncepcion durante el siglo pasado es un buen ejemplo de ello, la dr\u00e1stica reducci\u00f3n generacional plante\u00f3 un problema a futuro, las jubilaciones dependen de las ganancias de los trabajadores activos, la reducci\u00f3n neur\u00f3tica de la explosi\u00f3n demogr\u00e1fica llevada a cabo por el liberalismo hac\u00eda que el n\u00famero de jubilados fuera mucho mayor al de trabajadores en activo, esto significaba que el dinero ser\u00eda insuficiente y afectar\u00eda a la econom\u00eda, fue como meterse el pi\u00e9 a s\u00ed mismo. Una vez que estuvieron conscientes del catastr\u00f3fico error, los pol\u00edticos enfrentar\u00edan el problema del mismo modo que enfrentan al libre mercado, no haciendo nada, para cuando las consecuencias llegaran ellos ya estar\u00edan retirados y posiblemente hasta tendr\u00edan una jubilaci\u00f3n. Mientras tanto los especuladores podr\u00edan hacerse cargo de los fondos ahorrados por los trabajadores para su futuro.<\/p>\n\n\n\n<p>Desafortunadamente el liberalismo es tambi\u00e9n bastante mediocre en la previsi\u00f3n.<\/p>\n\n\n\n<p>La crisis econ\u00f3mica del 2007 adelant\u00f3 la decisi\u00f3n que ya estaba sobre la mesa, a nadie sorprendi\u00f3 que el monto de las jubilaciones se haya reducido radicalmente en todo el mundo al mismo tiempo, se redujo de tal modo que no alcanza ya ni para sobrevivir, ni siquiera en pa\u00edses afortunados como Alemania, donde los ancianos deben salir a recolectar botellas de la basura para sumar unos centavos extra a su precariedad, ni que decir de pa\u00edses como M\u00e9xico donde las protestas de jubilados son reprimidas brutalmente. Sin embargo el ajuste no fue suficiente, hubo que reducir la cobertura de los seguros m\u00e9dicos junto con muchas otras garant\u00edas conquistadas tras siglos de lucha.<\/p>\n\n\n\n<p>La explosi\u00f3n demogr\u00e1fica ni es libre ni se autorregula, necesita de costosos controles internacionales, que traen como consecuencia ajustes en detrimento de los jubilados y que extra\u00f1amente se traducen en jugosos negocios dentro de la bolsa de valores.<\/p>\n\n\n\n<p>Imaginemos ahora un escenario ideal, un escenario que enfrenta una pandemia global provocada por un virus altamente contagioso aunque no tan letal en comparaci\u00f3n con otros tipos de influenza ya conocidos, el Covi19. Las autoridades ideales identifican desde el primer momento a los sectores vulnerables y deciden invertir todos sus esfuerzos en protegerlos. Siempre que usamos la palabra invertir nos referimos por supuesto al dinero, imaginemos que solamente una d\u00e9cima parte de lo que se ha gastado en el \u00faltimo a\u00f1o en rescatar a los multimillonarios se invirtiera por ejemplo en mejorar las condiciones de los ancianos, no \u00fanicamente en su capacidad adquisitiva sino tambi\u00e9n en su calidad de vida, desde una mayor cobertura en los servicios de salud hasta propiciar las condiciones para una vida digna, como la convivencia con otras personas sin tener por ello el riesgo de contagiarse o la distribuci\u00f3n segura de v\u00edveres y productos b\u00e1sicos, tal vez todav\u00eda nos quedar\u00eda suficiente dinero para ayudar a otros grupos vulnerables como aquellos que escapan de la guerra y son rechazados sistem\u00e1ticamente por los pa\u00edses que debieran otorgarles asilo o los que sufren pobreza extrema a causa de la injusta distribuci\u00f3n de la riqueza mundial.<\/p>\n\n\n\n<p>Desafortunadamente el escenario es otro, se trata de un escenario en donde la reducci\u00f3n de la poblaci\u00f3n mayor a los 70 a\u00f1os significar\u00eda la soluci\u00f3n a un viejo problema. Nadie es responsable de la aparici\u00f3n del virus igual que nadie es responsable del mercado.<\/p>\n\n\n\n<p>Podr\u00edamos ser optimistas y pensar que a\u00fan es tiempo de cambiar los planes oficiales para as\u00ed tener un mayor control de la pandemia, por desgracia los presupuestos de emergencia obedecen a intereses econ\u00f3micos, la ayuda social fue transformada en favor de la industria, el gasto p\u00fablico obedece a leyes r\u00edgidas y enredadas, la transformaci\u00f3n del sistema de salud es frenado por un aparato burocr\u00e1tico surrealista extra\u00eddo de las novelas de Franz Kafka, todo est\u00e1 bajo control excepto la pandemia. La libre pandemia se autorregula.<\/p>\n","protected":false},"excerpt":{"rendered":"<p>Jorge Alejandro Su\u00e1rez Rangel Fuente: Rebeli\u00f3n El libre mercado se autorregula, en teor\u00eda esto quiere decir que la actividad econ\u00f3mica estimula la subida y ca\u00edda de los precios ajust\u00e1ndolos seg\u00fan la demanda de la poblaci\u00f3n, en la realidad no sucede as\u00ed, la falta de controles permite a las \u00e9lites empoderadas desviar la riqueza generada por [&hellip;]<\/p>\n","protected":false},"author":1,"featured_media":3839,"comment_status":"open","ping_status":"open","sticky":false,"template":"","format":"standard","meta":{"footnotes":""},"categories":[4],"tags":[],"_links":{"self":[{"href":"http:\/\/www.movimientocaamanista.com\/index.php?rest_route=\/wp\/v2\/posts\/3838"}],"collection":[{"href":"http:\/\/www.movimientocaamanista.com\/index.php?rest_route=\/wp\/v2\/posts"}],"about":[{"href":"http:\/\/www.movimientocaamanista.com\/index.php?rest_route=\/wp\/v2\/types\/post"}],"author":[{"embeddable":true,"href":"http:\/\/www.movimientocaamanista.com\/index.php?rest_route=\/wp\/v2\/users\/1"}],"replies":[{"embeddable":true,"href":"http:\/\/www.movimientocaamanista.com\/index.php?rest_route=%2Fwp%2Fv2%2Fcomments&post=3838"}],"version-history":[{"count":1,"href":"http:\/\/www.movimientocaamanista.com\/index.php?rest_route=\/wp\/v2\/posts\/3838\/revisions"}],"predecessor-version":[{"id":3840,"href":"http:\/\/www.movimientocaamanista.com\/index.php?rest_route=\/wp\/v2\/posts\/3838\/revisions\/3840"}],"wp:featuredmedia":[{"embeddable":true,"href":"http:\/\/www.movimientocaamanista.com\/index.php?rest_route=\/wp\/v2\/media\/3839"}],"wp:attachment":[{"href":"http:\/\/www.movimientocaamanista.com\/index.php?rest_route=%2Fwp%2Fv2%2Fmedia&parent=3838"}],"wp:term":[{"taxonomy":"category","embeddable":true,"href":"http:\/\/www.movimientocaamanista.com\/index.php?rest_route=%2Fwp%2Fv2%2Fcategories&post=3838"},{"taxonomy":"post_tag","embeddable":true,"href":"http:\/\/www.movimientocaamanista.com\/index.php?rest_route=%2Fwp%2Fv2%2Ftags&post=3838"}],"curies":[{"name":"wp","href":"https:\/\/api.w.org\/{rel}","templated":true}]}}