{"id":3913,"date":"2021-02-17T01:12:32","date_gmt":"2021-02-17T01:12:32","guid":{"rendered":"http:\/\/www.movimientocaamanista.com\/?p=3913"},"modified":"2021-02-17T01:12:34","modified_gmt":"2021-02-17T01:12:34","slug":"lo-que-nos-espera-a-este-paso-cuando-acabe-la-pandemia","status":"publish","type":"post","link":"http:\/\/www.movimientocaamanista.com\/?p=3913","title":{"rendered":"Lo que nos espera (a este paso) cuando acabe la pandemia"},"content":{"rendered":"\n<p>Juan Torres L\u00f3pez<\/p>\n\n\n\n<p>Fuente: <a href=\"https:\/\/rebelion.org\/lo-que-nos-espera-a-este-paso-cuando-acabe-la-pandemia\/\">Rebeli\u00f3n<\/a><\/p>\n\n\n\n<p>Los demoledores efectos econ\u00f3micos de la pandemia han obligado a poner en suspenso las pol\u00edticas neoliberales que se ven\u00edan aplicando en los \u00faltimos cuarenta a\u00f1os. Hasta los ac\u00e9rrimos defensores de la privatizaci\u00f3n y los recortes de gasto social han reclamado intervenci\u00f3n p\u00fablica masiva, \u00abcueste lo que cueste\u00bb, para evitar un colapso que la din\u00e1mica aut\u00f3noma de los mercados nunca podr\u00eda evitar.<\/p>\n\n\n\n<p>Cabe esperar que se haya aprendido algo y que en esta ocasi\u00f3n no haya tanta precipitaci\u00f3n y torpeza como en la anterior crisis, cuando los recortes de 2010 provocaron una segunda recesi\u00f3n. Pero es seguro que, una vez que pase lo peor de la pandemia, se volver\u00e1 a lo que ha venido suponiendo el neoliberalismo: la lucha para aumentar el beneficio del capital y de sus propietarios a costa de cualquier otro inter\u00e9s social.<\/p>\n\n\n\n<p>El problema con el que ahora nos vamos a encontrar unos y otros es que las condiciones para recuperar el beneficio ser\u00e1n muy complicadas, como tambi\u00e9n ser\u00e1 m\u00e1s dif\u00edcil todav\u00eda imponer pol\u00edticas alternativas para lograr un mejor desempe\u00f1o econ\u00f3mico y una distribuci\u00f3n m\u00e1s equitativa de la riqueza.<\/p>\n\n\n\n<p>Ser\u00e1 as\u00ed, por dos grandes razones. La primera, relacionada con las secuelas que dejar\u00e1 la Covid-19 sobre el conjunto de las econom\u00edas y, la segunda, con las dos posibles v\u00edas para aumentar el beneficio en el capitalismo de nuestros d\u00edas.<\/p>\n\n\n\n<p>La pandemia va a dejar, al menos, cuatro grandes problemas que van a complicar cualquier tipo de estrategia econ\u00f3mica que se quiera llevar a cabo.<\/p>\n\n\n\n<p>\u2013 Un incremento brutal de la deuda, tanto p\u00fablica como privada. La primera supondr\u00e1 un aumento de entre 20 y 50 puntos del PIB en la inmensa mayor\u00eda de las econom\u00edas. Eso obligar\u00e1 o bien a realizar amplios programas de reestructuraci\u00f3n y quitas o a aplicar gigantescos recortes de gasto p\u00fablico. Lo primero, como es bien sabido, produce una urticaria fatal en el poder establecido porque atenta contra el fuero del capital financiero, aunque solo de esa manera se pueda salvar el huevo del capital en su conjunto. Por tanto, poner generalizadamente en cuesti\u00f3n el principio de que las deudas se pagan en su totalidad, como ser\u00eda necesario hacer, no se va a consentir salvo que haya un movimiento internacional de gran fuerza que imponga la raz\u00f3n en todo el planeta. Si no se produce, veremos el mayor proceso de privatizaci\u00f3n y desmantelamiento del sector p\u00fablico de la historia y un recorte sin precedentes de los derechos sociales, ya de por s\u00ed mermados por el neoliberalismo. Lo cual, no solo producir\u00e1 un incremento global del malestar social sino nuevas ca\u00eddas de la actividad econ\u00f3mica ocasionadas por falta de demanda efectiva.<\/p>\n\n\n\n<p>El incremento de la deuda de las empresas, por su parte, va a producir una escalada de quiebras y una p\u00e9rdida de solvencia de la banca que contribuir\u00e1 a aumentar la debilidad de las econom\u00edas si no se ponen en marcha programas de ayudas e inversi\u00f3n p\u00fablica que sirvan de est\u00edmulo para la inversi\u00f3n privada y si no se disponen, al mismo tiempo, de nuevas y m\u00e1s seguras y efectivas fuentes de financiaci\u00f3n de la actividad empresarial.<\/p>\n\n\n\n<p>\u2013 La pandemia va a dejar tambi\u00e9n muchos problemas en el funcionamiento de los mercados. Se resentir\u00e1 la oferta porque quedar\u00e1n afectados la capacidad de producci\u00f3n de bienes y servicios y los canales de distribuci\u00f3n y aprovisionamiento en muchos sectores de actividad econ\u00f3mica. Y tambi\u00e9n la demanda si ahora ocurre lo mismo que en otras grandes crisis: una mayor tendencia al ahorro por la incertidumbre generalizada y el temor al futuro.<\/p>\n\n\n\n<p>Es muy posible que las perturbaciones en esas dos fuerzas de los mercados se traduzcan en tensiones al alza de los precios que obliguen, por una parte, a reducir los costes salariales y, por otra, a que las autoridades suban los tipos de inter\u00e9s para frenar la inflaci\u00f3n. Y si fuese as\u00ed, llegar\u00eda con seguridad una nueva fase de frenazo de la actividad econ\u00f3mica y desempleo masivo.<\/p>\n\n\n\n<p>\u2013 Las compras masivas de t\u00edtulos financieros que vienen realizando los bancos centrales est\u00e1 provocando burbujas impresionantes en todas las bolsas del mundo que pueden ir estallando a medida que los programas de expansi\u00f3n monetaria se vayan acabando, porque tendr\u00e1n que acabar antes o despu\u00e9s. La volatilidad y el peligro de otra gran perturbaci\u00f3n financiera son la tercera dificultad a la que se enfrentar\u00e1n las econom\u00edas tras la pandemia.<\/p>\n\n\n\n<p>\u2013 Finalmente, los efectos tan desiguales que tiene esta crisis en los sectores econ\u00f3micos y en las diferentes econom\u00edas, y la recuperaci\u00f3n tan diferenciada que se producir\u00e1 van a provocar un efecto generalizado de fragmentaci\u00f3n y desconexi\u00f3n entre actividades, \u00e1reas econ\u00f3micas, pa\u00edses y grupos de poblaci\u00f3n que ser\u00e1n muy negativos para el comercio internacional y para la econom\u00eda mundial en su conjunto.<\/p>\n\n\n\n<p>Como dije, a estas dificultades de entorno se a\u00f1adir\u00e1 otro problema. Para aumentar el beneficio del capital solo caben dos posibilidades en nuestro sistema econ\u00f3mico: incrementar la productividad de los factores productivos (capital, trabajo y recursos naturales) o la explotaci\u00f3n del trabajo, es decir, intensificar el tiempo de trabajo no pagado a los asalariados.<\/p>\n\n\n\n<p>Dicho de una forma coloquial, la primera v\u00eda permite aumentar en mayor medida el tama\u00f1o de la tarta y de esa forma es m\u00e1s f\u00e1cil lograr una distribuci\u00f3n m\u00e1s beneficiosa para el capital con menos costes asociados porque, gracias a que hay m\u00e1s que repartir, los salarios tambi\u00e9n se pueden ver beneficiados. Es lo que ocurri\u00f3 en los a\u00f1os posteriores a la Segunda Guerra Mundial, precisamente por eso llamados los \u00aba\u00f1os gloriosos del capitalismo\u00bb.<\/p>\n\n\n\n<p>Es sabido que estamos viviendo ya una nueva revoluci\u00f3n tecnol\u00f3gica que permitir\u00e1 que la productividad se dispare en muchas actividades econ\u00f3micas gracias a la digitalizaci\u00f3n, el big data y la inteligencia artificial. Pero, para que se produzcan aumentos generalizados de la productividad en toda la econom\u00eda y no s\u00f3lo en empresas o sectores puntuales, es imprescindible que se registre un incremento muy grande y generalizado de la inversi\u00f3n. Algo que es muy dif\u00edcil que se d\u00e9 solo de la mano del capital privado, justamente por las circunstancias que he se\u00f1alado antes y por el gran atractivo que sigue teniendo la especulaci\u00f3n financiera, pues ofrece mayor y m\u00e1s r\u00e1pida rentabilidad.<\/p>\n\n\n\n<p>Sin una masiva inversi\u00f3n p\u00fablica, viviremos aumentos espectaculares de productividad en algunos sectores, pero no de la forma generalizada en que ser\u00eda necesaria para recuperar el beneficio sin empobrecer todav\u00eda m\u00e1s el trabajo en la mayor\u00eda de las actividades econ\u00f3micas.<\/p>\n\n\n\n<p>Por lo tanto, nos enfrentamos a la posibilidad de vivir en los a\u00f1os venideros la fase de mayor precarizaci\u00f3n y p\u00e9rdida de derechos laborales de la historia del capitalismo contempor\u00e1neo. Y no exagero, pues ya son muchas las voces que comienzan a reclamar el aumento de las horas de trabajo, el fin del descanso dominical, la sustituci\u00f3n del contrato laboral tradicional por el de \u00abcero horas\u00bb, para proporcionar el trabajo s\u00f3lo en los momentos en que lo requiera la empresa, o incluso la creaci\u00f3n de territorios de potestad empresarial con sus propias leyes e instituciones de gobierno, a semejanza de los que ahora conforman las administraciones p\u00fablicas.<\/p>\n\n\n\n<p>Para evitar un escenario como el que acabo de describir brevemente ser\u00eda necesario permitir que los estados tengan manos libres para promover la inversi\u00f3n y el apoyo que permita la generalizaci\u00f3n del aumento de productividad. Para lo cual es imprescindible dar una soluci\u00f3n al crecimiento de la deuda y reformar el funcionamiento de las administraciones p\u00fablicas, para lograr que se gaste bien y para acabar con su servidumbre hacia las grandes empresas que dominan el mercado y las instituciones. Es imprescindible que se dise\u00f1en programas de ayudas a las empresas para que estas puedan aumentar su dotaci\u00f3n de capital e innovaci\u00f3n, rebajando su endeudamiento. Hay que evitar de una vez que el capital financiero imponga la deuda como motor de la actividad econ\u00f3mica reformando el sistema bancario y acabando con el privilegio que le proporciona el sistema de reserva fraccionaria. Hay que asumir que los beneficios del incremento de la productividad deben distribuirse con equidad, llegando a pactos de rentas. Y, tal y como ha demostrado esta pandemia que no ser\u00e1 la \u00faltima, se deben mejorar los sistemas de gesti\u00f3n del riesgo, fortaleciendo los servicios p\u00fablicos y los recursos comunes imprescindibles para dar respuesta a los males o problemas que nos afectan a todos por igual.<\/p>\n\n\n\n<p>No hay razones, desgraciadamente, para ser muy optimista sobre la posibilidad de que se pongan en marcha estas v\u00edas alternativas que sirvan de contrapeso frente a la voracidad que los grandes grupos econ\u00f3micos y financieros han demostrado tener en las \u00faltimas d\u00e9cadas. Las derechas de todo el mundo tienen muy claro cu\u00e1l es su papel para apoyarlos. Las izquierdas, sin embargo, carecen de proyecto com\u00fan o, mejor dicho, han pasado a defender proyectos que satisfacen intereses cada d\u00eda menos \u00absociales\u00bb y m\u00e1s reducidos y singulares, de tribu, cuando no puramente individuales. Han dejado a un lado lo que les dio sentido hist\u00f3ricamente y lo \u00fanico que les puede proporcionar fuerza y capacidad de transformaci\u00f3n: la defensa de los intereses mayoritarios, la asunci\u00f3n del \u00absentido com\u00fan\u00bb de la gente corriente.<br><\/p>\n","protected":false},"excerpt":{"rendered":"<p>Juan Torres L\u00f3pez Fuente: Rebeli\u00f3n Los demoledores efectos econ\u00f3micos de la pandemia han obligado a poner en suspenso las pol\u00edticas neoliberales que se ven\u00edan aplicando en los \u00faltimos cuarenta a\u00f1os. Hasta los ac\u00e9rrimos defensores de la privatizaci\u00f3n y los recortes de gasto social han reclamado intervenci\u00f3n p\u00fablica masiva, \u00abcueste lo que cueste\u00bb, para evitar un [&hellip;]<\/p>\n","protected":false},"author":1,"featured_media":3914,"comment_status":"open","ping_status":"open","sticky":false,"template":"","format":"standard","meta":{"footnotes":""},"categories":[5,3],"tags":[],"_links":{"self":[{"href":"http:\/\/www.movimientocaamanista.com\/index.php?rest_route=\/wp\/v2\/posts\/3913"}],"collection":[{"href":"http:\/\/www.movimientocaamanista.com\/index.php?rest_route=\/wp\/v2\/posts"}],"about":[{"href":"http:\/\/www.movimientocaamanista.com\/index.php?rest_route=\/wp\/v2\/types\/post"}],"author":[{"embeddable":true,"href":"http:\/\/www.movimientocaamanista.com\/index.php?rest_route=\/wp\/v2\/users\/1"}],"replies":[{"embeddable":true,"href":"http:\/\/www.movimientocaamanista.com\/index.php?rest_route=%2Fwp%2Fv2%2Fcomments&post=3913"}],"version-history":[{"count":1,"href":"http:\/\/www.movimientocaamanista.com\/index.php?rest_route=\/wp\/v2\/posts\/3913\/revisions"}],"predecessor-version":[{"id":3915,"href":"http:\/\/www.movimientocaamanista.com\/index.php?rest_route=\/wp\/v2\/posts\/3913\/revisions\/3915"}],"wp:featuredmedia":[{"embeddable":true,"href":"http:\/\/www.movimientocaamanista.com\/index.php?rest_route=\/wp\/v2\/media\/3914"}],"wp:attachment":[{"href":"http:\/\/www.movimientocaamanista.com\/index.php?rest_route=%2Fwp%2Fv2%2Fmedia&parent=3913"}],"wp:term":[{"taxonomy":"category","embeddable":true,"href":"http:\/\/www.movimientocaamanista.com\/index.php?rest_route=%2Fwp%2Fv2%2Fcategories&post=3913"},{"taxonomy":"post_tag","embeddable":true,"href":"http:\/\/www.movimientocaamanista.com\/index.php?rest_route=%2Fwp%2Fv2%2Ftags&post=3913"}],"curies":[{"name":"wp","href":"https:\/\/api.w.org\/{rel}","templated":true}]}}