{"id":3930,"date":"2021-02-20T22:46:44","date_gmt":"2021-02-20T22:46:44","guid":{"rendered":"http:\/\/www.movimientocaamanista.com\/?p=3930"},"modified":"2021-02-20T22:46:46","modified_gmt":"2021-02-20T22:46:46","slug":"menem-y-su-legado","status":"publish","type":"post","link":"http:\/\/www.movimientocaamanista.com\/?p=3930","title":{"rendered":"Menem y su legado"},"content":{"rendered":"\n<p><a href=\"https:\/\/atilioboron.com.ar\/menem-y-su-legado\/\">Atilio Boron<\/a><\/p>\n\n\n\n<p>La muerte de Carlos S. Menem ha sido el disparador para arrojar una nueva mirada sobre su gobierno, su gravosa herencia y tambi\u00e9n, sobre el proyecto neoliberal en sus sucesivas re-encarnaciones. La mirada complaciente del sicariato medi\u00e1tico y de los pol\u00edticos de la derecha es harto elocuente: se fue de este mundo uno de ellos y me atrever\u00eda a decir que el m\u00e1s apreciado. Porque en el nefasto tr\u00edo que integrara junto Jos\u00e9 A. Mart\u00ednez de Hoz y Mauricio Macri el riojano es, de lejos, la pieza m\u00e1s valiosa en las huestes del neoliberalismo. El ministro de la dictadura genocida era tropa propia, igual que el corrupto ex presidente-empresario. En cambio Menem ten\u00eda a su favor una plusval\u00eda pol\u00edtica de incalculable valor: era un converso, un hombre que se despoj\u00f3 de at\u00e1vicos \u201cprejuicios populistas\u201d &nbsp;y se redimi\u00f3 al descubrir las bondades y las verdades que ven\u00eda pregonando infructuosamente durante d\u00e9cadas \u00c1lvaro Alsogaray, part\u00edcipe en la ceremonia fundacional del neoliberalismo en Mont Pelerin, Suiza, en 1947. La apostas\u00eda de Menem, su inesperada conversi\u00f3n, lo rode\u00f3 de un aura que, con certero instinto, las clases dominantes y sus voceros identificaron y valoraron de inmediato. En pocas palabras, Menem traicion\u00f3 su identidad pol\u00edtica y, al hacerlo, pervirti\u00f3 la del peronismo (del cual era su jefe supremo) cuando se arroj\u00f3 en brazos de la clase dominante para concretar una refundaci\u00f3n reaccionaria del capitalismo argentino, algo que se hallaba en las ant\u00edpodas de lo ofrecido a sus votantes y lo que se esperaba de un candidato peronista. Su deserci\u00f3n fue interpretada por la derecha y sus tent\u00e1culos medi\u00e1ticos como el tard\u00edo, pero a\u00fan as\u00ed positivo, reconocimiento de los insanables errores y desaciertos de las banderas hist\u00f3ricas no s\u00f3lo del peronismo sino de todas las fuerzas de izquierda y la confirmaci\u00f3n de la validez de la receta neoliberal. Esta&nbsp; bancarrota intelectual y pol\u00edtica del \u201cpopulismo\u201d -que al principio Menem pretend\u00eda representar con su estrafalaria imagen remedando la del honorable Facundo Quiroga- &nbsp;y junto a aqu\u00e9l las diversas formas del \u201cestatismo\u201d eran la resignada confesi\u00f3n de una derrota. Una capitulaci\u00f3n en toda la l\u00ednea que abri\u00f3 la puerta a una legi\u00f3n de oportunistas y mercaderes de la pol\u00edtica que arrojaron por la borda sus antiguas convicciones y se subieron sin el menor pudor al \u201cmenem\u00f3vil\u201d y acompa\u00f1aron con renovado entusiasmo al reconvertido l\u00edder del \u201cmovimiento nacional\u201d durante toda una d\u00e9cada. Esta formidable mutaci\u00f3n pol\u00edtica tuvo lugar, no por casualidad, en un clima hist\u00f3rico en donde resonaban &nbsp;con fuerza los himnos triunfales del neoconservadorismo de los a\u00f1os ochentas, en Estados Unidos con Ronald Reagan y el Reino Unido con Margaret Thatcher. La ca\u00edda del Muro de Berl\u00edn, a pocos meses de iniciar su mandato y luego la desintegraci\u00f3n de la Uni\u00f3n Sovi\u00e9tica, parec\u00edan darle la raz\u00f3n al riojano y sus nuevos referentes intelectuales, aunque luego la historia desmentir\u00eda de forma impiadosa esas ilusiones.<\/p>\n\n\n\n<p>Ser\u00eda ocioso detenerse en la descripci\u00f3n de la personalidad del difunto. Otros lo han hecho con lujo de detalles y poco podemos agregar por nuestra cuenta. B\u00e1stenos se\u00f1alar que su inescrupulosidad no conoc\u00eda l\u00edmites, y sus principios morales ten\u00edan la laxitud de las de un ni\u00f1o de 4 o 5 a\u00f1os de edad. Este rasgo, m\u00e1s frecuente de lo que se piensa en nuestra dirigencia, se combinaba en el caso de Menem con una indiscutible habilidad pol\u00edtica, sus notables dotes de demagogo, un inusual \u201colfato\u201d para percibir por donde transcurr\u00edan las corrientes del poder dentro y fuera de la Argentina y una f\u00e9rrea, indeclinable, voluntad de dominio digna de mejores causas. Gobern\u00f3 con mano firme desde el primero hasta el \u00faltimo d\u00eda de su mandato, durante casi diez a\u00f1os y medio. La mayor\u00eda de los gobernantes padecen la&nbsp; fatiga y el desgaste que produce el poder. Para Menem, en cambio, \u00e9ste era una droga que potenciaba su hiperactivismo y paralizaba a sus rivales. La famosa teor\u00eda de los polit\u00f3logos estadounidenses, a saber: que un presidente en su segundo mandato y sin re-elecci\u00f3n a la vista se convierte en un \u201cpato rengo\u201d jam\u00e1s fue aplicable al caso del riojano.<\/p>\n\n\n\n<p>Pero ese excepcional talento pol\u00edtico se us\u00f3 para el mal. Su gobierno fue una verdadera tragedia para la Argentina y sus nefastos legados nos acompa\u00f1an hasta el d\u00eda de hoy. Fue el remate de la tarea que la dictadura genocida no pudo llevar a t\u00e9rmino. Para salir al cruce a eventuales &nbsp;objeciones a esta tesis (o a absurdas acusaciones de \u201cgorilismo\u201d) remito a mis lectores nada menos que a un texto de Jos\u00e9 A. Mart\u00ednez de Hoz, quien en un libro titulado&nbsp;<strong><em>Quince a\u00f1os despu\u00e9s<\/em><\/strong>&nbsp;sostuvo con satisfacci\u00f3n que el menemismo estaba aplicando el programa que el ex ministro de la dictadura enunciara en su c\u00e9lebre discurso program\u00e1tico del 2 de abril de1976.<a href=\"https:\/\/atilioboron.com.ar\/menem-y-su-legado\/#_edn1\">[1]<\/a>&nbsp;En esa obra se\u00f1ala que la \u201cdesestatizaci\u00f3n, desregulaci\u00f3n y apertura de la econom\u00eda, adem\u00e1s de la estabilizaci\u00f3n, fueron adoptadas por el gobierno a fines de marzo de 1976 en medio de una de las situaciones m\u00e1s dif\u00edciles de nuestra historia\u201d \u2026. s\u00f3lo que \u201csu realizaci\u00f3n qued\u00f3 trunca por la resistencia al cambio en diversos sectores clave.\u201d(p. 7) Pero hubo una segunda chance, y \u00e9sta la aport\u00f3 el gobierno de Menem, porque \u201choy \u2013asegura Mart\u00ednez de Hoz en 1991- &nbsp;en contraste con 1976, la mayor parte de los principios y orientaciones de gobierno que propusimos, aplicamos o intentamos poner en ejecuci\u00f3n, han sido adoptados y est\u00e1n siendo reclamados en forma generalizada tanto en el mundo como en nuestro pa\u00eds.\u201d (p. 9) Esta postrera victoria del proyecto neoliberal fue posible, reconoce, gracias al \u201cgrado de autoridad pol\u00edtica que tiene el presidente Menem al impulsar el cambio desde el propio Partido Justicialista y con los votos de gran parte de la poblaci\u00f3n independiente. &nbsp;(p. 246).<\/p>\n\n\n\n<p>Los nefastos resultados de ese plan de gobierno son de sobras conocidos y, en nuestro caso particular, fueron anticipados en un art\u00edculo que public\u00e1ramos en&nbsp;<strong><em>P\u00e1gina\/12&nbsp;<\/em><\/strong>el 28 de Junio de 1989, d\u00edas antes de que Menem asumiera la presidencia el 8 de Julio de ese mismo a\u00f1o. En ese breve escrito advert\u00edamos que la redefinici\u00f3n de las alianzas pol\u00edticas urdidas por el riojano despu\u00e9s de su victoria en las elecciones del 14 de mayo tuvo la virtud de revelar el secreto profundo de la hasta entonces enigm\u00e1tica \u201crevoluci\u00f3n productiva.\u201d &nbsp;Esta result\u00f3 ser no otra cosa que el acto de \u201centregar a las h\u00e1biles y r\u00e1pidas manos de la gran burgues\u00eda argentina los negocios del pa\u00eds, encuadrando a los distintos sectores sociales en sus estructuras corporativas (es decir, la CGT y el PJ)&nbsp; que sirven como instancias de mediaci\u00f3n, desmovilizaci\u00f3n y control desde arriba.\u201d Y m\u00e1s adelante se conclu\u00eda que en esta coalici\u00f3n de neto corte neoconservador \u2026 se sintetizan dos elementos: una base popular y una hegemon\u00eda burguesa\u201d y que el resultado de la malversaci\u00f3n del mandato electoral realizado por Menem ser\u00e1 enriquecer a los ricos y empobrecer a los pobres, exasperando las contradicciones sociales y debilitando la legitimidad del orden democr\u00e1tico.\u201d<\/p>\n\n\n\n<p>Los hechos confirmaron la validez de ese temprano pron\u00f3stico. En un largo ensayo escrito tres a\u00f1os m\u00e1s tarde, en 1992, se argumentaba que los mayores beneficiarios del neoliberalismo \u201ccuentan con un respaldo pol\u00edtico que ni siquiera se atrev\u00edan a so\u00f1ar hasta hace tres a\u00f1os. En efecto, la inesperada conversi\u00f3n del Presidente Menem en un nuevo cruzado neoliberal \u2013elegido por la ciudadan\u00eda para ejecutar un programa que era exactamente lo opuesto al que se est\u00e1 aplicando- y al acendrado \u00abverticalismo\u00bb de nuestra tradici\u00f3n pol\u00edtica obr\u00f3 el milagro de transformar al peronismo sindical y pol\u00edtico en un robusto reto\u00f1o del thatcherismo vern\u00e1culo haciendo posible que la ortodoxia neoliberal fuese impulsada nada menos que por los d\u00edscolos herederos de Juan Per\u00f3n, cuya extraordinaria popularidad no se basaba precisamente en el fervor con que adher\u00eda a los preceptos del neoliberalismo o la econom\u00eda neocl\u00e1sica.&nbsp;<a href=\"https:\/\/atilioboron.com.ar\/menem-y-su-legado\/#_edn2\">[2]<\/a>&nbsp;Como si lo anterior fuese poco, el actual ensayo del neoliberalismo cuenta a su vez con el decidido apoyo de los Estados Unidos y la as\u00ed llamada \u2018comunidad internacional de negocios\u2019. La concentraci\u00f3n del poder en manos del presidente tiene pocos precedentes en la historia: el Parlamento ha cedido a pr\u00e1cticamente todos sus reclamos, delegando importantes facultades constitucionales en el Ejecutivo y la Presidencia provisional del Senado recae en manos del hermano del presidente, Eduardo Menem. El Poder Judicial ha honrado su nefasta tradici\u00f3n, y se limita a convalidar todo lo actuado por el Ejecutivo y est\u00e1 presidida por Julio Nazareno, un ignoto abogado que ten\u00eda la envidiable virtud de ser socio del buffet que los hermanos Menem ten\u00edan en La Rioja.\u201d<\/p>\n\n\n\n<p>Es decir que a la cabeza de los tres poderes del estado nacional se encontraban los tres socios del buffet riojano, aberraci\u00f3n antirrepublicana digna de figurar en el libro Guiness de records mundiales y que, sin embargo, no suscit\u00f3 las cr\u00edticas de los sedicentes defensores de la \u201crep\u00fablica\u201d que hoy d\u00eda fustigan con encendido furor al gobierno del Frente de Todos por su supuesta violaci\u00f3n de los principios republicanos. Aquella anomal\u00eda menemista hizo que la Corte Suprema resolviera en diez minutos el c\u00famulo de complej\u00edsimos problemas \u00e9ticos, jur\u00eddicos y contables que impugnaban la privatizaci\u00f3n de Aerol\u00edneas Argentinas, concedi\u00e9ndole \u2013como no pod\u00eda ser de otro modo\u2013 la raz\u00f3n al Gobierno. Con una Corte Suprema y un Poder Judicial reformateados por Menem los numerosos actos de corrupci\u00f3n y violaciones de la legalidad \u2013incluyendo numerosos cr\u00edmenes, los dos grandes atentados, estafas varias, etc\u00e9tera- que jalonaron su d\u00e9cada en el gobierno quedaron a salvo de cualquier ataque legal. Por \u00faltimo, el riojano contaba tambi\u00e9n con la opini\u00f3n favorable de los grandes medios de comunicaci\u00f3n de masas, que salvo algunas recalcitrantes excepciones se plegaron con su conocida mezcla de oportunismo y obsecuencia al credo y los intereses de los nuevos amos. Ya volveremos sobre estos temas.<\/p>\n\n\n\n<p>\u201cLa Argentina de Menem\u201d \u2013conclu\u00eda aquel ensayo- \u201cse ha convertido en un inmenso laboratorio econ\u00f3mico y social. En efecto, son pocos los pa\u00edses en el mundo que, en tan breve lapso, experimentaron un conjunto tan abigarrado de malignas modificaciones destinadas a ejercer una influencia tan rotunda como duradera. Rasgo propio de una sociedad civil \u2018adolescente\u2019 e inmadura, los argentinos \u2011\u2011o, al menos, una buena parte de ellos\u2011\u2011 han consentido con su voto que el gobierno y las clases dirigentes se hayan embarcado en la tarea de destruir la obra de dos generaciones desmantelando &nbsp;-con procedimientos corruptos- un conjunto de instituciones y normas que hab\u00edan tenido vigencia durante medio siglo y que pretend\u00edan asegurar un m\u00f3dico bienestar p\u00fablico y el goce de ciertos derechos fundamentales a los sectores populares. Quienes antes profesaban una \u2018estadolatr\u00eda\u2019 tan dogm\u00e1tica como ingenua, reaparecen ahora convertidos en fan\u00e1ticos creyentes en la magia del mercado.\u00bb<\/p>\n\n\n\n<p>Por consiguiente, Menem condujo este pa\u00eds al desastre, aunque hay que reconocer que para ello cont\u00f3 con la invaluable colaboraci\u00f3n de la Alianza, aquel nefasto cogobierno radical-frepasista que precipit\u00f3 el estallido social del 2001-2002. No olvidemos que ambos gobiernos tuvieron como mentor econ\u00f3mico a Domingo F. Cavallo, un energ\u00fameno al servicio de los poderes econ\u00f3micos concentrados que hizo pasar sus delirios y alucinaciones como si fueran sensatas recetas de pol\u00edtica econ\u00f3mica. Enga\u00f1\u00f3 a casi todo el pa\u00eds, benefici\u00f3 como pocos a los monopolios y al capital extranjero y como el flautista de Hamel\u00edn condujo a los aturdidos y confundidos habitantes de la Argentina al abismo. En 1982, como presidente del Banco Central en los tramos finales de la dictadura genocida, demostr\u00f3 sus inclinaciones izquierdistas al \u00absocializar\u00bb la deuda externa contra\u00edda por empresas privadas y las convirti\u00f3 en una carga p\u00fablica. La&nbsp; larga d\u00e9cada del menemato estuvo signada por una serie interminable de decisiones que terminaron por hacer de la Argentina un pa\u00eds mucho m\u00e1s injusto, desigual, vulnerable y corrupto. La pol\u00edtica menemista de \u201crelaciones carnales\u201d con Estados Unidos involucr\u00f3 a nuestro pa\u00eds en las guerras del imperio en Medio Oriente, y lo pagamos con dos grandes atentados (la embajada de Israel y la sede de la AMIA) y una obscena subordinaci\u00f3n a los mandatos de Washington. Producto de ello, entre tantas otras cosas que ser\u00eda interminable de enumerar, es que cuando la Casa Blanca lo orden\u00f3 se puso fin al programa misil\u00edstico \u201cC\u00f3ndor\u201d destinado a posibilitar el lanzamiento al espacio de sat\u00e9lites artificiales para fines pac\u00edficos sin tener que solicitar permiso e instalaciones apropiadas al gobierno de Estados Unidos. A cambio de tanta obsecuencia, del abandono de cualquier pretensi\u00f3n de autodeterminaci\u00f3n nacional y contrariamente a lo que se dec\u00eda para justificar tanta humillaci\u00f3n, la Argentina no recibi\u00f3 nada. Me corrijo: s\u00ed, unas palmaditas en la espalda de George H. W. Bush padre durante sus visitas (1990 y 1999) &nbsp;a la Argentina.<\/p>\n\n\n\n<p>En el frente interno basta con recordar las fat\u00eddicas leyes de Reforma del Estado y de Emergencia Econ\u00f3mica que abrieron las puertas a las privatizaciones, la desregulaci\u00f3n, la liberalizaci\u00f3n y toda suerte de medidas del catecismo neoliberal que originaron un sinf\u00edn de calamidades: la desindustrializaci\u00f3n, el cierre de miles de empresas, el desempleo, la precarizaci\u00f3n laboral y el vertiginoso aumento de la pobreza y la desigualdad social. La destrucci\u00f3n de la educaci\u00f3n y la salud p\u00fablicas fue otro de los \u00ablogros\u00bb del menemismo, al igual que el deliberado deterioro de las capacidades cient\u00edficas y tecnol\u00f3gicas del pa\u00eds. Recordemos que, para su eterno deshonor,&nbsp; Cavallo fue quien le dijo a los cient\u00edficos del Conicet \u00abque se vayan a lavar platos.\u00bb Todos estos flagelos, y muchos m\u00e1s que ser\u00eda largo rese\u00f1ar aqu\u00ed, reci\u00e9n tropezar\u00edan con una fuerte resistencia popular a partir de los grav\u00edsimos incidentes ocurridos en Santiago del Estero, el 16 y 17 de diciembre de 1993 &nbsp;(el \u201csantiague\u00f1azo\u201d) cuando una revuelta popular de empleados p\u00fablicos que sufr\u00edan un retraso de tres meses en el pago de sus sueldos incendi\u00f3 la sede del Gobierno Provincial y atac\u00f3 la Legislatura, la sede del Poder Judicial de la provincia y numerosas oficinas p\u00fablicas y las casas &nbsp;de algunos dirigentes pol\u00edticos c\u00f3mplices o responsables de esta situaci\u00f3n. No obstante, la consolidaci\u00f3n de los movimientos piqueteros como actores sociales y pol\u00edticos tendr\u00eda lugar reci\u00e9n en junio de 1996, en Cutral-C\u00f3, cuando trabajadores petroleros despedidos por la privatizaci\u00f3n de YPF salieron a las calle y cortaron las rutas&nbsp; que comunicaban a ese peque\u00f1a ciudad con otras de la provincia de Neuqu\u00e9n. Durante todo el primer sexenio de Menem la CGT se limit\u00f3, hip\u00f3critamente, a expresar su preocupaci\u00f3n por la suerte de los trabajadores pero nada m\u00e1s, sin ninguna acci\u00f3n efectiva que les procurase alg\u00fan auxilio. En los hechos sus dirigentes fueron comprados por el menemismo para contener la protesta social y, de paso, enriquecerse.<\/p>\n\n\n\n<p>Debe ser motivo de reflexi\u00f3n el hecho de que las castigadas clases populares demoraron m\u00e1s de seis a\u00f1os en desembarazarse del espeso velo ideol\u00f3gico que acompa\u00f1\u00f3 al &nbsp;proyecto menemista: el fetichismo de la \u201cConvertibilidad\u201d y los efectos alienantes del consumismo. \u00c9ste, en t\u00e9rminos reales, s\u00f3lo estaba al alcance de las capas medias y altas de la sociedad pero sus impactos sobre el imaginario popular fue impresionante. El grueso de la poblaci\u00f3n, golpeada brutalmente por la crisis econ\u00f3mica, consum\u00eda vicariamente recorriendo&nbsp;<em>shoppings<\/em>&nbsp;y viendo en brillantes escaparates bienes &nbsp;inaccesibles para sus bolsillos mientras que los beneficiarios del \u201cmodelo\u201d los consum\u00edan de verdad. Esta notable alienaci\u00f3n penetr\u00f3 capilarmente hasta las profundidades del alma popular, deslumbrada por la enga\u00f1osa estabilidad de la moneda \u2013comprensible en un pa\u00eds con una desastrosa historia de inflaci\u00f3n cr\u00f3nica- y aturdida adem\u00e1s por la artiller\u00eda medi\u00e1tica que sosten\u00eda el discurso ideol\u00f3gico del menemismo. El resultado fue el auge del individualismo; el rechazo a cualquier estrategia colectiva de reforma social; la desmovilizaci\u00f3n de una poblaci\u00f3n que hu\u00eda de una desprestigiada vida pol\u00edtica banalizada y \u201cfarandulizada\u201d, convertida en un embrutecedor espect\u00e1culo que, por eso mismo, estimulaba el quietismo y la pasividad, salvo contadas irrupciones de activismo como el ya mencionado \u201csantiague\u00f1azo.\u201d &nbsp;La crisis del Tequila, en 1995, afect\u00f3 a la econom\u00eda mundial y produjo, en estas latitudes, un s\u00fabito y violento despertar en las clases y capas populares, poniendo en marcha un proceso que a la larga terminar\u00eda por desalojar de la Casa Rosada a los herederos del menemismo en la elecci\u00f3n presidencial de 1999. Pero la obra destructiva del menemismo ya se hab\u00eda extendido por seis a\u00f1os. Y no es un dato menor que en la elecci\u00f3n presidencial de 1995, cuando todas estas desgracias ya hab\u00edan ocurrido, Menem se impuso de forma a\u00fan m\u00e1s terminante que en 1989, orillando el cincuenta por ciento de los votos v\u00e1lidos. Esto nos obliga a &nbsp;reflexionar sobre el desfasaje que existe entre el movimiento de lo real y la autoconciencia que los actores sociales se forman sobre aqu\u00e9l. La crisis era real en el reino de la econom\u00eda, pero demor\u00f3 unos a\u00f1os en hacerse carne en la conciencia de las clases y capas populares. Conclusi\u00f3n: no hay linealidad alguna en la relaci\u00f3n entre una y otra.<\/p>\n\n\n\n<p>En otro orden de cosas el indulto a los genocidas y la acelerada degradaci\u00f3n de nuestra vida institucional tambi\u00e9n contribuyen para que el balance de la gesti\u00f3n de Menem sea muy negativo. Si hubiera que fijar un per\u00edodo para identificar en la l\u00ednea del tiempo el r\u00e1pido avance de la corrupci\u00f3n del poder judicial aqu\u00e9l se localizar\u00eda, indudablemente, durante el gobierno de Menem. La famosa \u201cservilleta de Corach\u201d identificando sin tapujos a jueces federales sometidos a los caprichos de la Casa Rosada; las trabas interpuestas para los avances en el juicio y castigo a los culpables del genocidio y los turbios manejos de las privatizaciones marcan un antes y un despu\u00e9s en el proceso de putrefacci\u00f3n de la justicia argentina, misma que lleg\u00f3 a niveles nauseabundos durante la gesti\u00f3n de Mauricio Macri. Las consecuencias todav\u00eda las estamos pagando y urge que el actual gobierno de Alberto Fern\u00e1ndez tome el asunto en sus manos porque, contrariamente a lo que se escucha en las esferas oficiales, el Poder Judicial -y sobre todo la Justicia Federal- tal como las conocemos son absolutamente incapaces de autodepurarse, de recrearse, de resurgir redimidas de sus infamias. Libradas a su arbitrio son incorregibles, enfermas terminales que en su agon\u00eda arrastran a la democracia argentina hacia su vaciamiento, preludio de un imperdonable resurgimiento autoritario.<\/p>\n\n\n\n<p>A Menem tambi\u00e9n le debemos el haber dado un impulso fenomenal al proceso de concentraci\u00f3n en los medios de comunicaci\u00f3n y la acelerada expansi\u00f3n de gigantescos conglomerados multimedi\u00e1ticos. La cesi\u00f3n de Canal Trece, hasta entonces estatal, al Grupo Clar\u00edn fue una de las primeras medidas que tom\u00f3 en su gobierno y el principio de una infeliz y extensa secuencia de medidas legislativas y decisiones administrativas que favorecieron la gestaci\u00f3n de dos enormes oligopolios medi\u00e1ticos que controlan no s\u00f3lo los medios de comunicaci\u00f3n tradicionales sino tambi\u00e9n la televisi\u00f3n de aire y por cable, radios am y fm, gran parte de la telefon\u00eda celular y el acceso a internet, aparte de otras \u201cmenudencias\u201d. En s\u00edntesis: durante su presidencia Menem facilit\u00f3 la conformaci\u00f3n de dos de las principales amenazas que hoy se ciernen sobre nuestra atribulada democracia. Un Poder Judicial, y en especial una Justicia Federal, corrupta hasta la m\u00e9dula y al servicio de las clases dominantes y enemiga de las causas populares. Y un sistema de medios pr\u00e1cticamente monol\u00edtico y, por eso mismo, incompatible con el pluralismo informativo que requiere el funcionamiento de un r\u00e9gimen democr\u00e1tico. Cuando hoy hablamos en la Argentina de los estragos que hacen el&nbsp;<em>lawfare<\/em>, las&nbsp;<em>fake news<\/em>, los blindajes medi\u00e1ticos y las \u201cpos-verdades\u201d del sicariato medi\u00e1tico deber\u00edamos decir, como lo hac\u00eda la propaganda menemista para la campa\u00f1a electoral de 1995, que \u201cMenem lo hizo\u201d. Ciertamente, fue el difunto ex presidente el perverso aprendiz de brujo que conjur\u00f3 unos monstruos que luego ni \u00e9l ni sus sucesores demostraron estar en condiciones de poder controlar. Pero que es imperativo e impostergable que sean sometidos a un control democr\u00e1tico.<\/p>\n\n\n\n<p>Lo anterior es apenas un recordatorio sucinto e incompleto del inmenso da\u00f1o que el decenio menemista le hizo a la Argentina y a su pueblo. Como dec\u00edamos m\u00e1s arriba, sus legados nos atormentan todav\u00eda hoy y deber\u00e1 librarse una muy larga lucha para deshacernos de ellos. Lucha que, hay que subrayarlo, s\u00f3lo ser\u00e1 victoriosa si reposa sobre una impetuosa movilizaci\u00f3n, organizaci\u00f3n y concientizaci\u00f3n de las clases y capas populares. La turbia herencia del menemismo, potenciada por el gobierno de Macri, no podr\u00e1 ser disipada por el rodaje rutinario de las instituciones de la rep\u00fablica, mal preparadas para enfrentar situaciones cr\u00edticas. Conviene aqu\u00ed recordar unas palabras del socialista ut\u00f3pico franc\u00e9s Charles Fourier: \u201cno es con la moderaci\u00f3n como se hacen grandes cosas.\u201d En la Argentina actual es necesario hacer grandes cosas en el terreno de la justicia y los medios. La moderaci\u00f3n que cultiva con esmero y buenas intenciones el gobierno de Alberto Fern\u00e1ndez &nbsp;&nbsp;\u2013con actitudes a veces rayanas en una cierta ingenuidad ante la catadura moral de sus implacables enemigos- es la ruta segura para que aquello que deba cambiarse sea imposible de cambiar.<\/p>\n\n\n\n<p><a href=\"https:\/\/atilioboron.com.ar\/menem-y-su-legado\/#_ednref1\">[1]<\/a>&nbsp;(Buenos Aires: Emec\u00e9 Editores, 1991)<\/p>\n\n\n\n<p><a href=\"https:\/\/atilioboron.com.ar\/menem-y-su-legado\/#_ednref2\">[2]<\/a>&nbsp;\u201cLa pobreza de las naciones. La econom\u00eda pol\u00edtica del neoliberalismo en la Argentina\u201d, ponencia presentado al seminario conjunto organizado por el Saint Antony\u2019s College de Oxford y la University of London sobre el tema \u00abArgentina: la experiencia del ajuste econ\u00f3mico en un contexto democr\u00e1tico\u00bb (Oxford, Marzo de 1992)<\/p>\n","protected":false},"excerpt":{"rendered":"<p>Atilio Boron La muerte de Carlos S. Menem ha sido el disparador para arrojar una nueva mirada sobre su gobierno, su gravosa herencia y tambi\u00e9n, sobre el proyecto neoliberal en sus sucesivas re-encarnaciones. La mirada complaciente del sicariato medi\u00e1tico y de los pol\u00edticos de la derecha es harto elocuente: se fue de este mundo uno [&hellip;]<\/p>\n","protected":false},"author":1,"featured_media":3931,"comment_status":"open","ping_status":"open","sticky":false,"template":"","format":"standard","meta":{"footnotes":""},"categories":[5,3],"tags":[],"_links":{"self":[{"href":"http:\/\/www.movimientocaamanista.com\/index.php?rest_route=\/wp\/v2\/posts\/3930"}],"collection":[{"href":"http:\/\/www.movimientocaamanista.com\/index.php?rest_route=\/wp\/v2\/posts"}],"about":[{"href":"http:\/\/www.movimientocaamanista.com\/index.php?rest_route=\/wp\/v2\/types\/post"}],"author":[{"embeddable":true,"href":"http:\/\/www.movimientocaamanista.com\/index.php?rest_route=\/wp\/v2\/users\/1"}],"replies":[{"embeddable":true,"href":"http:\/\/www.movimientocaamanista.com\/index.php?rest_route=%2Fwp%2Fv2%2Fcomments&post=3930"}],"version-history":[{"count":1,"href":"http:\/\/www.movimientocaamanista.com\/index.php?rest_route=\/wp\/v2\/posts\/3930\/revisions"}],"predecessor-version":[{"id":3932,"href":"http:\/\/www.movimientocaamanista.com\/index.php?rest_route=\/wp\/v2\/posts\/3930\/revisions\/3932"}],"wp:featuredmedia":[{"embeddable":true,"href":"http:\/\/www.movimientocaamanista.com\/index.php?rest_route=\/wp\/v2\/media\/3931"}],"wp:attachment":[{"href":"http:\/\/www.movimientocaamanista.com\/index.php?rest_route=%2Fwp%2Fv2%2Fmedia&parent=3930"}],"wp:term":[{"taxonomy":"category","embeddable":true,"href":"http:\/\/www.movimientocaamanista.com\/index.php?rest_route=%2Fwp%2Fv2%2Fcategories&post=3930"},{"taxonomy":"post_tag","embeddable":true,"href":"http:\/\/www.movimientocaamanista.com\/index.php?rest_route=%2Fwp%2Fv2%2Ftags&post=3930"}],"curies":[{"name":"wp","href":"https:\/\/api.w.org\/{rel}","templated":true}]}}