{"id":3953,"date":"2021-02-28T12:23:34","date_gmt":"2021-02-28T12:23:34","guid":{"rendered":"http:\/\/www.movimientocaamanista.com\/?p=3953"},"modified":"2021-02-28T12:23:36","modified_gmt":"2021-02-28T12:23:36","slug":"venezuela-bolivariana-necesidad-de-combinar-unidad-en-profundidad-y-unidad-en-amplitud","status":"publish","type":"post","link":"http:\/\/www.movimientocaamanista.com\/?p=3953","title":{"rendered":"VENEZUELA BOLIVARIANA: NECESIDAD DE COMBINAR \u201cUNIDAD EN PROFUNDIDAD\u201d Y \u201cUNIDAD EN AMPLITUD\u201d"},"content":{"rendered":"\n<p>Narciso Isa Conde<\/p>\n\n\n\n<p>Venezuela bolivariana ha sido sometida por EE.UU, por el Estado narco-terrorista colombiano  y sus aliados europeos-occidentales y latinoamericanos a una guerra de nueva generaci\u00f3n que probablemente no va a cesar con el cambio de Trump por Biden; esto es,  de los \u201crepublicanos\u201d por los \u201cdem\u00f3cratas\u201d o de los \u201cneo-fascistas\u201d por los \u201cglobalistas\u201d. Eso indica la experiencia vivida durante los gobiernos de Obama.<\/p>\n\n\n\n<p>En esa guerra ha predominado el uso de medios de agresi\u00f3n, degradaci\u00f3n y erosi\u00f3n no propiamente militares, con impactos realmente desgarradores; sin que los medios militares y los nefastos recursos para-militares hayan dejado de incidir contra la existencia de ese pueblo con variada intensidad (guerra econ\u00f3mica, medi\u00e1tica, cibern\u00e9tica, y psicol\u00f3gica, junto infiltraciones, sabotajes, modalidades de terrorismo civil, invasiones y proyectos magnicidas).<\/p>\n\n\n\n<p><strong>\u2022 REAJUSTES IMPERIALISTAS: BIDEN REEMPLAZA A TRUMP.<\/strong><\/p>\n\n\n\n<p>Conocidas las caracter\u00edsticas y m\u00e9todos de la jefatura del Partido Dem\u00f3crata, y evaluadas los fracasos de la administraci\u00f3n Trump en su pol\u00edtica contra Venezuela, Cuba, Bolivia y otros pa\u00edses, ya se est\u00e1n produciendo los reajustes t\u00e1cticos y  estrat\u00e9gicos  en materia subversiva y desestabilizadora.<\/p>\n\n\n\n<p>Es casi seguro que esa guerra no cesar\u00e1, m\u00e1s bien habr\u00e1 de ser remodelada en cuanto a prioridades y \u00e9nfasis, los cuales casi seguro responder\u00e1n a las pautas que astuitamente los \u201ctanques pensantes\u201d del \u201cglobalismo imperialista\u201d denominan como una combinaci\u00f3n del \u201cpoder suave\u201d con el \u201cpoder duro\u201d; cruzados ambos por el \u201cpoder inteligente\u201d, que procura eliminar lo burdo, lo bruto y lo grotesco en la impronta imperial; salvo cuando se trata de los desenlaces y se decide bombardear e invadir militarmente, para lo que no le tiembla el pulso dar la orden, como ha quedado demostrado en m\u00faltiples ocasiones (Rep\u00fablica Dominicana, Cuba, Hait\u00ed, Irak, Afganist\u00e1n, Palestina, Libia\u2026).<\/p>\n\n\n\n<p>Cierto que hay diferencia entre matarte con el abrazo del oso y unos que otros besos, e intentarlo con rostro de odio y echando peste. Pero no tanta disparidad.<\/p>\n\n\n\n<p>La realidad es que si Venezuela en la era Trump necesit\u00f3 de la unidad interna y de la solidaridad consecuente y constante, ahora la va a necesitar mucho mas frente a una pol\u00edtica mucho m\u00e1s h\u00e1bil, flexible y extremadamente p\u00e9rfida; destinada no solo a agredir y desestabilizar, sino adem\u00e1s a cooptar sectores, sobornar y ablandar los componentes ideol\u00f3gicamente m\u00e1s d\u00e9biles del proceso.<\/p>\n\n\n\n<p><strong>\u2022 DOS TIPOS DE UNIDAD.<\/strong><\/p>\n\n\n\n<p>M\u00e1s que antes, la necesidad imperiosa de la unidad requiere priorizar la unidad en profundidad, que equivale a la consolidaci\u00f3n de bloque de fuerzas con mayores coincidencias estrat\u00e9gicas, con m\u00e1s firmeza antiimperialista y m\u00e1s disposici\u00f3n de impulsar el desarrollo de las comunas populares, de erradicar la corrupci\u00f3n que rebrota constantemente en  estructuras burocr\u00e1ticas y tecnocr\u00e1ticas del Estado, de darle potencia al viraje necesario contenido en el legado te\u00f3rico-pol\u00edtico del Comandante Ch\u00e1vez sintetizado en el Programa de la Patria y en un importante documento en el que antes de morir sent\u00f3 las bases del denominado \u201cGolpe de Tim\u00f3n\u201d.<\/p>\n\n\n\n<p>Es la unidad entre las fuerzas pol\u00edticas y sociales decididas a no ceder en la exigencia a EEUU y  la UE de desistir del bloqueo genocida, de los embargos asfixiantes y el criminal cerco internacional impuesto por esa conjura imperialista; y, sobre todo, firmemente comprometidas con la necesidad de profundizar progresivamente el proceso hacia la revoluci\u00f3n, hacia transformaciones estructurales m\u00e1s radicales, en una direcci\u00f3n m\u00e1s definidamente anticapitalista y socialista.<\/p>\n\n\n\n<p>La unidad en profundidad, en tanto eje transversal y garant\u00eda de continuidad ascendente del proceso, no debe obviar un tratamiento especial a la din\u00e1mica interna del PSUV y de su significativa diversidad pol\u00edtico-ideol\u00f3gica; partido que hegemoniza el poder constituido y que en buena medida  buena medida tiende a proceder como Partido-Estado. <br> Esa vertiente de la unidad, sin embargo, no le resta importancia a la  otra vertiente necesaria de la unidad: la unidad en amplitud  o unidad t\u00e1ctica de las fuerzas revolucionarias con fuerzas no necesariamente dispuestas, incluso opuestas, a sepultar todo lo sigue vigente del capitalismo venezolano y sus entronques internacionales, ya heredado del anciano r\u00e9gimen o ya surgido en el curso de esta dif\u00edcil y compleja transici\u00f3n revolucionaria. Pero en disposici\u00f3n de participar en determinadas batallas pol\u00edticas necesarias para avanzar, en una etapa en que el imperialismo que sustenta la estrategia neoliberal veta cualquier reformismo que la afecte.<\/p>\n\n\n\n<p>Combinar acertadamente ambas vertientes de la unidad forma parte del arte pol\u00edtico para hacer revoluci\u00f3n, siempre que se logre que la unidad antiimperialista y anticapitalista obtenga un progresivo predominio; lo que est\u00e1 todav\u00eda est\u00e1 en disputa o indefinido.<\/p>\n\n\n\n<p>La unidad t\u00e1ctica posibilita restar fuerza en cada coyuntura a la contrarrevoluci\u00f3n, ya sea cuando hay que enfrentar exitosamente su \u201cpoder suave\u201d o cuando esta despliega su \u201cpoder duro\u201d.<\/p>\n\n\n\n<p>Ella implica un tratamiento diferenciado dentro la diversidad del proceso bolivariano y de sus variados espacios pol\u00edticos, sociales y culturales, incluido el propio Estado y su gobierno central; mientras cabe la posibilidad que al radicalizarse, podr\u00eda producirse la decantaci\u00f3n de sus partes blandas y la incorporaci\u00f3n de nuevos contingentes del campo popular-revolucionario.<\/p>\n\n\n\n<p>La \u201cunidad en amplitud\u201d o \u201ct\u00e1ctica\u201d posibilita alianzas circunstanciales necesarias, confluencias coyunturales en cada fase del proceso, convenientes para restar o neutralizar fuerzas potencialmente adversas en lo que el proceso transformador crece en calidad.<\/p>\n\n\n\n<p>En la sociedad venezolana a nivel civil y militar, en el PSUV (partido amalgamado con el Estado y el Gobierno), en las comunas populares, en las otras izquierdas pol\u00edticas que forman parte de ese proceso transformador, en los movimientos sociales y pol\u00edtico-sociales bolivarianos (feministas, comunitarios, ambientalistas, obreros, profesionales, juveniles, campesinos, religiosos y de unidad c\u00edvico-miltar\u2026), abundan activistas, militantes y dirigentes que al tiempo de asumir con determinaci\u00f3n la causa antiimperialista,  consideran necesario profundizar las transformaciones, superar progresivamente el predominio de las relaciones capitalistas y acelerar la marcha hacia el socialismo.<\/p>\n\n\n\n<p>En esa manera de pensar y actuar, en ese conjunto de factores activos, est\u00e1 la gran fragua de la unidad en profundidad,  que en el mejor de los casos tendr\u00eda la posibilidad de constituirse y consolidarse como componente esencial del proceso, que no solo impide retroceder, sino que junto al pueblo chavista radicalizado garantice su avance sostenido y una din\u00e1mica capaz de derrotar los planes y estrategias futuras del enemigo.<\/p>\n\n\n\n<p><strong>\u2022 LA IMPORTANCIA DE LA UNIDAD EN PROFUNDIDAD EN LA ERA BIDEN-GLOBALISTAS.<\/strong><\/p>\n\n\n\n<p>La consolidaci\u00f3n de esa unidad es particularmente imperiosa en este nuevo periodo en que EE.UU desplegar\u00e1 diversas estrategias destinadas a fracturar el bloque c\u00edvico-militar bolivariano, captar sus partes blandas (las m\u00e1s pr\u00f3ximas a la l\u00f3gica del capitalismo y a esquemas liberales o socialdem\u00f3cratas), meter en su redil a las derechas moderadas que rehusaron transitar la ruta de la oposici\u00f3n  terrorista y la invasi\u00f3n gringa; sin abandonar la continuidad de la \u201cguerra de cuarta generaci\u00f3n\u201d, incluida una eventual agresi\u00f3n militar directa, sin logran debilitar y dividir previamente la resistencia patri\u00f3tica y la solidaridad internacionalista.<br> Esto exige reparar grietas y superar controversias, por peque\u00f1as que parezcan, entre fuerzas potencialmente afines a esa unidad estrat\u00e9gica de car\u00e1cter revolucionario.<\/p>\n\n\n\n<p>Se trata, al parecer de grietas y choques con culpas compartidas, surgidas de roles diferentes, de culturas pol\u00edticas distintas,  correlaci\u00f3n  de fuerzas dispares, menosprecios en torno a problemas de cantidad, aspiraciones no satisfechas,  doctrinarismos y pr\u00e1cticas hegem\u00f3nicas; evidentes tambi\u00e9n diferencias  m\u00e1s o menos profundas entre partes de las partes sobre los ritmos, profundidades, errores y aciertos del proceso, a todas luces no bien tratadas y agravadas por mutuas descalificaciones ofensivas.<\/p>\n\n\n\n<p>Superar estos problemas tiene bastante importancia para \u201cresistir avanzando\u201d contra una peligrosas estrategias imperialistas, que  no por m\u00e1s inteligente y  m\u00e1s flexible, son menos peligrosas.<\/p>\n\n\n\n<p>Uno de los casos a superar es el de las izquierdas antiimperialistas y anti-capitalistas que no est\u00e1n en el PSUV y su gran polo unitario, incluido el Partido Comunista Venezolano-PCV como factor m\u00e1s destacado, las cuales recientemente formaron un bloque electoral separado de ese conjunto (lo que siendo su derecho, no me pareci\u00f3 acertado); seguida esa actitud de desacuerdos y choques que en alguna medida hacen da\u00f1o y afectan la unidad y solidaridad necesarias.<\/p>\n\n\n\n<p>Esas izquierdas -independientemente de su dimensi\u00f3n, de sus aciertos y desaciertos- son fuerzas del campo popular-revolucionario; son fuerzas comunistas, socialistas, anticapitalistas, que nada tienen que ver con las derechas (extremistas o moderadas), ni con la ultraderecha fascista de Venezuela. Son fuerzas de la revoluci\u00f3n bolivariana, imposible de calificar de \u201cquinta columna\u201d o   instrumento de EEUU sin incurrir en exageraciones que enturbian m\u00e1s la situaci\u00f3n.<\/p>\n\n\n\n<p>Por otra parte, el PSUV puede tener sus propias fallas y sus propias trabas para profundizar el proceso, pero a la vez tiene inmensos m\u00e9ritos recientes y presentes en las batallas libradas, as\u00ed como enorme potencialidades para avanzar, que es preciso reconocer; y eso es lo que hay que a mi entender procede estimular. <\/p>\n\n\n\n<p>El Gobierno que preside Nicol\u00e1s Maduro, por su parte,  tiene el m\u00e9rito inconmensurable de haber defendido la soberan\u00eda conquistada bajo el liderazgo de Ch\u00e1vez con un antiimperialismo a toda prueba, punto de partida imprescindible para crear socialismo, para las transformaciones anticapitalistas, post-neoliberales y post-capitalistas.<\/p>\n\n\n\n<p>De todas maneras, el tema merece un tratamiento de alto nivel y un debate de calidad con aportes en pensamiento, acciones constructivas y propuestas superadoras.<\/p>\n\n\n\n<p>Es muy importante, en mi modesto pensar, la combinaci\u00f3n equilibrada de estas dos grandes vertientes de la unidad, la t\u00e1ctica y la estrat\u00e9gica. Sus tiempos, cualidades e impactos son diferentes, pero ambas son necesarias. Igual la relaci\u00f3n entre ellas y el Estado.<\/p>\n\n\n\n<p>A la UNIDAD EN PROFUNDIDAD, en estrecha relaci\u00f3n con el bravo pueblo chavista, le toca el rol de vanguardia, procurando un profundo calado estrat\u00e9gico, con una gravitaci\u00f3n de m\u00e1s largo aliento y m\u00e1s permanente a lo largo del proyecto transformador. Le toca un rol, que sin dejar de influir sobre el Estado, requiere preservar su independencia pol\u00edtica para contribuir a un rumbo transformador y ascendente del proceso.<\/p>\n\n\n\n<p>Le compete \u2013adem\u00e1s de garantizar una conducci\u00f3n capaz de vencer a cada paso la agresividad imperialista- impulsar ese rumbo en todo lo relacionado con la socializaci\u00f3n progresiva y oportuna de las relaciones de propiedad, el fortalecimiento del Estado comunitario y las alianzas internacionales estrat\u00e9gicas; sin obviar, claro est\u00e1, la necesaria transformaci\u00f3n de un sistema pol\u00edtico-electoral  y una cultura pol\u00edtica todav\u00eda influidos por la concepci\u00f3n liberal-representativa, que tiende a reproducir las viejas competencias, las degradaciones \u00e9tico-morales, las ambiciones y pr\u00e1cticas clientelistas, que siempre afectan la unidad y niegan la democracia directa.<\/p>\n\n\n\n<p>El gran capital privado, asociado a la burgues\u00eda transnacional y los d\u00e9ficits  en el despliegue  y ejercicio del poder popular en construcci\u00f3n, junto a sus conexiones con la corrupci\u00f3n burocr\u00e1tica, son los fundamentos en que se apoyan las derechas de todos los matices y los movimientos corporativos contra-revolucionarios para reproducirse en forma recurrente. <\/p>\n\n\n\n<p>El avance de la socializaci\u00f3n de la econom\u00eda, de la propiedad y el poder, es directamente proporcional a reducir la base social a las derechas y a erosionar el poder de la contrarrevoluci\u00f3n imperialista y olig\u00e1rquico-capitalista en escenario pol\u00edtico venezolano. <\/p>\n\n\n\n<p>Un pacto con esas caracter\u00edsticas entre los potenciales componentes de la \u201cunidad estrat\u00e9gica\u201d en esa direcci\u00f3n e inspirado en el \u201cGolpe de Tim\u00f3n\u201d y el \u201cPrograma de la Patria\u201d, ser\u00eda muy importante y sumamente trascendente para la continuidad victoriosa del proceso hacia la revoluci\u00f3n socialista venezolana, que a su vez es vital para la revoluci\u00f3n continental.<\/p>\n","protected":false},"excerpt":{"rendered":"<p>Narciso Isa Conde Venezuela bolivariana ha sido sometida por EE.UU, por el Estado narco-terrorista colombiano y sus aliados europeos-occidentales y latinoamericanos a una guerra de nueva generaci\u00f3n que probablemente no va a cesar con el cambio de Trump por Biden; esto es, de los \u201crepublicanos\u201d por los \u201cdem\u00f3cratas\u201d o de los \u201cneo-fascistas\u201d por los \u201cglobalistas\u201d. [&hellip;]<\/p>\n","protected":false},"author":1,"featured_media":3954,"comment_status":"open","ping_status":"open","sticky":false,"template":"","format":"standard","meta":{"footnotes":""},"categories":[5,16],"tags":[],"_links":{"self":[{"href":"http:\/\/www.movimientocaamanista.com\/index.php?rest_route=\/wp\/v2\/posts\/3953"}],"collection":[{"href":"http:\/\/www.movimientocaamanista.com\/index.php?rest_route=\/wp\/v2\/posts"}],"about":[{"href":"http:\/\/www.movimientocaamanista.com\/index.php?rest_route=\/wp\/v2\/types\/post"}],"author":[{"embeddable":true,"href":"http:\/\/www.movimientocaamanista.com\/index.php?rest_route=\/wp\/v2\/users\/1"}],"replies":[{"embeddable":true,"href":"http:\/\/www.movimientocaamanista.com\/index.php?rest_route=%2Fwp%2Fv2%2Fcomments&post=3953"}],"version-history":[{"count":1,"href":"http:\/\/www.movimientocaamanista.com\/index.php?rest_route=\/wp\/v2\/posts\/3953\/revisions"}],"predecessor-version":[{"id":3955,"href":"http:\/\/www.movimientocaamanista.com\/index.php?rest_route=\/wp\/v2\/posts\/3953\/revisions\/3955"}],"wp:featuredmedia":[{"embeddable":true,"href":"http:\/\/www.movimientocaamanista.com\/index.php?rest_route=\/wp\/v2\/media\/3954"}],"wp:attachment":[{"href":"http:\/\/www.movimientocaamanista.com\/index.php?rest_route=%2Fwp%2Fv2%2Fmedia&parent=3953"}],"wp:term":[{"taxonomy":"category","embeddable":true,"href":"http:\/\/www.movimientocaamanista.com\/index.php?rest_route=%2Fwp%2Fv2%2Fcategories&post=3953"},{"taxonomy":"post_tag","embeddable":true,"href":"http:\/\/www.movimientocaamanista.com\/index.php?rest_route=%2Fwp%2Fv2%2Ftags&post=3953"}],"curies":[{"name":"wp","href":"https:\/\/api.w.org\/{rel}","templated":true}]}}