{"id":3961,"date":"2021-02-28T13:08:50","date_gmt":"2021-02-28T13:08:50","guid":{"rendered":"http:\/\/www.movimientocaamanista.com\/?p=3961"},"modified":"2021-02-28T13:08:51","modified_gmt":"2021-02-28T13:08:51","slug":"colombia-petro-uribe-y-el-marrano-contra-santrich","status":"publish","type":"post","link":"http:\/\/www.movimientocaamanista.com\/?p=3961","title":{"rendered":"COLOMBIA: PETRO, URIBE Y EL MARRANO CONTRA SANTRICH"},"content":{"rendered":"\n<p>Narciso Isa Conde<\/p>\n\n\n\n<p>Jes\u00fas Santrich -el talentoso y valiente comandante \u201cno vidente\u201d de las FARC-EP y uno de los art\u00edfices de la reciente propuesta de paz traicionada por Juan Manuel Santos, \u00c1lvaro Uribe V\u00e9lez, Iv\u00e1n Duque, el generalato corrupto y la oligarqu\u00eda criminal de Colombia (con la torpe  ayuda de unos cuantos dirigente claudicantes de esa organizaci\u00f3n pol\u00edtico-militar)- es un jodedor con mucha gracia y un guerrillero radical. Pero jam\u00e1s un asesino, mucho menos un genocida.<\/p>\n\n\n\n<p>Lo digo as\u00ed porque  hay quienes \u2013 incluido entre ellos el ex Alcalde de Bogot\u00e1 y ex-candidato presidencial de fuerzas pol\u00b4ticas que se definen como progresistas, Gustavo Petro- se han atrevido a comparar a Santrich con los traidores de la paz, que a su vez cargan sobre sus espaldas un mont\u00f3n de falsos positivos (6,402 en total \u00a1!!!), masacres, fosas comunes, moto-sierras, torturas y complicidades con el paramilitarismo y las tenebrosas DAS, C\u00cdA y MOSAAD.<\/p>\n\n\n\n<p>La m\u00e1s recientes traici\u00f3n a la paz firmada en la Habana- precedida de otros intentos obstruidos y\/o anulados por el Estado narco-terroristas colombiano- ha desatado nuevos genocidios, con centenares de asesinatos selectivos y masacres incluidas; todo esto a cargo del Gobierno de Iv\u00e1n Duque, amalgamado, como buen pupilo de Uribe, con el narco-paramilitarismo.<\/p>\n\n\n\n<p>Que las  burdas jaur\u00edas neo-fascistas de Uribe y Duque, o las m\u00e1s perfumadas al servicio de Manuel Santos -llenas de miedo por las cuentas pendientes- calumnien a Santrich, no deber\u00eda sorprender a nadie. <br> Su esencia es el delito, el crimen y la mentira. <\/p>\n\n\n\n<p>Los asesinatos f\u00edsicos y morales son puntos permanentes de sus agendas ensangrentadas. <\/p>\n\n\n\n<p>\u00bfA cu\u00e1ntos no han matado despu\u00e9s de calumniarlos?<\/p>\n\n\n\n<p>Al comandante Sim\u00f3n Trinidad, cuya moral y valent\u00eda son inmensas, lo tiraron en una c\u00e1rcel-tumba del imperio luego de acusarlo de narco-traficante y extraditarlo. <\/p>\n\n\n\n<p>A Santrich quisieron hacerle lo mismo despu\u00e9s de firmar la paz y a Iv\u00e1n M\u00e1rquez y otros comandantes tuvieron a punto de exterminarlos en la mism\u00edsima zona de paz. Pero ambos fueron m\u00e1s inteligentes que sus brutales enemigos.<\/p>\n\n\n\n<p><strong>\u2022 \u00bfPOR QU\u00c9 ENTONCES PETRO SE SUMA A LOS CALUMNIADORES?<\/strong><\/p>\n\n\n\n<p>Ahora bien, lo que hizo Petro, a sabiendas de que se trata de una vil comparaci\u00f3n, tiene otra lectura que es necesario hacer un esfuerzo por transparentar.<\/p>\n\n\n\n<p>El \u201cbarullo\u201d vino al caso por la jodedera de Santrich con el presidente Duque envuelto en una matanza parecida a la ejecutada contra la Uni\u00f3n Patri\u00f3tica, que sum\u00f3 m\u00e1s de 5,000 asesinatos; receta que tambi\u00e9n, aunque en menor medida, le aplicaron al M-19, movimiento guerrillero al que perteneci\u00f3 Gustavo Petro.<\/p>\n\n\n\n<p>\u201cMamando gallo\u201d -como le dicen en Colombia a burlarse del otro- Santrich le record\u00f3 al Presidente genocida que \u201ca cada marrano le llega su s\u00e1bado\u201d, procurando que \u00e9ste entendiera que la gracia de poder no es eterna; no m\u00e1s, porque nadie que quiera matar alevosamente al otro, comete la tonter\u00eda de anunci\u00e1rselo.<\/p>\n\n\n\n<p>Pero el mayor \u201cpecado\u201d de Santrich en esa \u201cmamadera de gallo\u201d fue usar la frase \u201cmemento mori\u201d, alusi\u00f3n latina que se emplea en arte y literatura  para advertirle a los prepotentes y abusadores con poder sobre la temporalidad de la vida y de los cargos; pecado mayor porque en esas jaur\u00edas abundan los ignorantes.<\/p>\n\n\n\n<p>Marrano, por dem\u00e1s, es lo m\u00e1s bonito que se pueda decir, a un presidente como Iv\u00e1n Duque.<\/p>\n\n\n\n<p>Petro, que ni es bruto ni es de esas jaur\u00edas, sin embargo opt\u00f3 por hacerle el juego a esas perversas acusaciones contra Santrich y decidi\u00f3 twittear de esta manera:<\/p>\n\n\n\n<p>\u201cAh\u00ed tiene los extremos: en la extrema izquierda est\u00e1 Santrich y  en la extrema derecha: Uribe, y se juntan, se necesitan, son tal para la cual, sin el uno no puede existir el otro.\u201d<\/p>\n\n\n\n<p>\u201c\u00bfSe les puede desextremizar? S\u00ed, si el pueblo se decide por la democracia y la justicia\u201d<\/p>\n\n\n\n<p>\u00a1Qu\u00e9 lindo cabr\u00f3n! <\/p>\n\n\n\n<p>Porque la verdad es que para igualar con el  Paraco Uribe a un intelectual revolucionario del calibre, la sensibilidad y  la trayectoria de Jes\u00fas Santrich, hay que -adem\u00e1s de cabr\u00f3n- sumarse al club de los pol\u00edticos calumniadores; obviando, adem\u00e1s, que a la gente m\u00e1s firme del M-19, a sus comandantes m\u00e1s consecuentes, los asesinaron por ser de \u201cextrema Izquierda\u201d,  por no renegar de la lucha antiimperialista y anti-capitalista, por no quedarse supuestamente \u201cmancos\u201d (ni de izquierda ni de derecha), y por rehusar la ruta de \u201chacerse potable a los gringos\u201d, como lo ha hecho -y lo sigue haciendo- Gustavo Petro.<\/p>\n\n\n\n<p>Es posible que el c\u00e1lculo de Petro sobre las ventajas de meterse con esa fea canci\u00f3n donde no lo invitaron, est\u00e9 relacionado con lo grato que puede resultarle a Biden y comparsa leer o escuchar esas palabras de un pol\u00edtico, potencial candidato presidencial nuevamente, con bastantes posibilidades de \u00e9xito.<\/p>\n\n\n\n<p>Igual es curioso que excluyera a Santos de la \u201cextrema derecha\u201d, oligarca de tomo y lomo e ide\u00f3logo de los \u201cfalsos positivos\u201d.<\/p>\n\n\n\n<p>\u00bfC\u00f3mo se sentir\u00e1n -despu\u00e9s de ese twist ofensivo, mentiroso y peligroso- las personas y organizaciones amantes de la verdad  que participaron de la opci\u00f3n electoral encabezada por Petro?<\/p>\n\n\n\n<p>Ya lo dec\u00eda Ernesto Guevara, otro \u201cextremista de izquierda\u201d (\u00bfacaso equiparable a Uribe y a Duque como Santrich?, que no hab\u00eda nada m\u00e1s \u201cambiguo\u201d que el \u201cprogresismo\u201d; esto, sin que entonces el Che pudiera presenciar y valorar la experiencia de este periodo de la historia en la cual los peores \u201cprogresistas\u201d  generalmente  proceden de los renegados de las izquierdas que asumen la conciliaci\u00f3n con un sistema que hay que abolir. \u00bfO no es as\u00ed, Gustavo?<\/p>\n","protected":false},"excerpt":{"rendered":"<p>Narciso Isa Conde Jes\u00fas Santrich -el talentoso y valiente comandante \u201cno vidente\u201d de las FARC-EP y uno de los art\u00edfices de la reciente propuesta de paz traicionada por Juan Manuel Santos, \u00c1lvaro Uribe V\u00e9lez, Iv\u00e1n Duque, el generalato corrupto y la oligarqu\u00eda criminal de Colombia (con la torpe ayuda de unos cuantos dirigente claudicantes de [&hellip;]<\/p>\n","protected":false},"author":1,"featured_media":3962,"comment_status":"open","ping_status":"open","sticky":false,"template":"","format":"standard","meta":{"footnotes":""},"categories":[5,16],"tags":[],"_links":{"self":[{"href":"http:\/\/www.movimientocaamanista.com\/index.php?rest_route=\/wp\/v2\/posts\/3961"}],"collection":[{"href":"http:\/\/www.movimientocaamanista.com\/index.php?rest_route=\/wp\/v2\/posts"}],"about":[{"href":"http:\/\/www.movimientocaamanista.com\/index.php?rest_route=\/wp\/v2\/types\/post"}],"author":[{"embeddable":true,"href":"http:\/\/www.movimientocaamanista.com\/index.php?rest_route=\/wp\/v2\/users\/1"}],"replies":[{"embeddable":true,"href":"http:\/\/www.movimientocaamanista.com\/index.php?rest_route=%2Fwp%2Fv2%2Fcomments&post=3961"}],"version-history":[{"count":1,"href":"http:\/\/www.movimientocaamanista.com\/index.php?rest_route=\/wp\/v2\/posts\/3961\/revisions"}],"predecessor-version":[{"id":3963,"href":"http:\/\/www.movimientocaamanista.com\/index.php?rest_route=\/wp\/v2\/posts\/3961\/revisions\/3963"}],"wp:featuredmedia":[{"embeddable":true,"href":"http:\/\/www.movimientocaamanista.com\/index.php?rest_route=\/wp\/v2\/media\/3962"}],"wp:attachment":[{"href":"http:\/\/www.movimientocaamanista.com\/index.php?rest_route=%2Fwp%2Fv2%2Fmedia&parent=3961"}],"wp:term":[{"taxonomy":"category","embeddable":true,"href":"http:\/\/www.movimientocaamanista.com\/index.php?rest_route=%2Fwp%2Fv2%2Fcategories&post=3961"},{"taxonomy":"post_tag","embeddable":true,"href":"http:\/\/www.movimientocaamanista.com\/index.php?rest_route=%2Fwp%2Fv2%2Ftags&post=3961"}],"curies":[{"name":"wp","href":"https:\/\/api.w.org\/{rel}","templated":true}]}}