{"id":3998,"date":"2021-03-03T02:01:02","date_gmt":"2021-03-03T02:01:02","guid":{"rendered":"http:\/\/www.movimientocaamanista.com\/?p=3998"},"modified":"2021-03-03T02:01:04","modified_gmt":"2021-03-03T02:01:04","slug":"vargas-llosa-elogio-del-narcogobierno","status":"publish","type":"post","link":"http:\/\/www.movimientocaamanista.com\/?p=3998","title":{"rendered":"Vargas Llosa: elogio del narcogobierno"},"content":{"rendered":"\n<p><a href=\"https:\/\/atilioboron.com.ar\/vargas-llosa-elogio-del-narcogobierno\/\">Atilio Boron<\/a><\/p>\n\n\n\n<p>Decepcionado con el \u201cmodelo chileno\u201d del cual fue un obstinado propagandista durante m\u00e1s de treinta a\u00f1os el novelista hispano-peruano acaba de publicar el pasado domingo un art\u00edculo que completa el proceso de descomposici\u00f3n moral de su pensamiento pol\u00edtico. Hu\u00e9rfano de referentes ejemplares a los cuales se\u00f1alar en la regi\u00f3n, en su desgraciada intervenci\u00f3n no se le ocurre nada mejor que exaltar a los narcogobernantes colombianos \u00c1lvaro Uribe e Iv\u00e1n Duque como ejemplos que los dem\u00e1s pa\u00edses de Latinoam\u00e9rica deber\u00edan emular.<\/p>\n\n\n\n<p>Las afirmaciones que desgrana en ese art\u00edculo son una mescolanza de mentiras y disparates que exceden a las que ya nos tiene acostumbrados. Es m\u00e1s, un fiscal celoso podr\u00eda llegar a considerarlas como apolog\u00eda del delito, dado que el narcotr\u00e1fico est\u00e1 as\u00ed tipificado en casi todos los pa\u00edses. Se nota que los a\u00f1os no pasan en vano y las tendencias al desvar\u00edo del escritor se tornan incontrolables, especialmente cuando voltea su mirada sobre Venezuela y sus adyacencias. Digo esto porque lo que origina su nota del domingo fue la promesa de Iv\u00e1n Duque de regularizar la situaci\u00f3n de los inmigrantes venezolanos radicados en Colombia.<\/p>\n\n\n\n<p>Esta iniciativa merece ser aplaudida, y ojal\u00e1 que se convierta en realidad. Pese a una incertidumbre que llama a la cautela, el s\u00f3lo anuncio de Duque desat\u00f3 la desbocada respuesta del peruano que escribi\u00f3 nada menos que \u201cning\u00fan otro (pa\u00eds) ha sido m\u00e1s libre, civil y democr\u00e1tico en ese mismo per\u00edodo\u201d que Colombia. Se refiere a la etapa inaugurada con el Bogotazo, en 1948, y que llega hasta la actualidad. Con la furia y la ceguera propia de los conversos asegura que mientras las guerrillas mataban, secuestraban y perpetraban toda clase de atentados terroristas \u201cla Colombia \u2018civilizada\u2019 (\u00e9nfasis en el original) ten\u00eda una vida pol\u00edtica democr\u00e1tica, con libertad de prensa y elecciones limpias, salvo el peque\u00f1o per\u00edodo de la dictadura militar de Rojas Pinilla, entre 1953 y 1957.\u201d La consecuencia de un clima pol\u00edtico y social tan favorable, acota Vargas Llosa, no fue otra que facilitar las actividades del empresariado colombiano, que \u201cha hecho progresar al pa\u00eds a unos niveles que envidia el resto de Am\u00e9rica Latina.\u201d Al otorg\u00e1rsele al casi mill\u00f3n de migrantes venezolanos sus documentos de identidad podr\u00e1n \u201cacceder a puestos de trabajo, as\u00ed como a la seguridad social y a la educaci\u00f3n en las instituciones colombianas.\u201d Esto ser\u00e1 posible debido a que supuestamente la poblaci\u00f3n local no da abasto para satisfacer la demanda de mano de obra que existe en Colombia y que los que no consiguen trabajo saben que su bienestar est\u00e1 asegurado por la amplia cobertura de la seguridad social existente en el pa\u00eds y la extensi\u00f3n de su sistema de educaci\u00f3n gratuita en todos los niveles. Sin embargo, los datos de la realidad no avalan las demenciales ocurrencias del autor de La Casa Verde. En efecto, seg\u00fan datos oficiales la tasa de desempleo nacional entre septiembre y noviembre de 2020 fue de 14,6 por ciento, aumentando 4,8 puntos porcentuales respecto del mismo trimestre del a\u00f1o 2019. Dif\u00edcil que bajo estas condiciones los migrantes venezolanos encuentren el para\u00edso laboral que les promete Vargas Llosa. Por otra parte, la seguridad social es una planta ex\u00f3tica en Colombia que s\u00f3lo una minor\u00eda puede disfrutar, y la educaci\u00f3n p\u00fablica, sobre todo la universitaria, est\u00e1 fuera del alcance de las grandes mayor\u00edas nacionales. De hecho, la mayor\u00eda del alumnado universitario est\u00e1 matriculado en instituciones privadas y las universidades p\u00fablicas no son gratuitas, aunque los aranceles var\u00edan seg\u00fan los casos y la condici\u00f3n social del alumno.<\/p>\n\n\n\n<p>Al elogiar la actitud de Duque hacia los migrantes el novelista destila su ponzo\u00f1a en contra de quien por largos a\u00f1os fuera su \u00eddolo, Sebasti\u00e1n Pi\u00f1era, y resalta la diferencia entre la actitud del presidente colombiano y \u201cla del Gobierno de Chile que acaba de expulsar a muchos venezolanos.\u201d Nadie puede asegurar que la promesa de Duque de regularizar la situaci\u00f3n de los migrantes venezolanos ser\u00e1 concretada. Pero Vargas Llosa tiene una memoria selectiva y soslaya mencionar un ejemplo notable que no puede ignorar: la legalizaci\u00f3n de la situaci\u00f3n de unos cuatro millones de residentes invisibilizados en Venezuela, buena parte de los cuales eran colombianos. Esas personas carec\u00edan de documentos de identidad, viv\u00edan en los cerros en calles sin nombres y ranchitos sin n\u00famero y que gracias a Hugo Ch\u00e1vez se convirtieron en ciudadanas y ciudadanos de Venezuela. Ese masivo proceso se llam\u00f3 la \u201ccedulaci\u00f3n\u201d, y luego fue completado con un gigantesco programa de construcci\u00f3n de viviendas populares, la extensi\u00f3n de los servicios de salud por todo el pa\u00eds (Programa Barrio Adentro) y un enorme impulso a la educaci\u00f3n. Ninguna de estas tres cosas figura en la agenda de Iv\u00e1n Duque. Mentiroso impenitente, Vargas Llosa oculta lo que conoce porque el objetivo de sus notas de opini\u00f3n no es esclarecer e informar al p\u00fablico sino mentir, difamar a las personas y procesos que repudia y apoyar a sus \u201camiguetes\u201d conservadores en la regi\u00f3n o fuera de ella. O, para usar el lenguaje que \u00e9l tambi\u00e9n usa, aupar a sus \u201chijos putativos\u201d en Latinoam\u00e9rica, que son m\u00e1s de los que quisi\u00e9ramos. S\u00f3lo que ahora est\u00e1n en decadencia. Por eso exhorta a los gobernantes del Grupo de Lima para que imiten a Duque, que hagan lo que \u00e9ste dice que quiere hacer: \u201clegalizar la presencia de las decenas de miles (o millones) de venezolanos que han llegado a sus playas \u2026 esos exiliados podr\u00edan encontrar trabajo legal, acudir a la sanidad y sus hijos acceder a la escuela p\u00fablica, que ahora les est\u00e1 vedada.\u201d<\/p>\n\n\n\n<p>\u00bfPodr\u00edan, de verdad? Basta una mirada superficial a los indicadores sociales de Colombia para comprobar que tal cosa es pr\u00e1cticamente imposible porque los ya mencionados \u00edndices de desempleo en Colombia, sumado a la desocupaci\u00f3n encubierta, y la hist\u00f3rica desatenci\u00f3n de la salud y la educaci\u00f3n p\u00fablicas frustrar\u00e1n sin duda las rosadas aspiraciones del novelista. Una rotunda desmentida de las pr\u00e9dicas de Vargas Llosa lo brinda un reciente informe oficial de las Naciones Unidas, con base en cifras oficiales del gobierno colombiano en donde se asegura que hay en el pa\u00eds unas ocho millones de personas desplazadas de sus lugares habituales de residencia a causa de la violencia del paramilitarismo, el narcotr\u00e1fico, la apropiaci\u00f3n de tierras y el conflicto armado. Colombia es el pa\u00eds con el mayor n\u00famero de desplazados del mundo; 7.816.500 personas al final del 2018, seguramente a causa de la prosperidad y democracia que tanto ha alabado el novelista. \u00bfPodr\u00e1 garantizar para los migrantes venezolanos lo que ha demostrado ser incapaz de hacer con su propia ciudadan\u00eda?<\/p>\n\n\n\n<p>El homenaje que \u00e9ste le rinde a la \u201cColombia civilizada\u201d s\u00f3lo puede caracterizarse como una alucinaci\u00f3n, un delirio que arroja un manto de ocultamiento sobre la brutal violaci\u00f3n de los derechos humanos en ese pa\u00eds. Un informe reciente de la Defensor\u00eda del Pueblo, un \u00f3rgano del estado colombiano, se\u00f1ala que \u201c753 l\u00edderes sociales fueron asesinados entre 2016 y 2020\u201d (573 durante la gesti\u00f3n presidencial de Duque) y que aparte \u201cexisten otras 4.281 v\u00edctimas de otras formas de violencia en Colombia.\u201d \u00bf\u00c9ste es el gobierno que Vargas Llosa propone nada menos que como \u201cmodelo a imitar\u201d en Latinoam\u00e9rica y el Caribe? \u00bfEst\u00e1 el novelista en su sano juicio? \u00bfSe puede llamar \u201cdemocracia\u201d o proponer como un ideal a emular un r\u00e9gimen de represi\u00f3n y violencia como el colombiano, que ha sembrado de fosas comunes todo el territorio y que perpetr\u00f3, bajo Uribe, el crimen de los \u201cfalsos positivos\u201d: humildes campesinos analfabetos y desempleados que eran reclutados por el Ej\u00e9rcito, disfrazados luego como insurgentes de la FARC o el ELN y aniquilados a mansalva para ser presentados ante la prensa como prueba de la eficacia de la lucha antiguerrillera en Colombia, mientras sus familiares los buscaban con desesperaci\u00f3n. \u00bfEs ese el modelo a imitar?<\/p>\n\n\n\n<p>Una misi\u00f3n del Alto Comisionado de las Naciones Unidas para los Derechos Humanos, el ACNUDH, comprob\u00f3 que \u201cla defensa de los derechos humanos en Colombia contin\u00faa siendo una actividad de alto riesgo. En 2020, se conoci\u00f3 de 133 casos de homicidios de personas defensoras de derechos humanos.\u201d \u00bfPuede un intelectual p\u00fablico como \u00e9l, tan atento a las vicisitudes que atribulan a Latinoam\u00e9rica ignorar algo que cualquier medio de comunicaci\u00f3n ha venido informando regularmente?<\/p>\n\n\n\n<p>Suficiente con el tema de la violencia y la represi\u00f3n. Examinemos por \u00faltimo los v\u00ednculos con el narcotr\u00e1fico del tan admirado \u00c1lvaro Uribe, supuesta v\u00edctima de la campa\u00f1a de desprestigio de la omnipotente izquierda latinoamericana. Un documento del Departamento de Defensa de Estados Unidos, inicialmente elaborado en Septiembre de 1991, desclasificado en el 2004 y filtrado a la prensa poco despu\u00e9s m\u00e1s ten\u00eda por objeto lo que exhibimos a continuaci\u00f3n:<\/p>\n\n\n\n<figure class=\"wp-block-image\"><img decoding=\"async\" src=\"https:\/\/atilioboron.com.ar\/wp-content\/uploads\/2021\/02\/WhatsApp-Image-2021-02-25-at-11.08.09-300x62.jpeg\" alt=\"\" class=\"wp-image-12847\"\/><\/figure>\n\n\n\n<p>Traducci\u00f3n: \u201cEste informe suministra informaci\u00f3n sobre los narcotraficantes colombianos m\u00e1s importantes contratados por los c\u00e1rteles para su seguridad, transporte, distribuci\u00f3n, colecci\u00f3n y ejecuci\u00f3n de operaciones de narc\u00f3ticos en Estados Unidos y Colombia. Estos individuos son tambi\u00e9n contratados como \u201csicarios\u201d por los l\u00edderes de los c\u00e1rteles para perpetrar asesinatos.\u201d<\/p>\n\n\n\n<p>En el n\u00famero 82 de esa lista, al final de la p\u00e1gina 10, figura \u00c1lvaro Uribe V\u00e9lez, que los redactores lo caracterizan de esta manera: \u201cPol\u00edtico colombiano y senador, dedicado a la colaboraci\u00f3n con el c\u00e1rtel de Medell\u00edn a los m\u00e1s altos niveles gubernamentales. Uribe est\u00e1 involucrado en negocios del narcotr\u00e1fico en Estados Unidos. Su padre fue asesinado en Colombia por su conexi\u00f3n con los narcotraficantes. Uribe ha trabajado para el c\u00e1rtel de Medell\u00edn y es un estrecho amigo personal de Pablo Escobar Gaviria. Particip\u00f3 en la campa\u00f1a pol\u00edtica de Escobar para acceder a una posici\u00f3n de parlamentario suplente de Jorge Ortega. Uribe ha sido uno de los pol\u00edticos que desde el Senado ha atacado todas las formas de un Tratado de Extradici\u00f3n\u201d. (p. 10 y 11)<\/p>\n\n\n\n<p>Obviamente que a partir del descubrimiento de estos v\u00ednculos de Uribe con el narcotr\u00e1fico el gobierno de Estados Unidos observ\u00f3 con atenci\u00f3n la progresi\u00f3n de su carrera pol\u00edtica y en el momento oportuno alg\u00fan funcionario de la CIA estacionado en Bogot\u00e1 se aperson\u00f3 a \u00e9l y le dijo algo que imaginamos habr\u00e1 sido m\u00e1s o menos as\u00ed: \u201c\u00a1Hellow, \u00c1lvaro. Bienvenido a la compa\u00f1\u00eda. Ahora trabajas para nosotros! Puedes negarte si quieres, pero en tal caso terminar\u00e1s pudri\u00e9ndote en una c\u00e1rcel de m\u00e1xima seguridad por el resto de tu vida.\u201d La lambisconer\u00eda de Uribe para con la Casa Blanca, y la de sus sucesores, todos c\u00f3mplices del narco colombiano, hay que entenderla a partir de esta realidad. No s\u00f3lo porque son oligarcas y reaccionarios. Es gente que carga con un tremendo prontuario sobre sus hombros y deben obedecer sin chistar lo que ordena el gobierno de Estados Unidos. Si \u00e9ste les dice que ataquen a Ch\u00e1vez o a Maduro lo hacen; si les pide que organicen un concierto\/invasi\u00f3n a Venezuela desde C\u00facuta lo hacen; si les ordenan que sus tropas penetren en territorio ecuatoriano en Sucumb\u00edos y arrasen con un campamento guerrillero lo hacen; si les piden destruyan a la UNASUR acatan la orden sin chistar. No tienen opci\u00f3n, porque saben que est\u00e1n en \u201clibertad condicional\u201d que el amo del Norte puede interrumpir en cualquier momento y encerrarlos en un calabozo por el resto de sus d\u00edas. Narcogobernantes con tales prontuarios son presas f\u00e1ciles de cualquier extorsi\u00f3n que decida la Casa Blanca.<\/p>\n\n\n\n<p>\u00bfS\u00f3lo Uribe? No. En marzo del a\u00f1o pasado la Agencia EFE informaba sobre \u201cla tormenta que empez\u00f3 a formarse sobre el presidente colombiano, Iv\u00e1n Duque, y su mentor, el senador \u00c1lvaro Uribe, por una supuesta compra de votos en 2018 con la ayuda de un presunto testaferro de narcotraficantes\u201d, Jos\u00e9 Guillermo Hern\u00e1ndez, alias el \u201c\u00d1e\u00f1e\u201d. Y el diario en el que Vargas Llosa publica sus brulotes, El Pa\u00eds, informaba en su edici\u00f3n del 11 de marzo del 2020 que \u201cel narcotraficante y testaferro, fue asesinado en mayo de 2019 en Brasil y el propio expresidente y actual senador \u00c1lvaro Uribe manifest\u00f3 en un trino que \u2018causa mucho dolor el asesinato de Jos\u00e9 Guillermo Hern\u00e1ndez, asesinado en un atraco en Brasil donde asist\u00eda a una feria ganadera\u2019. El homicidio sucedi\u00f3 en medio de una vendetta entre narcotraficantes, seg\u00fan las pesquisa. \u2026 Desde hac\u00eda unos meses, igualmente, en redes circulaban m\u00faltiples fotos del presidente Duque, senadores y altos dirigentes del partido Centro Democr\u00e1tico, fundado por Uribe y principal plataforma del actual Gobierno, con el \u00d1e\u00f1e.\u201d<\/p>\n\n\n\n<p>Estos delincuentes son los que Vargas Llosa, en su descomposici\u00f3n moral, propone como modelos para Nuestra Am\u00e9rica. Es el remate l\u00f3gico de su defensa a ultranza del capitalismo y del neoliberalismo; de la protecci\u00f3n de los intereses de sus compinches como el hiper corrupto rey em\u00e9rito Juan Carlos o el mentiroso serial Jos\u00e9 M. Aznar y gran parte de la burgues\u00eda espa\u00f1ola y latinoamericana. Mentir y mentir hasta el fin, confiando en que algo quedar\u00e1 en la conciencia de sus lectores. Se equivoca, y debe ser amargo reconocerlo; desesperante tambi\u00e9n tener que aferrarse en medio del naufragio de sus proyectos pol\u00edticos a dos bandidos como \u00c1lvaro Uribe e Iv\u00e1n Duque. Como apasionado lector de sus novelas, plet\u00f3rica de personajes queribles y admirables, siento l\u00e1stima por aquel joven inconformista de San Marcos y la c\u00e9lula Cahuide del Partido Comunista Peruano que el ultraja irreparable de los a\u00f1os \u2013por cierto no para todos- convirtieron en un b\u00e1rbaro adalid de la derecha, incluyendo a sus m\u00e1s desprestigiados narcogobernantes.<\/p>\n","protected":false},"excerpt":{"rendered":"<p>Atilio Boron Decepcionado con el \u201cmodelo chileno\u201d del cual fue un obstinado propagandista durante m\u00e1s de treinta a\u00f1os el novelista hispano-peruano acaba de publicar el pasado domingo un art\u00edculo que completa el proceso de descomposici\u00f3n moral de su pensamiento pol\u00edtico. Hu\u00e9rfano de referentes ejemplares a los cuales se\u00f1alar en la regi\u00f3n, en su desgraciada intervenci\u00f3n [&hellip;]<\/p>\n","protected":false},"author":1,"featured_media":3999,"comment_status":"open","ping_status":"open","sticky":false,"template":"","format":"standard","meta":{"footnotes":""},"categories":[5,3],"tags":[],"_links":{"self":[{"href":"http:\/\/www.movimientocaamanista.com\/index.php?rest_route=\/wp\/v2\/posts\/3998"}],"collection":[{"href":"http:\/\/www.movimientocaamanista.com\/index.php?rest_route=\/wp\/v2\/posts"}],"about":[{"href":"http:\/\/www.movimientocaamanista.com\/index.php?rest_route=\/wp\/v2\/types\/post"}],"author":[{"embeddable":true,"href":"http:\/\/www.movimientocaamanista.com\/index.php?rest_route=\/wp\/v2\/users\/1"}],"replies":[{"embeddable":true,"href":"http:\/\/www.movimientocaamanista.com\/index.php?rest_route=%2Fwp%2Fv2%2Fcomments&post=3998"}],"version-history":[{"count":1,"href":"http:\/\/www.movimientocaamanista.com\/index.php?rest_route=\/wp\/v2\/posts\/3998\/revisions"}],"predecessor-version":[{"id":4000,"href":"http:\/\/www.movimientocaamanista.com\/index.php?rest_route=\/wp\/v2\/posts\/3998\/revisions\/4000"}],"wp:featuredmedia":[{"embeddable":true,"href":"http:\/\/www.movimientocaamanista.com\/index.php?rest_route=\/wp\/v2\/media\/3999"}],"wp:attachment":[{"href":"http:\/\/www.movimientocaamanista.com\/index.php?rest_route=%2Fwp%2Fv2%2Fmedia&parent=3998"}],"wp:term":[{"taxonomy":"category","embeddable":true,"href":"http:\/\/www.movimientocaamanista.com\/index.php?rest_route=%2Fwp%2Fv2%2Fcategories&post=3998"},{"taxonomy":"post_tag","embeddable":true,"href":"http:\/\/www.movimientocaamanista.com\/index.php?rest_route=%2Fwp%2Fv2%2Ftags&post=3998"}],"curies":[{"name":"wp","href":"https:\/\/api.w.org\/{rel}","templated":true}]}}