{"id":4047,"date":"2021-03-11T11:19:24","date_gmt":"2021-03-11T11:19:24","guid":{"rendered":"http:\/\/www.movimientocaamanista.com\/?p=4047"},"modified":"2021-03-11T11:19:25","modified_gmt":"2021-03-11T11:19:25","slug":"el-imperioso-valor-del-proceso-venezolano","status":"publish","type":"post","link":"http:\/\/www.movimientocaamanista.com\/?p=4047","title":{"rendered":"EL IMPERIOSO VALOR DEL PROCESO VENEZOLANO"},"content":{"rendered":"\n<p>Narciso Isa Conde<\/p>\n\n\n\n<p><em>\u201cPerdurar frente a tantas agresiones y adversidades es una haza\u00f1a. Pero es una haza\u00f1a inconclusa, ahora m\u00e1s amenazada que antes. Es, adem\u00e1s, un proceso de cambios con muchas contradicciones y trabas, pendiente de profundizar m\u00e1s all\u00e1 de la soberan\u00eda conquistada\u2026\u201d<\/em><\/p>\n\n\n\n<p>El proceso hacia la revoluci\u00f3n en Venezuela tiene un enorme valor no solo para ese pueblo hermano, sino para todos los pueblos latino-caribe\u00f1os; para la causa de la libertad, la nueva independencia y el socialismo, en un contexto mundial caracterizado por la agresiva decadencia de Imperialismo Occidental encabezado por EEUU y por el incremento de la voracidad de sus corporaciones, negadoras de los derechos vitales de la humanidad y de la Madre Tierra.<\/p>\n\n\n\n<p>EL intenso combate que se ha librado en la patria de Bol\u00edvar y Ch\u00e1vez exige de entrada un merecido reconocimiento a los valiosos aportes de las fuerzas pol\u00edticas y sociales que han impulsado y defendido ese proceso transformador: MB-200, V REP\u00daBLICA, Partido Socialista Unificado-PSUV y el POLO PATRIOTICO integrado por el PSUV, el Partido Comunista Venezolano-PCV, Partido Patria para Todos-PPT, Movimiento Tupamaro y  toda la izquierda social  y los movimientos pol\u00edticos-sociales bolivarianos y chavista. <\/p>\n\n\n\n<p>Un reconocimiento merecido junto al anhelo de que el significativo aporte de esa unidad perdure contra todos los obst\u00e1culos y contradicciones que se presentan en  ese complejo y dif\u00edcil tr\u00e1nsito hacia la segunda independencia y las transformaciones sociales, aun en momento de altos riegos, a consecuencia del despliegue de las llamadas guerra imperialistas de cuarta y quinta generaci\u00f3n contra ese proceso liberador.<\/p>\n\n\n\n<p>Entiendo que en Nuestra Am\u00e9rica, en tales circunstancias, los comunistas y socialistas-revolucionarios, debemos actuar como  aut\u00e9nticos  y consecuentes chavistas, bolivarianos, rojo-rojitos, en el marco esta trascendente confrontaci\u00f3n con el imperio que encarna la recolonizaci\u00f3n del continente.<\/p>\n\n\n\n<p>Esto es, debemos proceder como militantes internacionalistas de ese proceso, sin renunciar a la identidad propia al interior de una imprescindible UNIDAD EN LA DIVERSIDAD;  siempre d\u00e1ndole continuidad a nuestras relaciones hist\u00f3ricas y de amistad inquebrantable con otras organizaciones similares de las izquierdas venezolanas no claudicantes, y siempre abiertos a la hermandad con las nuevas izquierdas y fuerzas transformadoras de estos nuevos tiempos.<\/p>\n\n\n\n<p>Tal determinaci\u00f3n no nos impide reconocer y tener presente la diversidad compleja y contradictoria de ese proceso, en sus diferentes periodos y momentos; m\u00e1s cuando las circunstancias obligan a combinar \u2013como he dicho en otras oportunidades- la UNIDAD EN PROFUNDIDAD (estrat\u00e9gica) y la UNIDAD EN AMPLITUD (t\u00e1ctica); lo que a su vez nos exige  respaldar iniciativas que permitan defender lo conquistado o superar estancamientos, y  disentir de las inconsistencias y fallas que lo entorpecen; sin, en ninguno caso, contribuir a rupturas y separaciones que puedan afectar la capacidad de defensa del proceso bolivariano-chavista frente a sus persistentes y poderosos enemigos.<\/p>\n\n\n\n<p><strong>\u2022 UNA HAZA\u00d1A INCONCLUSA<\/strong><\/p>\n\n\n\n<p>Perdurar frente a tantas agresiones y adversidades es una haza\u00f1a. Pero es una haza\u00f1a inconclusa, ahora m\u00e1s amenazada que antes. <\/p>\n\n\n\n<p>Es, adem\u00e1s, un proceso de cambios con muchas contradicciones y trabas, pendiente de profundizar m\u00e1s all\u00e1 de la soberan\u00eda conquistada y del antiimperialismo desplegado; pendiente sobre todo, desde nuestra \u00f3ptica comunista -constantemente renovada y esencialmente her\u00e9tica frente a  dogmas y reduccionismos- de radicalizar en direcci\u00f3n a superar una realidad  y una cultura capitalista todav\u00eda dominante, consolidando a la vez la autodeterminaci\u00f3n y el antiimperialismo, que sin dudas han logrado impregnar la conciencia colectiva de una gran parte del pueblo venezolano, de su Gobierno y su Estado; asumida esa actitud en forma muy consecuente por el Presidente Nicol\u00e1s Maduro.<\/p>\n\n\n\n<p>Igual no somos pocos\/as los\/as que, all\u00e1 y ac\u00e1, entendemos que en Venezuela falta mucho por hacer en cuanto a transformaciones anticapitalistas y poder popular, d\u00e9ficit que a mi entender le facilita y concede base social y fuerza electoral a las derechas contra-revolucionarias; e incluso a las derechas opositoras reformistas y  a sectores m\u00e1s moderados del chavismo que no comparten el proyecto socialista. <\/p>\n\n\n\n<p><strong>\u2022 UNA DIN\u00c1MICA CONTRADICTORIA<\/strong><\/p>\n\n\n\n<p>Esto a su vez determina, que aun transitando por un modelo esencialmente post-neoliberal y con un fuerte tono antiimperialista en la pol\u00edtica interna e internacional, se presenten ciertos brotes o reacciones neoliberales, o simplemente pro-capitalistas, presentes en determinada decisiones coyunturales dirigidas a contrarrestar un bloqueo realmente brutal. <\/p>\n\n\n\n<p>La herencia ideol\u00f3gica-cultural de la econom\u00eda rentista petrolera es fuerte, pesa demasiado y sigue frenando, lentificando, no pocos esfuerzos a favor de la diversidad productiva. Como pesa tambi\u00e9n la estatizaci\u00f3n y su carga de corrupci\u00f3n y privilegios burocr\u00e1ticos, en lugar de la socializaci\u00f3n y la primac\u00eda del poder popular;  algo, por dem\u00e1s, criticado enf\u00e1ticamente por el Comandante Ch\u00e1vez antes de su fallecimiento.<\/p>\n\n\n\n<p>Sigue, por tanto, bastante indefinido el aterrizaje en grande del proyecto de nuevo socialismo, pese a los aportes en esa direcci\u00f3n de no pocos lineamientos constitucionales y program\u00e1ticos, y a la trascendencia de la ley de comunas y  el todav\u00eda limitado proceso de construcci\u00f3n de las mismas, afectado por no pocas resistencias estatales.<\/p>\n\n\n\n<p>Quedan por aplicar medidas e ideas  a socializar  que faciliten superar el dise\u00f1o institucional y el ejercicio de la competencias electorales todav\u00eda influidas parcialmente por  la democracia liberal-representativa que estimula el clientelismo y otras deformaciones pol\u00edticas;  tambi\u00e9n en cuanto a las delimitaciones de los roles de los partidos del proceso, los movimientos sociales bolivarianos, el Estado y sus empresas; y respecto a las carencias pol\u00edticas en lo relacionado con la saludable diferenciaci\u00f3n de la pol\u00edtica exterior de los partidos y movimientos en el gobierno respecto a la pol\u00edtica exterior y la diplomacia del Estado.<\/p>\n\n\n\n<p>Esto \u00faltimo ha tenido consecuencias negativas a nivel internacional, al privilegiar en algunos casos las relaciones de Estado y las alianzas con partidos de gobierno de otros pa\u00edses, de esencia derechista y neoliberal, en perjuicio de las izquierdas y los movimientos sociales en lucha. <br> Este d\u00e9ficit en algunos casos motiv\u00f3 tolerancias respecto frente  a indebidas  apropiaciones de los beneficios de PETROCARIBE; beneficios que debieron destinarse al bienestar popular y fueron a parar a manos de gobiernos, pol\u00edticos, funcionarios y empresarios corruptos. <\/p>\n\n\n\n<p>Ese fue el caso en Rep\u00fablica Dominicana durante los gobiernos del PLD presidido Leonel Fern\u00e1ndez y Danilo Medina, quienes encabezaron Administraciones mafiosas y neoliberales,  y lideraron un partido que devino en una corporaci\u00f3n de la corrupci\u00f3n y que incluso termin\u00f3 apoyando a Guaid\u00f3 y plegado a EEUU; como tambi\u00e9n se ha plegado el nuevo gobierno  a cargo del PRM y los mega-capitalistas, presidido actualmente por Luis Abinader.<\/p>\n\n\n\n<p>Subrayo, que esa situaci\u00f3n y otros hechos parecidos relacionados con la solidaridad internacionalista, tensionaron en no pocas ocasiones nuestras relaciones bilaterales sin que jam\u00e1s se nos ocurriera reducir como partido o como persona nuestra militante participaci\u00f3n, defensa y acompa\u00f1amiento al heroico combate bolivariano; mucho menos dejar de ser aliados consecuentes del PSUV, en tanto fuerza preeminente en esa trascendente confrontaci\u00f3n y organizaci\u00f3n venezolana en la que confluye una diversidad pol\u00edtica y social, que incluye valiosos contingentes revolucionarios.<\/p>\n\n\n\n<p>Reconozco que un tr\u00e1nsito revolucionario como el venezolano \u2013cruelmente bombardeado por las nuevas modalidades de la guerra desatada por EE.UU, la Uni\u00f3n Europea, el Estado narco-terrorista colombiano y todas las derechas del mundo- es una misi\u00f3n extremadamente dif\u00edcil y enorme de dimensiones y grandes retos.<\/p>\n\n\n\n<p>Por eso -sin dejar de ejercer  la cr\u00edtica oportuna, constructiva, propositiva, que siempre ayudan a avanzar- hay que defender a muerte lo conquistado y arreciar el combate por el porvenir revolucionario de Venezuela; evitando todo lo que deteriore la alianza y la cooperaci\u00f3n entre las fuerzas decididas a enfrentar las embestidas imperialistas.<\/p>\n\n\n\n<p>No cambia sustancialmente el cuadro para la Venezuela Bolivariana y Chavista el desplazamiento del neofascismo de Trump y de los republicanos \u201ctrumpistas\u201d, y el consiguiente ascenso de Biden, los \u201cdem\u00f3cratas\u201d y los \u201cglobalistas\u201d. <\/p>\n\n\n\n<p>Es conocida tambi\u00e9n la vocaci\u00f3n guerrerista y los entronques  con  el Complejo Militar. Industrial de estos \u00faltimos. Ya Biden comenz\u00f3 a bombardear en el Medio Oriente, independientemente de las habilidades de esa facci\u00f3n para combinar \u201cpoder suave\u201d y \u201cpoder duro\u201d, cruzado por el \u201cpoder inteligente\u201d\u2026 junto a aquello del \u201cabrazo del oso\u201d.<\/p>\n\n\n\n<p>Se impone, entonces, la firmeza junto  al mandato del Libertador resumido en una frase imperativa compuesta por una sola palabra repetida tres veces: \u00a1UNIDAD, UNIDAD, UNIDAD!<\/p>\n","protected":false},"excerpt":{"rendered":"<p>Narciso Isa Conde \u201cPerdurar frente a tantas agresiones y adversidades es una haza\u00f1a. Pero es una haza\u00f1a inconclusa, ahora m\u00e1s amenazada que antes. Es, adem\u00e1s, un proceso de cambios con muchas contradicciones y trabas, pendiente de profundizar m\u00e1s all\u00e1 de la soberan\u00eda conquistada\u2026\u201d El proceso hacia la revoluci\u00f3n en Venezuela tiene un enorme valor no [&hellip;]<\/p>\n","protected":false},"author":1,"featured_media":4048,"comment_status":"open","ping_status":"open","sticky":false,"template":"","format":"standard","meta":{"footnotes":""},"categories":[5,16],"tags":[],"_links":{"self":[{"href":"http:\/\/www.movimientocaamanista.com\/index.php?rest_route=\/wp\/v2\/posts\/4047"}],"collection":[{"href":"http:\/\/www.movimientocaamanista.com\/index.php?rest_route=\/wp\/v2\/posts"}],"about":[{"href":"http:\/\/www.movimientocaamanista.com\/index.php?rest_route=\/wp\/v2\/types\/post"}],"author":[{"embeddable":true,"href":"http:\/\/www.movimientocaamanista.com\/index.php?rest_route=\/wp\/v2\/users\/1"}],"replies":[{"embeddable":true,"href":"http:\/\/www.movimientocaamanista.com\/index.php?rest_route=%2Fwp%2Fv2%2Fcomments&post=4047"}],"version-history":[{"count":1,"href":"http:\/\/www.movimientocaamanista.com\/index.php?rest_route=\/wp\/v2\/posts\/4047\/revisions"}],"predecessor-version":[{"id":4049,"href":"http:\/\/www.movimientocaamanista.com\/index.php?rest_route=\/wp\/v2\/posts\/4047\/revisions\/4049"}],"wp:featuredmedia":[{"embeddable":true,"href":"http:\/\/www.movimientocaamanista.com\/index.php?rest_route=\/wp\/v2\/media\/4048"}],"wp:attachment":[{"href":"http:\/\/www.movimientocaamanista.com\/index.php?rest_route=%2Fwp%2Fv2%2Fmedia&parent=4047"}],"wp:term":[{"taxonomy":"category","embeddable":true,"href":"http:\/\/www.movimientocaamanista.com\/index.php?rest_route=%2Fwp%2Fv2%2Fcategories&post=4047"},{"taxonomy":"post_tag","embeddable":true,"href":"http:\/\/www.movimientocaamanista.com\/index.php?rest_route=%2Fwp%2Fv2%2Ftags&post=4047"}],"curies":[{"name":"wp","href":"https:\/\/api.w.org\/{rel}","templated":true}]}}