{"id":4170,"date":"2021-04-01T00:00:56","date_gmt":"2021-04-01T00:00:56","guid":{"rendered":"http:\/\/www.movimientocaamanista.com\/?p=4170"},"modified":"2021-04-01T00:00:57","modified_gmt":"2021-04-01T00:00:57","slug":"carta-a-jovenel-moise","status":"publish","type":"post","link":"http:\/\/www.movimientocaamanista.com\/?p=4170","title":{"rendered":"Carta a Jovenel Mo\u00efse"},"content":{"rendered":"\n<p>Se\u00f1or <\/p>\n\n\n\n<p><strong>Jovenel Mo\u00efse<\/strong><\/p>\n\n\n\n<p>Presidencia de Hait\u00ed<\/p>\n\n\n\n<p>V\u00eda:&nbsp;&nbsp; Embajada de\nHait\u00ed en Rep\u00fablica Dominicana <\/p>\n\n\n\n<p>Nosostros, organizaciones pol\u00edticas y sociales de Rep\u00fablica Dominicana,\nuni\u00e9ndonos a la jornada del <strong>\u201cD\u00eda\nInternacional de Solidaridad con Hait\u00ed\u201d<\/strong> que conmemora los <strong>34 a\u00f1os de la Constituci\u00f3n del 1987<\/strong>,\nles hacemos llegar el mensaje del pueblo haitiano que hoy contin\u00faa movilizado\nexigi\u00e9ndole:<\/p>\n\n\n\n<p>Que respete el Orden Constitucional y las leyes haitianas y desista en\nmantenerse en el poder como un gobierno de facto porque constitucionalmente su\nperi\u00f3do presidencial concluy\u00f3 el pasado 7 de febrero, tal cual lo afirma el\nPoder Judicial, la sociedad civil y toda la oposici\u00f3n.<\/p>\n\n\n\n<p>Que cese la violencia contra el pueblo y muy especialmente los abusos\ncontra las haitianas.<\/p>\n\n\n\n<p>Que respete la Constituci\u00f3n del 1987, donde destaca el pueblo su\nart\u00edculo 284-3 que plantea: &#8220;queda formalmente prohibida toda consulta\npopular destinada a modificar la constituci\u00f3n mediante refer\u00e9ndum.<\/p>\n\n\n\n<p>Que respete el derecho internacional, la soberan\u00eda, la auto\ndeterminaci\u00f3n de la heroica Rep\u00fablica de Hait\u00ed y cese las confabulaciones con\nLuis Almagro\/OEA y el&nbsp; Core Group que\nnada faborable le dejar\u00e1n al pueblo haitiano.<\/p>\n\n\n\n<p>Solidaridad Dominicana Con Hait\u00ed:<br>\n<br>\n<\/p>\n\n\n\n<p><strong>Asamblea de los\nPueblos del Caribe, Cap\u00edtulo Dominicano<\/strong><\/p>\n\n\n\n<p>Partido Comunista del Trabajo (PCT)<\/p>\n\n\n\n<p>Movimiento Patria Para Todos y Todas<\/p>\n\n\n\n<p>Fuerza de la Revoluci\u00f3n<\/p>\n\n\n\n<p>Frente Amplio<\/p>\n\n\n\n<p>Movimiento Rebelde<\/p>\n\n\n\n<p>Militancia Revolucionaria Socialista<\/p>\n\n\n\n<p>Federaci\u00f3n Nacional de Transporte La Nueva\nOpci\u00f3n, FENATRANO<\/p>\n\n\n\n<p>Bloque Popular Jes\u00fas Ad\u00f3n<\/p>\n\n\n\n<p>Articulaci\u00f3n Nacional Campesina, ANC \/CLOC<\/p>\n\n\n\n<p>Uni\u00f3n de Trabajadores Ca\u00f1eros, UTC<\/p>\n\n\n\n<p>Consejo Nacional de la Unidad Sindical, CNUS<\/p>\n\n\n\n<p>Corriente Magisterial Juan Pablo Duarte<\/p>\n\n\n\n<p>Red Urbano Popular<\/p>\n\n\n\n<p>AGENDA SOLIDARIA<\/p>\n\n\n\n<p>Acci\u00f3n Afro-Dominicana<\/p>\n\n\n\n<p>Mov. de Campesinos Trabajadores Comunidades\nUnidas, MCCU<\/p>\n\n\n\n<p>Instituto de la Empresa Asociativa, IDEAC<\/p>\n\n\n\n<p>Peri\u00f3dico Trinchera<\/p>\n\n\n\n<p>Comisi\u00f3n Nacional de los Derechos Humanos, CNDH<\/p>\n\n\n\n<p>Comit\u00e9 Dominicano de Derechos Humanos, CDDH<\/p>\n\n\n\n<p>Movimiento de Trabajadores Independientes, MTI<\/p>\n\n\n\n<p>Movimiento de Mujeres Trabajadoras, MMT<\/p>\n\n\n\n<p>Frente Universitario de Renovaci\u00f3n (FUR)<\/p>\n\n\n\n<p>Juventud Caribe<\/p>\n\n\n\n<p>Frente Estudiantil Flavio Suero, FEFLAS<\/p>\n\n\n\n<p>Fuerza Juvenil Dominicana (FJD)<\/p>\n\n\n\n<p>Ligas Populares (LP)<\/p>\n\n\n\n<p>Alianza Internacional de Habitantes, AIH, Antena\nRD<\/p>\n\n\n\n<p>Alba Movimientos<\/p>\n\n\n\n<p>Grito de los Excluidos y Excluidas<\/p>\n\n\n\n<p>Fundaci\u00f3n Cultural La Negreta<\/p>\n\n\n\n<p>Movimiento Mocano de Solidaridad con los Pueblos<\/p>\n\n\n\n<p>Fundaci\u00f3n Jes\u00fas en Ti Conf\u00edo<\/p>\n\n\n\n<p>Liga Internacional de la Lucha de los Pueblos\n(ILP), Cap. RD<\/p>\n\n\n\n<p>Comit\u00e9 Dominicano de Amistad y Solidaridad con\nlos Pueblos<\/p>\n\n\n\n<p>Partido Unificado de los Comunistas Dominicanos,\nPUCD<\/p>\n\n\n\n<p>Comit\u00e9 Patri\u00f3tico \u201cFrancisco Alberto Caama\u00f1o\nDe\u00f1\u00f3\u201d<\/p>\n","protected":false},"excerpt":{"rendered":"<p>Se\u00f1or Jovenel Mo\u00efse Presidencia de Hait\u00ed V\u00eda:&nbsp;&nbsp; Embajada de Hait\u00ed en Rep\u00fablica Dominicana Nosostros, organizaciones pol\u00edticas y sociales de Rep\u00fablica Dominicana, uni\u00e9ndonos a la jornada del \u201cD\u00eda Internacional de Solidaridad con Hait\u00ed\u201d que conmemora los 34 a\u00f1os de la Constituci\u00f3n del 1987, les hacemos llegar el mensaje del pueblo haitiano que hoy contin\u00faa movilizado exigi\u00e9ndole: [&hellip;]<\/p>\n","protected":false},"author":1,"featured_media":4171,"comment_status":"open","ping_status":"open","sticky":false,"template":"","format":"standard","meta":{"footnotes":""},"categories":[5,2],"tags":[],"_links":{"self":[{"href":"http:\/\/www.movimientocaamanista.com\/index.php?rest_route=\/wp\/v2\/posts\/4170"}],"collection":[{"href":"http:\/\/www.movimientocaamanista.com\/index.php?rest_route=\/wp\/v2\/posts"}],"about":[{"href":"http:\/\/www.movimientocaamanista.com\/index.php?rest_route=\/wp\/v2\/types\/post"}],"author":[{"embeddable":true,"href":"http:\/\/www.movimientocaamanista.com\/index.php?rest_route=\/wp\/v2\/users\/1"}],"replies":[{"embeddable":true,"href":"http:\/\/www.movimientocaamanista.com\/index.php?rest_route=%2Fwp%2Fv2%2Fcomments&post=4170"}],"version-history":[{"count":1,"href":"http:\/\/www.movimientocaamanista.com\/index.php?rest_route=\/wp\/v2\/posts\/4170\/revisions"}],"predecessor-version":[{"id":4172,"href":"http:\/\/www.movimientocaamanista.com\/index.php?rest_route=\/wp\/v2\/posts\/4170\/revisions\/4172"}],"wp:featuredmedia":[{"embeddable":true,"href":"http:\/\/www.movimientocaamanista.com\/index.php?rest_route=\/wp\/v2\/media\/4171"}],"wp:attachment":[{"href":"http:\/\/www.movimientocaamanista.com\/index.php?rest_route=%2Fwp%2Fv2%2Fmedia&parent=4170"}],"wp:term":[{"taxonomy":"category","embeddable":true,"href":"http:\/\/www.movimientocaamanista.com\/index.php?rest_route=%2Fwp%2Fv2%2Fcategories&post=4170"},{"taxonomy":"post_tag","embeddable":true,"href":"http:\/\/www.movimientocaamanista.com\/index.php?rest_route=%2Fwp%2Fv2%2Ftags&post=4170"}],"curies":[{"name":"wp","href":"https:\/\/api.w.org\/{rel}","templated":true}]}}