{"id":4207,"date":"2021-04-07T01:29:12","date_gmt":"2021-04-07T01:29:12","guid":{"rendered":"http:\/\/www.movimientocaamanista.com\/?p=4207"},"modified":"2021-04-07T01:29:14","modified_gmt":"2021-04-07T01:29:14","slug":"la-juventud-es-el-futuro-sus-salarios-podrian-bajar-mas-durante-15-anos","status":"publish","type":"post","link":"http:\/\/www.movimientocaamanista.com\/?p=4207","title":{"rendered":"\u00bfLa juventud es el futuro? Sus salarios podr\u00edan bajar (m\u00e1s) durante 15 a\u00f1os"},"content":{"rendered":"\n<p>Federico Grom<\/p>\n\n\n\n<p>Fuente: <a href=\"https:\/\/kaosenlared.net\/la-juventud-es-el-futuro-sus-salarios-podrian-bajar-mas-durante-15-anos\/\">Kaos en la Red<\/a><\/p>\n\n\n\n<p>Para la juventud de la generaci\u00f3n llamada \u2019milenials\u2019, que llevan dos crisis econ\u00f3micas en menos de diez a\u00f1os y dos reformas laborales, antes de que esta llegue a los treinta a\u00f1os, se dibuja un futuro sombr\u00edo. Seg\u00fan Marcel Jensen, investigador de Fedea y coautor del informe \u00abPerdidos en la recesi\u00f3n: el empleo y los ingresos de los j\u00f3venes en Espa\u00f1a\u00bb presentado esta semana, este sector sufrir\u00e1 lo que llaman \u201cefecto cicatriz de las recesiones\u201d.<\/p>\n\n\n\n<p>Estas dos crisis golpearon duramente en los dos pilares de la econom\u00eda en donde la juventud esta sobrerrepresentada. La construcci\u00f3n, con el estallido de la burbuja inmobiliaria y los servicios con el Covid. Las reformas laborales, tanto la de Zapatero como la de Rajoy empeoraron particularmente la situaci\u00f3n de este colectivo. Algo que S\u00e1nchez y su gobierno de coalici\u00f3n con Unidas Podemos, no solo no mejoraron a pesar de sus promesas de derogar la reforma laboral, sino que se proponen profundizar en lo inmediato, a pedido expl\u00edcito de Bruselas.<\/p>\n\n\n\n<p><strong>El futuro de la juventud<\/strong><\/p>\n\n\n\n<p>Para la juventud entrar hoy en el mercado laboral es una aut\u00e9ntica pesadilla. Con un 40% de paro juvenil no pod\u00eda ser de otra manera. La poca experiencia laboral y la alta exigencia de las empresas en este apartado suponen un verdadero escollo. Pero una vez lograda la tarea tit\u00e1nica de ubicarse del otro lado de la estad\u00edstica, se est\u00e1 lejos de alcanzar alg\u00fan grado de \u201cbienestar\u201d.<\/p>\n\n\n\n<p>Trabajo a tiempo parcial, contratos temporales y de obra y servicio son el premio para la \u201cgeneraci\u00f3n m\u00e1s formada de la historia\u201d que en los \u00faltimos 40 a\u00f1os redujo 45 puntos la tasa de abandono escolar y multiplic\u00f3 varias veces la de titulados universitarios.<\/p>\n\n\n\n<p>Los salarios percibidos, a pesar de la \u00faltima \u201cgran\u201d subida del salario m\u00ednimo, son en buena parte el porqu\u00e9 del fen\u00f3meno conocido como de los \u201ctrabajadores pobres\u201d que golpea especialmente a la juventud y los inmigrantes, as\u00ed com tambi\u00e9n a las mujeres trabajadoras. Es decir, quienes a pesar de tener un trabajo, no superan el umbral de la pobreza.<\/p>\n\n\n\n<p>El salario real en 2019, para los que ten\u00edan entre 18 y 35 a\u00f1os, es entre un 26% y un 50&nbsp;% menor que el que ten\u00edan los j\u00f3venes de la misma edad en 1980. Seg\u00fan el mismo informe, refiri\u00e9ndose a la situaci\u00f3n de la juventud en el Estado espa\u00f1ol concluye que \u201cSufren en todos los frentes: tienen tasas de empleo muy bajas, tasas de temporalidad muy elevadas con una enorme rotaci\u00f3n de empleo, y salarios bajos\u201d, incluso empeorando por mucho la media de la Uni\u00f3n Europea en cada uno de estos. Una acumulaci\u00f3n de desventajas que amenaza acompa\u00f1arlos el resto de sus vidas.<\/p>\n\n\n\n<p>La inestabilidad y la intermitencia laboral, los bajos salarios, la falta de cr\u00e9dito y la subida de los alquileres se erigen como una barrera para independizarse que pocos pueden superar.<\/p>\n\n\n\n<p>La falta de movilidad producto de los confinamientos a m\u00faltiples niveles, ha influido negativamente en varios planos en especial para la juventud de la clase trabajadora como son las relaciones interpersonales, el acceso a la cultura y el ocio, dando pie as\u00ed trastornos de todo tipo.<\/p>\n\n\n\n<p>Sin dudas, que el suicidio como v\u00eda de escape de una situaci\u00f3n angustiosa sea la segunda causa de muerte en el grupo de edad entre los 25 a los 29 a\u00f1os, tiene que ver con esta realidad de conjunto y sus desalentadoras perspectivas.<\/p>\n\n\n\n<p>Criminalizada durante la pandemia para encubrir la falta total de un plan serio y un verdadero crimen social, y reprimida por reclamar derechos y protestar frente a la falta de libertades, la juventud es una reserva de rebeld\u00eda que puede dar impulso a las fuerzas sociales necesarias para revertir el panorama que los gobiernos al servicio de los capitalistas preparan para las mayor\u00edas.<\/p>\n\n\n\n<p><strong>\u00bfLa juventud es el futuro?<\/strong><\/p>\n\n\n\n<p>Como se suele decir, la juventud es el futuro, por lo menos generacionalmente. Pero ser joven, es una condici\u00f3n que no escapa a las contradicciones sociales y se configura as\u00ed como un movimiento o segmento interclasista. Incluso, afectado por la polarizaci\u00f3n pol\u00edtica, es decir en disputa. En especial cuando la extrema derecha empieza a hacer pie en algunos de sus sectores.<\/p>\n\n\n\n<p>No podemos confundir el futuro que preparan los capitalistas para la juventud, con el que \u00e9sta debe pelear para conquistar una vida que merezca ser vivida. Y para transformar la apat\u00eda y la depresi\u00f3n en rabia. Si transforma su rebeld\u00eda en radicalidad, acci\u00f3n y organizaci\u00f3n, la juventud tiene la capacidad de actuar como un engranaje que ponga en movimiento la fuerza de la clase trabajadora, necesaria para acabar con este r\u00e9gimen y este sistema.<\/p>\n\n\n\n<p>Es necesario contribuir a construir una juventud que apoye activamente las luchas de la clase obrera y de los nuevos procesos de organizaci\u00f3n de la juventud trabajadora ayudando a superar las actuales direcciones sindicales. Que pelee contra los obscenos privilegios de la monarqu\u00eda y el r\u00e9gimen que la sostiene. Que luche contra su propio imperialismo, el expolio y la injerencia econ\u00f3mica, pol\u00edtica y militar en otros pa\u00edses. Que pelee contra la represi\u00f3n y a favor de las libertades democr\u00e1ticas y en consecuencia se pronuncie de forma incondicional a favor del derecho de autodeterminaci\u00f3n de los pueblos. Que enfrente el racismo y a la extrema derecha, sin caer en apoyar el \u201cmal menor\u201d que nos desarma para construir una alternativa de trasformaci\u00f3n revolucionaria de la sociedad.<\/p>\n\n\n\n<p>En definitiva, una juventud que junto a la clase trabajadora tomen las riendas de su futuro.<\/p>\n","protected":false},"excerpt":{"rendered":"<p>Federico Grom Fuente: Kaos en la Red Para la juventud de la generaci\u00f3n llamada \u2019milenials\u2019, que llevan dos crisis econ\u00f3micas en menos de diez a\u00f1os y dos reformas laborales, antes de que esta llegue a los treinta a\u00f1os, se dibuja un futuro sombr\u00edo. Seg\u00fan Marcel Jensen, investigador de Fedea y coautor del informe \u00abPerdidos en [&hellip;]<\/p>\n","protected":false},"author":1,"featured_media":4208,"comment_status":"open","ping_status":"open","sticky":false,"template":"","format":"standard","meta":{"footnotes":""},"categories":[5,3],"tags":[],"_links":{"self":[{"href":"http:\/\/www.movimientocaamanista.com\/index.php?rest_route=\/wp\/v2\/posts\/4207"}],"collection":[{"href":"http:\/\/www.movimientocaamanista.com\/index.php?rest_route=\/wp\/v2\/posts"}],"about":[{"href":"http:\/\/www.movimientocaamanista.com\/index.php?rest_route=\/wp\/v2\/types\/post"}],"author":[{"embeddable":true,"href":"http:\/\/www.movimientocaamanista.com\/index.php?rest_route=\/wp\/v2\/users\/1"}],"replies":[{"embeddable":true,"href":"http:\/\/www.movimientocaamanista.com\/index.php?rest_route=%2Fwp%2Fv2%2Fcomments&post=4207"}],"version-history":[{"count":1,"href":"http:\/\/www.movimientocaamanista.com\/index.php?rest_route=\/wp\/v2\/posts\/4207\/revisions"}],"predecessor-version":[{"id":4209,"href":"http:\/\/www.movimientocaamanista.com\/index.php?rest_route=\/wp\/v2\/posts\/4207\/revisions\/4209"}],"wp:featuredmedia":[{"embeddable":true,"href":"http:\/\/www.movimientocaamanista.com\/index.php?rest_route=\/wp\/v2\/media\/4208"}],"wp:attachment":[{"href":"http:\/\/www.movimientocaamanista.com\/index.php?rest_route=%2Fwp%2Fv2%2Fmedia&parent=4207"}],"wp:term":[{"taxonomy":"category","embeddable":true,"href":"http:\/\/www.movimientocaamanista.com\/index.php?rest_route=%2Fwp%2Fv2%2Fcategories&post=4207"},{"taxonomy":"post_tag","embeddable":true,"href":"http:\/\/www.movimientocaamanista.com\/index.php?rest_route=%2Fwp%2Fv2%2Ftags&post=4207"}],"curies":[{"name":"wp","href":"https:\/\/api.w.org\/{rel}","templated":true}]}}