{"id":4214,"date":"2021-04-07T10:38:13","date_gmt":"2021-04-07T10:38:13","guid":{"rendered":"http:\/\/www.movimientocaamanista.com\/?p=4214"},"modified":"2021-04-07T10:38:14","modified_gmt":"2021-04-07T10:38:14","slug":"senador-nuestra-ingenuidad-no-sera-en-vano","status":"publish","type":"post","link":"http:\/\/www.movimientocaamanista.com\/?p=4214","title":{"rendered":"SENADOR NUESTRA INGENUIDAD NO SER\u00c1 EN VANO"},"content":{"rendered":"\n<p><strong>RAFAEL JIMENEZ ABAD<\/strong><\/p>\n\n\n\n<p>CARTA P\u00daBLICA\nNO. 3<\/p>\n\n\n\n<p>SE\u00d1OR <\/p>\n\n\n\n<p><strong>HECTOR ACOSTA<\/strong><\/p>\n\n\n\n<p>Senador de la\nRep\u00fablica Dominicana.<\/p>\n\n\n\n<p>Por la\nprovincia de Monse\u00f1or Nouel.<\/p>\n\n\n\n<p>Apreciado\namigo: <\/p>\n\n\n\n<p>Aquella propuesta\nsuya para que yo me encargara de dirigir la oficina de Medio Ambiente\ny Recursos Naturales de Monse\u00f1or Nouel y mi consultada y reflexionada\nrespuesta de aceptaci\u00f3n nos ubicaron dentro del mundo de la ingenuidad.<\/p>\n\n\n\n<p>Doy fe de que\nsu constancia encamin\u00f3 la diligencia de mi nombramiento&nbsp;&nbsp; hasta hab\u00e9rseme tomado&nbsp; foto oficial en el departamento de recursos\nhumanos del ministerio de Medio Ambiente, m\u00e1s dos encuentros con el DR. <strong>ORLANDO JORGE MORA, <\/strong>ministro del \u00e1rea. <\/p>\n\n\n\n<p>Hubo un\nfrenazo cuando se puso en movimiento el conglomerado de beneficiarios y\nsaqueadores de los recursos naturales, quienes llevaron su voz hasta donde se\nhizo el eco.<\/p>\n\n\n\n<p>Actuaron por\nel dominio de su territorio como en la selva. <\/p>\n\n\n\n<p>Qu\u00e9 f\u00e1cil es\nhacerse millonario con una sierra o una retro!<\/p>\n\n\n\n<p>Ah\u00ed est\u00e1n las\nim\u00e1genes de los camiones como hormigas en los r\u00edos o bajando de las monta\u00f1as\nhasta con madera de \u00c9bano tapadas con lonas y algunos sin placa.<\/p>\n\n\n\n<p>En medio de\ntodo esto se destapa FALCONDO convocando una vista p\u00fablica para dar a conocer\nla declaraci\u00f3n de Impacto Ambiental para rematar instalando una planta de\nsulfat\u00f3 de n\u00edquel &nbsp;a orillas de las\ncomunidades y a pocos metros del rio Yuna.<\/p>\n\n\n\n<p>No es\nsuficiente parece, que en esas inmediaciones, est\u00e9n la producci\u00f3n de todos los\nvenenos de FALCONDO, el basurero de toda la provincia y uno de los puntos donde\nlos granceros extraen material del coraz\u00f3n del Yuna.<\/p>\n\n\n\n<p><strong>EN QUE PUNTO ESTAMOS<\/strong><\/p>\n\n\n\n<p>Pareciera que\nla naturaleza y la salud humana est\u00e1n acorraladas por la ambici\u00f3n, el desprecio\ndel poder a la ecolog\u00eda, los sobornos, la inacci\u00f3n judicial y niveles dispersos\nde la conciencia popular.<\/p>\n\n\n\n<p>De tanto drenar\nal r\u00edo Yuna, este avanza hacia las comunidades de Caribe, los Arroyos y a El Verde.<\/p>\n\n\n\n<p>Los caudales\nde diversos r\u00edos bajan, se infiltran o se extinguen.<\/p>\n\n\n\n<p>Pero la lucha\nes el camino. El ejemplo es la victoria del pueblo para preservar a Loma\nMiranda, all\u00ed generamos una batalla con la movilizaci\u00f3n de la conciencia y las\nacciones sobre el terreno. Loma Miranda es intocable y solo falta su declaraci\u00f3n\nlegal como Parque Nacional.<\/p>\n\n\n\n<p>Ya se anuncia\nLA CARAVANA ECOL\u00d3GICA que inicia en Bonao hasta la comunidad de los Mart\u00ednez\npasando por Piedra Blanca y Maim\u00f3n en la ma\u00f1ana de este 25 de abril.<\/p>\n\n\n\n<p><strong>EL SENTIDO DE LA VIDA<\/strong><\/p>\n\n\n\n<p>Precisamente\nmi hijo Adiel de 12 a\u00f1os le escribi\u00f3 a mi hijo Adil, el mayor, pregunt\u00e1ndole\nque cual era el sentido de la vida. Y esto me conllev\u00f3 a sintonizar que el\nsentido de la vida es hacer que los latidos de nuestros corazones armonicen con\nlos&nbsp; latidos del universo. <\/p>\n\n\n\n<p>El planeta\nest\u00e1 saturado de agresiones y nos pide a gritos que nos salvemos con \u00e9l y\ndesoigamos las voces que nos llaman a la indiferencia.<\/p>\n\n\n\n<p>La experiencia\ncomprueba que el universo existe para generar y recordar la vida y darnos&nbsp; felicidad, independientemente de que unos\npocos miserables pose\u00eddos de ambiciones, se destinen a da\u00f1ar el Medio Ambiente.<\/p>\n\n\n\n<p>A ellos les\nbasta con sus miserias de acumular poder y dinero da\u00f1ando los ecosistemas.<\/p>\n\n\n\n<p>A nosotros\/as\nnos hace felices el silbido del bamb\u00fa cuando la brisa lo acaricia, el serpenteo\nde la culebrita sabanera y el incesante flujo de la rigola.<\/p>\n\n\n\n<p><strong>ALGUNAS CONCLUSIONES DERIBADAS DE NUESTRA\nINGENUIDAD<\/strong><\/p>\n\n\n\n<ol><li>El sistema vigente no admite a quienes pudieran producir cambios\nen el seno de los entramados corruptos, aun sean transformaciones en beneficios\nde la Ecolog\u00eda.<\/li><\/ol>\n\n\n\n<ul><li>Queda para la historia, se\u00f1or senador <strong>HECTOR ACOSTA,<\/strong> que usted es un hombre de mente tan abierta qu\u00e9 fue\ncapaz de proponer en una funci\u00f3n importante a una persona al margen de su\npartido por considerarlo id\u00f3neo para una funci\u00f3n dentro del estado. Me consta\nque hizo todo cuanto pudo.<\/li><\/ul>\n\n\n\n<ul><li>Vimos alrededor de su propuesta y de mi aceptaci\u00f3n una enorme\nsimpat\u00eda a tal punto que como usted y yo comentamos en privado, mi carta en la\nred circul\u00f3 profusamente y personalidades como el DR. <strong>RICARDO NIEVES, <\/strong>el presidente de la Comisi\u00f3n Ambiental de la UASD, <strong>DR. LUIS CARVAJAL <\/strong>y muchos\/as m\u00e1s de su\nrangose sintieron estimulados\/as.<\/li><\/ul>\n\n\n\n<ul><li>El pueblo tiene puesta su mirada hacia lo que pasa en el \u00e1mbito\ndel Medio Ambiente y los Recursos Naturales. Esta comprendiendo que lo que\nllamamos como nuestros cuerpos es un pedazo de este planeta con deseo ferviente\nde vivir. <\/li><\/ul>\n\n\n\n<ul><li>Le invito, se\u00f1or senador <strong>HECTOR\nACOSTA,<\/strong> a participar DE LA <strong>CARAVANA\nECOL\u00d3GICA<\/strong> que saldr\u00e1 el domingo 25 de este mes de abril desde el parque\nDuarte de Bonao a las 9:30 de la ma\u00f1ana, la cual tiene las motivaciones\nsiguientes salidas de las dos grandes asambleas populares celebradas a inicio\nde este a\u00f1o 2021 en las que usted y otras autoridades participaron. <\/li><\/ul>\n\n\n\n<p><strong>OBJETIVOS DE LA CARAVANA ECOLOGICA<\/strong><\/p>\n\n\n\n<p>1. Exigir la\ndeclaratoria por Ley 64-00, de Loma Miranda como Parque Nacional;<\/p>\n\n\n\n<p>2. Alzar la\nvoz contra la intenci\u00f3n de Barrick Gold de instalar UN CHARCO de Cianuro,\nS\u00edlice y dem\u00e1s venenos en&nbsp; Peralvillo;<\/p>\n\n\n\n<p>3. Demandar\nQUE FALCONDO ponga filtros a sus Chimeneas y pague el 5% a los ayuntamientos\ncomo dice la ley y alertar contra el plan macabro de instalar una planta para\nproducir sulfato de n\u00edquel al lado del r\u00edo Yuna y a orillas del camino por\ndonde transitan los campesinos\/as.<\/p>\n\n\n\n<p>4. Por el cese\nde la tala de \u00e1rboles en nuestras monta\u00f1as y contra la CRIMINAL ACTIVIDAD DE\nLAS GRANCERAS&nbsp; EN LOS RIOS;<\/p>\n\n\n\n<p>5. Contra el\nPlan Minero asesino de BELFOND Y GOLDQUEST en Barahona y la frontera.<\/p>\n\n\n\n<p>6. Contra la\nconstrucci\u00f3n&nbsp; de una hidroel\u00e9ctrica en el\nr\u00edo Masipedro en Cabirma Clara en la cordillera central que destruir\u00eda los\nbosques. <\/p>\n\n\n\n<p><strong>TORITO NUESTRA INGENUIDAD NO SERA EN VANO.<\/strong><\/p>\n\n\n\n<p>Usted viene de\nlas multitudes y de la opini\u00f3n p\u00fablica, no se separe de ellas. Los viejos\nparadigmas est\u00e1n cayendo.<\/p>\n","protected":false},"excerpt":{"rendered":"<p>RAFAEL JIMENEZ ABAD CARTA P\u00daBLICA NO. 3 SE\u00d1OR HECTOR ACOSTA Senador de la Rep\u00fablica Dominicana. Por la provincia de Monse\u00f1or Nouel. Apreciado amigo: Aquella propuesta suya para que yo me encargara de dirigir la oficina de Medio Ambiente y Recursos Naturales de Monse\u00f1or Nouel y mi consultada y reflexionada respuesta de aceptaci\u00f3n nos ubicaron dentro [&hellip;]<\/p>\n","protected":false},"author":1,"featured_media":3245,"comment_status":"open","ping_status":"open","sticky":false,"template":"","format":"standard","meta":{"footnotes":""},"categories":[5,2],"tags":[],"_links":{"self":[{"href":"http:\/\/www.movimientocaamanista.com\/index.php?rest_route=\/wp\/v2\/posts\/4214"}],"collection":[{"href":"http:\/\/www.movimientocaamanista.com\/index.php?rest_route=\/wp\/v2\/posts"}],"about":[{"href":"http:\/\/www.movimientocaamanista.com\/index.php?rest_route=\/wp\/v2\/types\/post"}],"author":[{"embeddable":true,"href":"http:\/\/www.movimientocaamanista.com\/index.php?rest_route=\/wp\/v2\/users\/1"}],"replies":[{"embeddable":true,"href":"http:\/\/www.movimientocaamanista.com\/index.php?rest_route=%2Fwp%2Fv2%2Fcomments&post=4214"}],"version-history":[{"count":1,"href":"http:\/\/www.movimientocaamanista.com\/index.php?rest_route=\/wp\/v2\/posts\/4214\/revisions"}],"predecessor-version":[{"id":4215,"href":"http:\/\/www.movimientocaamanista.com\/index.php?rest_route=\/wp\/v2\/posts\/4214\/revisions\/4215"}],"wp:featuredmedia":[{"embeddable":true,"href":"http:\/\/www.movimientocaamanista.com\/index.php?rest_route=\/wp\/v2\/media\/3245"}],"wp:attachment":[{"href":"http:\/\/www.movimientocaamanista.com\/index.php?rest_route=%2Fwp%2Fv2%2Fmedia&parent=4214"}],"wp:term":[{"taxonomy":"category","embeddable":true,"href":"http:\/\/www.movimientocaamanista.com\/index.php?rest_route=%2Fwp%2Fv2%2Fcategories&post=4214"},{"taxonomy":"post_tag","embeddable":true,"href":"http:\/\/www.movimientocaamanista.com\/index.php?rest_route=%2Fwp%2Fv2%2Ftags&post=4214"}],"curies":[{"name":"wp","href":"https:\/\/api.w.org\/{rel}","templated":true}]}}