{"id":4267,"date":"2021-04-14T02:58:21","date_gmt":"2021-04-14T02:58:21","guid":{"rendered":"http:\/\/www.movimientocaamanista.com\/?p=4267"},"modified":"2021-04-14T02:58:25","modified_gmt":"2021-04-14T02:58:25","slug":"no-no-puedes-descargar-tu-conciencia-en-internet","status":"publish","type":"post","link":"http:\/\/www.movimientocaamanista.com\/?p=4267","title":{"rendered":"No, no puedes descargar tu conciencia en internet"},"content":{"rendered":"\n<p>Asier Arias<\/p>\n\n\n\n<p>Fuente: <a href=\"https:\/\/rebelion.org\/no-no-puedes-descargar-tu-conciencia-en-internet\/\">Rebeli\u00f3n<\/a><\/p>\n\n\n\n<p>Extracto de&nbsp;<a href=\"https:\/\/www.catarata.org\/libro\/introduccion-a-la-ciencia-de-la-conciencia_118424\/\"><em>Introducci\u00f3n a la ciencia de la conciencia<\/em><\/a><\/p>\n\n\n\n<p>Por alguna extra\u00f1a raz\u00f3n, parece haber gente interesada en \u00abdescargar\u00bb su conciencia en cacharros computacionales. A ese deseo debe subyacer la asunci\u00f3n de que lo mental y lo computacional tienen algo que ver. No obstante, lo cierto es que ning\u00fan especialista en filosof\u00eda de la mente, psicolog\u00eda, inteligencia artificial o neurociencia cognitiva ha logrado especificar qu\u00e9 clase de relaci\u00f3n cabr\u00eda entender que guardan lo mental y lo computacional, ni tampoco si guardaran de hecho alguna. Otra asunci\u00f3n sin la que el se\u00f1alado deseo resultar\u00eda por principio irrealizable ser\u00eda la de que la actividad neurobiol\u00f3gica responsable de la emergencia de la conciencia puede replicarse por medios computacionales. Sin embargo, a d\u00eda de hoy, no sabemos cu\u00e1l es esa actividad y, adicionalmente, replicar por medios computacionales no ya la actividad del cerebro, sino su mera estructura, es algo que est\u00e1 muy lejos del alcance de nuestras manos.<\/p>\n\n\n\n<p>En abril de 2019 el Allen Institute for Brain Science celebraba la culminaci\u00f3n de un ambicioso proyecto de investigaci\u00f3n: cartografiar cada una de las 100.000 neuronas y cada una de las 1.000 millones de sinapsis (puntos de conexi\u00f3n entre neuronas) contenidas en un mil\u00edmetro c\u00fabico de corteza cerebral de rat\u00f3n. Por el momento, se trata del conectoma (as\u00ed se llama este tipo de \u00abmapa\u00bb) a nanoescala de mayores dimensiones, valga el ox\u00edmoron. Dentro de ese granito de arena hab\u00eda unos cuatro kil\u00f3metros de fibras nerviosas. El equipo tom\u00f3 im\u00e1genes de m\u00e1s de 25.000 secciones ultrafinas del tejido contenido en ese min\u00fasculo volumen, generando un conjunto de datos (<em>dataset<\/em>) de dos petabytes: suficiente capacidad como para unos 50 millones de elep\u00e9s en MP3 \u2013el fara\u00f3n&nbsp; Mentuhotep III podr\u00eda haberle dado al \u00abplay\u00bb en el a\u00f1o 2.000 a. C. y todav\u00eda no se habr\u00eda repetido una sola canci\u00f3n.<\/p>\n\n\n\n<p>Si quisi\u00e9ramos mapear de forma an\u00e1loga no ya un cerebro humano completo, sino s\u00f3lo su corteza, generar\u00edamos un zetabyte: aproximadamente, la cantidad de informaci\u00f3n actualmente registrada en todo el mundo. Si a esos datos meramente morfol\u00f3gicos quisi\u00e9ramos a\u00f1adir datos m\u00e1s espec\u00edficos, acerca de la tipolog\u00eda qu\u00edmica de las sinapsis, pongamos por caso, necesitar\u00edamos m\u00faltiplos de esa cifra. Si adem\u00e1s quisi\u00e9ramos a\u00f1adir, por ejemplo, datos acerca del citoesqueleto proteico que conforma la estructura interna de las neuronas, generar\u00edamos por cada neurona una cantidad de informaci\u00f3n similar a la requerida para mapear la anatom\u00eda neuronal del cerebro completo. Si quisi\u00e9ramos pasar de estas \u00abfotos\u00bb al \u00abv\u00eddeo\u00bb, incluyendo datos acerca de la actividad acaecida en cualquier fracci\u00f3n de tiempo en cualquiera de estos niveles de organizaci\u00f3n, necesitar\u00edamos, sencillamente, elevar una cifra absurda a otra astron\u00f3mica.<\/p>\n\n\n\n<p>Se trata de hechos que no debieran descuidar los que fantasean con \u00absimulaciones computacionales del cerebro\u00bb \u2013los que fantasean con descargar su conciencia en alg\u00fan cacharro computacional tampoco har\u00edan mal en reparar en ellos.<\/p>\n\n\n\n<p><em>Asier Arias . Profesor en el Departamento de L\u00f3gica y Filosof\u00eda Te\u00f3rica de la Universidad Complutense de Madrid<\/em><br><\/p>\n","protected":false},"excerpt":{"rendered":"<p>Asier Arias Fuente: Rebeli\u00f3n Extracto de&nbsp;Introducci\u00f3n a la ciencia de la conciencia Por alguna extra\u00f1a raz\u00f3n, parece haber gente interesada en \u00abdescargar\u00bb su conciencia en cacharros computacionales. A ese deseo debe subyacer la asunci\u00f3n de que lo mental y lo computacional tienen algo que ver. No obstante, lo cierto es que ning\u00fan especialista en filosof\u00eda [&hellip;]<\/p>\n","protected":false},"author":1,"featured_media":4268,"comment_status":"open","ping_status":"open","sticky":false,"template":"","format":"standard","meta":{"footnotes":""},"categories":[4],"tags":[],"_links":{"self":[{"href":"http:\/\/www.movimientocaamanista.com\/index.php?rest_route=\/wp\/v2\/posts\/4267"}],"collection":[{"href":"http:\/\/www.movimientocaamanista.com\/index.php?rest_route=\/wp\/v2\/posts"}],"about":[{"href":"http:\/\/www.movimientocaamanista.com\/index.php?rest_route=\/wp\/v2\/types\/post"}],"author":[{"embeddable":true,"href":"http:\/\/www.movimientocaamanista.com\/index.php?rest_route=\/wp\/v2\/users\/1"}],"replies":[{"embeddable":true,"href":"http:\/\/www.movimientocaamanista.com\/index.php?rest_route=%2Fwp%2Fv2%2Fcomments&post=4267"}],"version-history":[{"count":1,"href":"http:\/\/www.movimientocaamanista.com\/index.php?rest_route=\/wp\/v2\/posts\/4267\/revisions"}],"predecessor-version":[{"id":4269,"href":"http:\/\/www.movimientocaamanista.com\/index.php?rest_route=\/wp\/v2\/posts\/4267\/revisions\/4269"}],"wp:featuredmedia":[{"embeddable":true,"href":"http:\/\/www.movimientocaamanista.com\/index.php?rest_route=\/wp\/v2\/media\/4268"}],"wp:attachment":[{"href":"http:\/\/www.movimientocaamanista.com\/index.php?rest_route=%2Fwp%2Fv2%2Fmedia&parent=4267"}],"wp:term":[{"taxonomy":"category","embeddable":true,"href":"http:\/\/www.movimientocaamanista.com\/index.php?rest_route=%2Fwp%2Fv2%2Fcategories&post=4267"},{"taxonomy":"post_tag","embeddable":true,"href":"http:\/\/www.movimientocaamanista.com\/index.php?rest_route=%2Fwp%2Fv2%2Ftags&post=4267"}],"curies":[{"name":"wp","href":"https:\/\/api.w.org\/{rel}","templated":true}]}}