{"id":4307,"date":"2021-04-25T11:16:04","date_gmt":"2021-04-25T11:16:04","guid":{"rendered":"http:\/\/www.movimientocaamanista.com\/?p=4307"},"modified":"2021-04-25T11:16:05","modified_gmt":"2021-04-25T11:16:05","slug":"el-cambio-que-metieron-fue-la-reversa","status":"publish","type":"post","link":"http:\/\/www.movimientocaamanista.com\/?p=4307","title":{"rendered":"EL CAMBIO QUE METIERON FUE LA REVERSA."},"content":{"rendered":"\n<p>Movimiento Popular Dominicano (M. P. D.)<\/p>\n\n\n\n<p>Ante las monstruosidades de corrupci\u00f3n, cometidas por funcionarios y altos dirigentes de los gobiernos del PLD, la oposici\u00f3n de derecha les dio unos tragos t\u00f3xicos a varios sectores de la sociedad, incluyendo algunos que se reclaman izquierdistas, revolucionarios y hasta &#8220;comunistas&#8221;.<\/p>\n\n\n\n<p>Esos tragos malos emborracharon a esos sectores, y en medio de la &#8220;juma&#8221; so\u00f1aron con el &#8220;cambio&#8221;. Algunos, como en varias ocasiones, dec\u00edan y repet\u00edan que la t\u00e1ctica &#8220;correcta&#8221; era votar por el &#8220;menos malo&#8221;. Insist\u00edan en que hab\u00eda que desplazar al PLD, pero s\u00f3lo plantearon una forma pura y simple en ese desplazamiento.<\/p>\n\n\n\n<p>Incluso, pasadas las elecciones se regocijaron orondos, diciendo que su t\u00e1ctica se hab\u00eda cumplido. <\/p>\n\n\n\n<p>No faltan algunos que califican al gobierno de Luis Abinader y el PRM como de &#8220;transici\u00f3n democr\u00e1tica&#8221;. Todav\u00eda est\u00e1n embriagados de &#8220;cambio&#8221;. No han despertado y siguen so\u00f1ando mientras se amanceban con un sistema cruel y explotador.<\/p>\n\n\n\n<p>Se amanceban con un gobierno sumamente entreguista al imperio yanqui y pro-empresarial.<\/p>\n\n\n\n<p>Algunos de esos &#8220;t\u00e1cticos y estrategas&#8221; se envanecen y se extasian en su triunfo, con el regalito que les dio el PRM: una diputaci\u00f3n nacional, un puesto en el Parlacen, un puestecito en un Ministerio,  etc\u00e9tera.<\/p>\n\n\n\n<p>Cuando ocurre un fiasco ante el triunfalismo de alguien, se suele preguntar: &#8220;C\u00f3mo le quedar\u00eda el ojo&#8221;?<\/p>\n\n\n\n<p>Pero en este caso, al parecer, los &#8220;t\u00e1cticos y estrategas&#8221; sienten que su ojo anda bien. Se alimentan con &#8220;sopa boba&#8221;<\/p>\n\n\n\n<p>Algunos de los pupilos de esos &#8220;visionarios&#8221; hasta se han convertido en alabarderos de Ministros y otros funcionarios. Se pasar\u00e1n definitivamente al PRM? Esperemos.<\/p>\n\n\n\n<p>Resulta que el cambio que meti\u00f3 Abinader y sus socios fue la reversa.<\/p>\n\n\n\n<p>Algunos se quejan de los desmanes de la banda criminal llamada Polic\u00eda Nacional, diciendo que: &#8220;No hay ninguna democracia&#8221;.  Y hasta d\u00f3nde fue que en verdad llegaron sus expectativas? Estar\u00e1n despertando ya?<\/p>\n\n\n\n<p>La actitud entreguista de Abinader y su Canciller, de total sumisi\u00f3n y postraci\u00f3n ante el imperio, har\u00e1 arrepentir o no a algunos de sus socios?<\/p>\n\n\n\n<p>Sus socios no se arrepentir\u00e1n de la posici\u00f3n del Gobierno de Luis Abinader frente a la injerencia en la Rep\u00fablica Bolivariana de Venezuela?<\/p>\n\n\n\n<p>Actitudes violentas y hasta criminales de la banda policial, como la represi\u00f3n contra un grupo de mujeres frente al Congreso Nacional en la madrugada de hoy, no har\u00e1 arrepentir a los socios del gobierno, principalmente aquellos que siguen reclam\u00e1ndose de izquierda?<\/p>\n\n\n\n<p>Ojal\u00e1 que todo esto sirva para que las aguas sigan aclar\u00e1ndose. Ojal\u00e1 que muchos &#8220;izquierdistas&#8221; por fin se decidan a definirse. As\u00ed le har\u00edan un gran aporte al proceso revolucionario.<\/p>\n\n\n\n<p>LUCHEMOS PARA FRENAR EL CARRO, QUE VA ACELERADO EN REVERSA. <\/p>\n\n\n\n<p>LOS REVOLUCIONARIOS Y REVOLUCIONARIAS  NO TENEMOS PARADA, Y MUCHO MENOS REVERSA. <\/p>\n\n\n\n<p>ESTAMOS COMPELIDOS POR LA HISTORIA Y POR NUESTRO PUEBLO A SEGUIR ADELANTE. PERO RESPETAMOS AL QUE QUIERA PARAR O PONER LA REVERSA. ES SU DERECHO. AS\u00cd DESPEJAMOS M\u00c1S F\u00c1CIL EL CAMINO.<\/p>\n\n\n\n<p>Abril: mes de la resistencia antimperialista del pueblo dominicano.<\/p>\n\n\n\n<p>El partido de Pablo Mart\u00ednez, El Moreno y El Men presente.<\/p>\n\n\n\n<p>Comit\u00e9 Pol\u00edtico del Comit\u00e9 Central.<\/p>\n","protected":false},"excerpt":{"rendered":"<p>Movimiento Popular Dominicano (M. P. D.) Ante las monstruosidades de corrupci\u00f3n, cometidas por funcionarios y altos dirigentes de los gobiernos del PLD, la oposici\u00f3n de derecha les dio unos tragos t\u00f3xicos a varios sectores de la sociedad, incluyendo algunos que se reclaman izquierdistas, revolucionarios y hasta &#8220;comunistas&#8221;. Esos tragos malos emborracharon a esos sectores, y [&hellip;]<\/p>\n","protected":false},"author":1,"featured_media":3030,"comment_status":"open","ping_status":"open","sticky":false,"template":"","format":"standard","meta":{"footnotes":""},"categories":[5,16],"tags":[],"_links":{"self":[{"href":"http:\/\/www.movimientocaamanista.com\/index.php?rest_route=\/wp\/v2\/posts\/4307"}],"collection":[{"href":"http:\/\/www.movimientocaamanista.com\/index.php?rest_route=\/wp\/v2\/posts"}],"about":[{"href":"http:\/\/www.movimientocaamanista.com\/index.php?rest_route=\/wp\/v2\/types\/post"}],"author":[{"embeddable":true,"href":"http:\/\/www.movimientocaamanista.com\/index.php?rest_route=\/wp\/v2\/users\/1"}],"replies":[{"embeddable":true,"href":"http:\/\/www.movimientocaamanista.com\/index.php?rest_route=%2Fwp%2Fv2%2Fcomments&post=4307"}],"version-history":[{"count":1,"href":"http:\/\/www.movimientocaamanista.com\/index.php?rest_route=\/wp\/v2\/posts\/4307\/revisions"}],"predecessor-version":[{"id":4308,"href":"http:\/\/www.movimientocaamanista.com\/index.php?rest_route=\/wp\/v2\/posts\/4307\/revisions\/4308"}],"wp:featuredmedia":[{"embeddable":true,"href":"http:\/\/www.movimientocaamanista.com\/index.php?rest_route=\/wp\/v2\/media\/3030"}],"wp:attachment":[{"href":"http:\/\/www.movimientocaamanista.com\/index.php?rest_route=%2Fwp%2Fv2%2Fmedia&parent=4307"}],"wp:term":[{"taxonomy":"category","embeddable":true,"href":"http:\/\/www.movimientocaamanista.com\/index.php?rest_route=%2Fwp%2Fv2%2Fcategories&post=4307"},{"taxonomy":"post_tag","embeddable":true,"href":"http:\/\/www.movimientocaamanista.com\/index.php?rest_route=%2Fwp%2Fv2%2Ftags&post=4307"}],"curies":[{"name":"wp","href":"https:\/\/api.w.org\/{rel}","templated":true}]}}