{"id":4326,"date":"2021-04-25T12:14:52","date_gmt":"2021-04-25T12:14:52","guid":{"rendered":"http:\/\/www.movimientocaamanista.com\/?p=4326"},"modified":"2021-04-25T12:14:59","modified_gmt":"2021-04-25T12:14:59","slug":"desde-la-ilustracion-hemos-creido-que-siempre-mas-es-mejor-que-todo-esta-en-la-razon","status":"publish","type":"post","link":"http:\/\/www.movimientocaamanista.com\/?p=4326","title":{"rendered":"\u201cDesde la Ilustraci\u00f3n hemos cre\u00eddo que siempre m\u00e1s es mejor, que todo est\u00e1 en la raz\u00f3n\u201d"},"content":{"rendered":"\n<p>Juan Bordera<\/p>\n\n\n\n<p>Fuente: <a href=\"https:\/\/rebelion.org\/desde-la-ilustracion-hemos-creido-que-siempre-mas-es-mejor-que-todo-esta-en-la-razon\/\">Rebeli\u00f3n<\/a><\/p>\n\n\n\n<p>La gota que desborda el vaso. La \u00faltima vez que el hacha golpea el \u00e1rbol antes de caer. El \u00faltimo barril rentable de extraer en un pozo de petr\u00f3leo. Hay tantos ejemplos de Tipping points (TP) como se quieran buscar. Son puntos de vuelco, de no retorno, y est\u00e1n de moda. Aunque menos de lo que debieran.<\/p>\n\n\n\n<p>M\u00faltiples informes llevan tiempo indicando que hab\u00eda que prestar atenci\u00f3n a los que afectan a subsistemas clim\u00e1ticos como el Amazonas, el hielo de Groenlandia o el&nbsp;<a rel=\"noreferrer noopener\" href=\"https:\/\/ctxt.es\/es\/20200601\/Firmas\/32633\/circulo-polar-artico-cambio-climatico-antropoceno-trump-putin-bolsonaro-juan-bordera.htm\" target=\"_blank\">permafrost<\/a>. Hace ya m\u00e1s de 20 a\u00f1os empezaron a provocar debates. Desde entonces, se han escrito miles de p\u00e1ginas describiendo sus interrelaciones, alertando del desastre venidero. Como en&nbsp;<a rel=\"noreferrer noopener\" href=\"https:\/\/www.nature.com\/articles\/d41586-019-03595-0\" target=\"_blank\">este paper en&nbsp;<em>Nature<\/em>&nbsp;de figuras clave en la ciencia clim\u00e1tica<\/a>, o este&nbsp;<a rel=\"noreferrer noopener\" href=\"https:\/\/www.nationalgeographic.com\/science\/article\/earth-tipping-point\" target=\"_blank\">art\u00edculo de&nbsp;<em>National Geographic<\/em><\/a>. Sin embargo, y pese a la gravedad del asunto, el silencio medi\u00e1tico sigue siendo atronador. Incluso a\u00fan se oyen algunos berridos negacionistas en&nbsp;<em>prime time<\/em>.<\/p>\n\n\n\n<p>En nuestro pa\u00eds, creo que no ha habido un trabajo de divulgaci\u00f3n m\u00e1s valiente, desinteresado y completo, que el que lleva haciendo durante m\u00e1s de una d\u00e9cada \u2013por amor al arte y sobre todo al \u00c1rtico\u2013 el ingeniero y periodista Ferran Puig Vilar, que ahora est\u00e1 publicando informaci\u00f3n sobre el estado de esos puntos clave en&nbsp;<a href=\"https:\/\/ustednoselocree.com\/\" target=\"_blank\" rel=\"noreferrer noopener\">su prestigioso blog<\/a>, que fue reconocido con un premio entregado por la actual ministra de Transici\u00f3n Ecol\u00f3gica, Teresa Ribera.&nbsp;<\/p>\n\n\n\n<p><strong>\u00bfQu\u00e9 es un&nbsp;<em>tipping point<\/em>&nbsp;clim\u00e1tico?&nbsp;<\/strong><\/p>\n\n\n\n<p>Es un punto de vuelco, de inflexi\u00f3n en el equilibrio de un elemento o subsistema significativo (permafrost, Amazonas, corriente termohalina, Groenlandia) cuyo rebasamiento lo desestabiliza y genera un cambio de fase, llevando al sistema a un nuevo estado que puede \u2013o no\u2013 ser de equilibrio. Hay 15 especificados y 9 de ellos est\u00e1n en fase de degradaci\u00f3n o ya sobrepasados. Entre ellos se interrelacionan provocando cascadas de efectos.<\/p>\n\n\n\n<p><strong>\u00bfCu\u00e1l es el estado de esos TP y c\u00f3mo se relacionan?<\/strong><\/p>\n\n\n\n<p>Groenlandia est\u00e1 asumido que se va a fundir por completo. Ya no nieva tanto como se est\u00e1 deshelando. La Ant\u00e1rtida occidental, con toda probabilidad, tambi\u00e9n. Entre esos dos, el nivel del mar ya subir\u00eda 10 metros. Pero, claro, si s\u00f3lo fuera eso. Resulta que al verter el deshielo grandes cantidades de agua dulce&nbsp; \u2013por ejemplo en las costas de Groenlandia\u2013 esto afecta a las corrientes por factores de salinidad, densidad y temperatura. La corriente termohalina, ya ralentiz\u00e1ndose mucho, incluso podr\u00eda llegar a detenerse, acentuando los inviernos fr\u00edos en el norte. Adem\u00e1s, como todo est\u00e1 conectado, la corriente termohalina influye tambi\u00e9n en el Pac\u00edfico, en los fen\u00f3menos de&nbsp;<em>El Ni\u00f1o-Super&nbsp;Ni\u00f1o<\/em>&nbsp;amplific\u00e1ndolos y&nbsp;<a href=\"https:\/\/www.lavanguardia.com\/natural\/20191026\/471179340957\/porque-super-ninos-cada-vez-mas-frecuentes.html\" target=\"_blank\" rel=\"noreferrer noopener\">haci\u00e9ndolos m\u00e1s frecuentes<\/a>. Estos eventos tienen asociados sequ\u00edas \u2013y por tanto megaincendios\u2013 en el Amazonas. Eso aumenta la deforestaci\u00f3n acercando al propio Amazonas a su punto de no retorno, en el que se ir\u00e1 convirtiendo en sabana. Todo ello aumenta las emisiones de carbono, con lo cual el ciclo de realimentaciones se autorrefuerza.&nbsp;<\/p>\n\n\n\n<p>Y a\u00fan nos quedar\u00eda hablar, entre otros, del&nbsp;<a href=\"https:\/\/ustednoselocree.com\/2019\/11\/20\/peor-de-lo-esperado-4-ejemplos-climaticos-emisiones-del-permafrost-mas-de-70-anos-por-delante-ya-son-netas\/\" target=\"_blank\" rel=\"noreferrer noopener\">enorme problema del permafrost<\/a>&nbsp;\u2013esa bomba de relojer\u00eda\u2013. Hasta ahora se dec\u00eda que sus emisiones no eran netas por el efecto limitado de fertilizaci\u00f3n del carbono \u2013tan cacareado por la industria de los combustibles\u2013.&nbsp;<a href=\"https:\/\/www.nasa.gov\/feature\/goddard\/2019\/arctic-shifts-to-a-carbon-source-due-to-winter-soil-emissions\" target=\"_blank\" rel=\"noreferrer noopener\">Eso ya ha cambiado<\/a>. Hay un modelo reciente, desarrollado por gente de mucho prestigio comoJ\u00f8rgen Randers \u2013uno de los firmantes del&nbsp;<a href=\"https:\/\/www.theguardian.com\/commentisfree\/2014\/sep\/02\/limits-to-growth-was-right-new-research-shows-were-nearing-collapse\" target=\"_blank\" rel=\"noreferrer noopener\">crucial informe a los l\u00edmites del crecimiento de 1972 que tanto acert\u00f3<\/a>\u2013. Su modelo muestra que el permafrost se fundir\u00eda aunque ma\u00f1ana cesaran las emisiones. Es decir, muy probablemente,&nbsp;<em>tipping point<\/em>&nbsp;superado.&nbsp;&nbsp;&nbsp;<\/p>\n\n\n\n<p><strong>\u00bfPodr\u00edamos decir que son como los \u00f3rganos de un cuerpo, es decir, si falla el h\u00edgado, el ri\u00f1\u00f3n, el resto de \u00f3rganos, obviamente van a sufrir?&nbsp;<\/strong><\/p>\n\n\n\n<p>Est\u00e1 bien visto, efectivamente. Se influyen mutuamente y dependen unos de otros. Y siguiendo con esa met\u00e1fora, ahora tenemos que dejar de ser los pat\u00f3genos que degradan esos subsistemas u \u00f3rganos de la Tierra y ser m\u00e1s bien gl\u00f3bulos blancos, el sistema inmunitario. Regenerarlos, en la medida de lo posible. Dejar de degradar y comenzar a reparar. Y esperar que no sea demasiado tarde para evitar la cascada sist\u00e9mica que supondr\u00eda haber rebasado el punto de no retorno global, que nos llevar\u00eda a la&nbsp;<a href=\"https:\/\/www.youtube.com\/watch?v=DYmd9Wfni1g\">Tierra Invernadero<\/a>&nbsp;anticipada por algunos de los mejores cient\u00edficos vivos que tenemos.<\/p>\n\n\n\n<p><strong>\u00bfHay relaci\u00f3n directa entre la degradaci\u00f3n de los TP y el aumento de los fen\u00f3menos extremos tipo&nbsp;<em>Filomenas<\/em>, DANAs, etc.?&nbsp;<\/strong><\/p>\n\n\n\n<p>Si vas buscando la causa encuentras obviamente el aumento del CO2 y el aumento de la temperatura en todos esos fen\u00f3menos, es una causa indirecta. Las&nbsp;<em>Filomenas<\/em>&nbsp;se dan con m\u00e1s frecuencia por una debilidad de la corriente en chorro o&nbsp;<em>Jet Stream<\/em>&nbsp;que pierde su adherencia al polo norte y esto provoca que se desestabilice el patr\u00f3n de temperaturas y fen\u00f3menos habituales tambi\u00e9n m\u00e1s al sur.&nbsp;<\/p>\n\n\n\n<p><strong>Peor de lo esperado. As\u00ed ha definido una tendencia: que las previsiones cient\u00edficas suelen pecar de conservadoras y son revisadas habitualmente a peor. Como ha ocurrido en el caso de los TP, que se pensaba que no se ver\u00edan comprometidos hasta llegar a los 5\u00ba, luego a los 3\u00ba, a los 1\u20195\u00ba\u2026 \u00bfPor qu\u00e9 ocurre esto?<\/strong><\/p>\n\n\n\n<p>Est\u00e1n los factores inevitables, la ciencia no solo es un m\u00e9todo, es un proceso, y a veces hay tanto debate, que se obvia el problema hasta que no haya una conclusi\u00f3n m\u00e1s consensuada. Por eso las opiniones m\u00e1s extremas no suelen considerarse. Empujar el conocimiento cient\u00edfico hacia adelante tiene riesgos; por ejemplo, si la ciencia fuese m\u00e1s atrevida, el negacionismo organizado aprovechar\u00eda para seguir retrasando el avance. Todo esto ayuda a que se den otros factores de autocensura que podr\u00edan ser m\u00e1s evitables. Y que ocurren tambi\u00e9n porque a seg\u00fan qu\u00e9 posiciones, muy contrarias a la \u201cl\u00f3gica\u201d del sistema, no les renovar\u00edan los fondos de investigaci\u00f3n si dicen cosas demasiado catastrofistas o revolucionarias. Es complicado, ellos mismos se preguntan si est\u00e1n fall\u00e1ndonos comunicativamente al resto.<strong>El sexto informe del IPCC es en 2021. Con semejante panorama \u00bfqu\u00e9 esperas?<\/strong><\/p>\n\n\n\n<p>De momento ten\u00edan que sacarlo en abril y lo han alargado hasta junio. Tienen un marr\u00f3n. Los sucesivos informes han ido empeorando las previsiones gradualmente, pero ahora los cambios son muy sustantivos. La diferencia ser\u00e1 m\u00e1s grande y m\u00e1s dif\u00edcil de justificar. Hasta ahora los Acuerdos de Par\u00eds y dem\u00e1s se han basado en el informe de 2013, as\u00ed que la actualizaci\u00f3n es importante.<\/p>\n\n\n\n<p><strong>Entremos en el tema de la biodiversidad y su relaci\u00f3n con las pandemias, \u00bfesto evidencia que no es un problema simplemente de \u201cemisiones\u201d sino de un sistema que presiona excesivamente a los ecosistemas que lo sostienen?&nbsp;<\/strong><\/p>\n\n\n\n<p>S\u00ed, hablar de \u201cbiodiversidad\u201d es el eufemismo para hablar del extraordinario ritmo de extinci\u00f3n de especies. La invasi\u00f3n del espacio natural por parte de la especie humana no puede tener otra consecuencia que la invasi\u00f3n de algunos aspectos no deseados \u2013pat\u00f3genos, pandemias, mosquitos transmisores, especies invasoras\u2013 del mundo natural en los h\u00e1bitats de la especie humana.&nbsp;&nbsp;<\/p>\n\n\n\n<p>Hay valores que cuando uno los observa se estremece:&nbsp;<a href=\"https:\/\/ec.europa.eu\/jrc\/en\/science-update\/wwf-living-planet-report-2020-reveals-68-drop-wildlife-populations\" target=\"_blank\" rel=\"noreferrer noopener\">En los \u00faltimos 50 a\u00f1os seg\u00fan el \u201cLiving Planet Report\u201d de 2020 hemos liquidado nada menos que el 68% de todos los individuos vertebrados del mundo<\/a>: mam\u00edferos, p\u00e1jaros, peces, anfibios y reptiles. Una masacre gigantesca en solo en 50 a\u00f1os. Y esta&nbsp;<em>heroicidad<\/em>&nbsp;<em>del progreso<\/em>&nbsp;mal entendido s\u00ed se podr\u00eda detener ma\u00f1ana. Tenemos que reaprender nuestra relaci\u00f3n con la Tierra, salir del dualismo y el mecanicismo.<\/p>\n\n\n\n<p><strong>Y esto evidencia que ni la geoingenier\u00eda ni los proyectos de secuestro y captura de carbono (BEECS) son soluciones. Acaso, quiz\u00e1, ojal\u00e1, para una parte del problema, pero el problema es m\u00e1s amplio y cultural.<\/strong><\/p>\n\n\n\n<p>S\u00ed, y no hemos hablado de los oc\u00e9anos, que tambi\u00e9n tienen su&nbsp;<em>tipping point<\/em>. Cada vez m\u00e1s acidificados,&nbsp;<a href=\"https:\/\/www.lavanguardia.com\/vida\/20201209\/6107530\/cientificos-italianos-hallan-microplastico-placenta-humana.html\" target=\"_blank\" rel=\"noreferrer noopener\">llenos de micropl\u00e1sticos que acaban en nuestros est\u00f3magos<\/a>. Hay que ir entendiendo que la tecnolog\u00eda, y la producci\u00f3n tal y como las entendemos, lejos de ser la soluci\u00f3n, son el problema. Desde la Ilustraci\u00f3n, nos hemos ido creyendo que siempre m\u00e1s es mejor, que todo est\u00e1 en la raz\u00f3n. Y eso no es cierto. Quiz\u00e1 habr\u00eda que recuperar lo que el romanticismo reabri\u00f3 y cerr\u00f3 a la vez, un romanticismo 2.0 cuya \u00f3ptica no sea s\u00f3lo la del hombre occidental. Se me ocurren por ejemplo,&nbsp;<a href=\"https:\/\/ctxt.es\/es\/20210101\/Politica\/34723\/Esther-Penas-entrevista-Marina-Garces-educacion-escuela-aprendizaje.htm\" target=\"_blank\" rel=\"noreferrer noopener\">las ideas de la fil\u00f3sofa Marina Garc\u00e9s<\/a>.&nbsp;<\/p>\n\n\n\n<p>La geoingenier\u00eda espero que se evite, ser\u00eda el \u00faltimo estertor, la \u00faltima arrogancia: creer que se puede dominar el conjunto del planeta. Es una ilusi\u00f3n de control. La cantidad de peligros, efectos no deseados que tienen es tal \u2013estoy pensando en los sistemas de gesti\u00f3n de la radiaci\u00f3n solar\u2013, que mejor ni intentarlo. No estoy en contra de que se estudie, pero las soluciones no van por ah\u00ed.<\/p>\n\n\n\n<p>En cuanto al secuestro de carbono, habr\u00eda que retirar tanto \u2013volver a entre 300 y 350 partes por mill\u00f3n de CO2\u2013 para estabilizar el clima, que de momento es una quimera absoluta, pretender enterrar m\u00e1gicamente nuestros residuos es nuestra forma de esconder el problema debajo de la alfombra. Y de momento, los acuerdos de Par\u00eds y dem\u00e1s, se basan en esto. No tiene sentido.&nbsp;<\/p>\n","protected":false},"excerpt":{"rendered":"<p>Juan Bordera Fuente: Rebeli\u00f3n La gota que desborda el vaso. La \u00faltima vez que el hacha golpea el \u00e1rbol antes de caer. El \u00faltimo barril rentable de extraer en un pozo de petr\u00f3leo. Hay tantos ejemplos de Tipping points (TP) como se quieran buscar. Son puntos de vuelco, de no retorno, y est\u00e1n de moda. [&hellip;]<\/p>\n","protected":false},"author":1,"featured_media":4327,"comment_status":"open","ping_status":"open","sticky":false,"template":"","format":"standard","meta":{"footnotes":""},"categories":[4],"tags":[],"_links":{"self":[{"href":"http:\/\/www.movimientocaamanista.com\/index.php?rest_route=\/wp\/v2\/posts\/4326"}],"collection":[{"href":"http:\/\/www.movimientocaamanista.com\/index.php?rest_route=\/wp\/v2\/posts"}],"about":[{"href":"http:\/\/www.movimientocaamanista.com\/index.php?rest_route=\/wp\/v2\/types\/post"}],"author":[{"embeddable":true,"href":"http:\/\/www.movimientocaamanista.com\/index.php?rest_route=\/wp\/v2\/users\/1"}],"replies":[{"embeddable":true,"href":"http:\/\/www.movimientocaamanista.com\/index.php?rest_route=%2Fwp%2Fv2%2Fcomments&post=4326"}],"version-history":[{"count":1,"href":"http:\/\/www.movimientocaamanista.com\/index.php?rest_route=\/wp\/v2\/posts\/4326\/revisions"}],"predecessor-version":[{"id":4328,"href":"http:\/\/www.movimientocaamanista.com\/index.php?rest_route=\/wp\/v2\/posts\/4326\/revisions\/4328"}],"wp:featuredmedia":[{"embeddable":true,"href":"http:\/\/www.movimientocaamanista.com\/index.php?rest_route=\/wp\/v2\/media\/4327"}],"wp:attachment":[{"href":"http:\/\/www.movimientocaamanista.com\/index.php?rest_route=%2Fwp%2Fv2%2Fmedia&parent=4326"}],"wp:term":[{"taxonomy":"category","embeddable":true,"href":"http:\/\/www.movimientocaamanista.com\/index.php?rest_route=%2Fwp%2Fv2%2Fcategories&post=4326"},{"taxonomy":"post_tag","embeddable":true,"href":"http:\/\/www.movimientocaamanista.com\/index.php?rest_route=%2Fwp%2Fv2%2Ftags&post=4326"}],"curies":[{"name":"wp","href":"https:\/\/api.w.org\/{rel}","templated":true}]}}