{"id":4329,"date":"2021-04-25T12:18:25","date_gmt":"2021-04-25T12:18:25","guid":{"rendered":"http:\/\/www.movimientocaamanista.com\/?p=4329"},"modified":"2021-04-25T12:18:27","modified_gmt":"2021-04-25T12:18:27","slug":"una-lectura-de-los-resultados-de-las-elecciones-subnacionales","status":"publish","type":"post","link":"http:\/\/www.movimientocaamanista.com\/?p=4329","title":{"rendered":"Una lectura de los resultados de las elecciones subnacionales"},"content":{"rendered":"\n<p>Ren\u00e9 Behoteguy Ch\u00e1vez<\/p>\n\n\n\n<p>Fuente: <a href=\"https:\/\/rebelion.org\/una-lectura-de-los-resultados-de-las-elecciones-subnacionales\/\">Rebeli\u00f3n<\/a><\/p>\n\n\n\n<p>Las elecciones subnacionales en Bolivia, celebradas el 7 de marzo, se pueden leer como una radicalizaci\u00f3n de los escenarios de disputa, con el MAS como partido hegem\u00f3nico a nivel nacional pero con una derecha con presencia fuerte y radicalizada en el departamento Santa Cruz y en ciudades importantes como Cochabamba y La Paz.<\/p>\n\n\n\n<p>Tambi\u00e9n cabe resaltar la irrupci\u00f3n de candidatos disidentes que vienen de las filas del MAS pero que, producto de los conflictos en la elecci\u00f3n de candidaturas, se han presentado por otras fuerzas y han logrado triunfos importantes.&nbsp;<\/p>\n\n\n\n<p><strong>Hegemon\u00eda del MAS y peso del voto rural<\/strong>&nbsp;<\/p>\n\n\n\n<p>Del total de las 336 alcald\u00edas en disputa en estas elecciones, el MAS acabar\u00e1 triunfando en 240, asimismo sus candidaturas a gobernaci\u00f3n han triunfado en 6 de los 9 departamentos, quedando segundas en las tres restantes. Si bien la votaci\u00f3n del MAS, como suele suceder, tiene menos fuerza&nbsp; en las elecciones a gobernadores y alcaldes que en las presidenciales, consolida una enorme distancia del resto de sujetos pol\u00edticos, sobretodo en las zonas rurales, constituy\u00e9ndose adem\u00e1s en el \u00fanico partido pol\u00edtico con presencia en todo el pa\u00eds, el \u00fanico con fuerza y vida org\u00e1nica y militancia. Eso hace que el discurso pol\u00edtico se articule en torno a estar a favor o en contra de lo que el MAS propone, es decir, que tiene una clara hegemon\u00eda.&nbsp;&nbsp;<\/p>\n\n\n\n<p>No obstante, a pesar de haber triunfado en la mayor\u00eda de los departamentos, solamente en tres (Oruro, Cochabamba y Potos\u00ed) ha triunfado en primera vuelta. En Pando, Tarija, Chuquisaca y La Paz, se tuvo que enfrentar&nbsp; a una segunda vuelta muy complicada el 11 de abril, en la que&nbsp; el voto se concentr\u00f3 en los candidatos contrarios al partido de gobierno que acabaron por triunfar.&nbsp;&nbsp;<\/p>\n\n\n\n<p>En las grandes ciudades el MAS, las 9 capitales departamentales y la ciudad de El Alto, solamente ha logrado triunfar en Oruro y Sucre.&nbsp; Si bien no son buenos resultados, hay que tener en cuenta que son resultados muy similares a los de las \u00faltimas elecciones subnacionales. Probablemente lo que s\u00ed puede resultar decepcionante para el MAS es que, despu\u00e9s de la gran victoria de Arce en octubre y la dispersi\u00f3n y debilitamiento de la oposici\u00f3n, se esperaban mejores resultados. La debilidad del MAS en las ciudades, espacios de cultura pol\u00edtica mucho m\u00e1s individualistas en que las estructuras comunitarias y sindicales no ejercen la influencia que s\u00ed tienen en el \u00e1rea rural, constituye el hist\u00f3rico tal\u00f3n de Aquiles del partido de gobierno.&nbsp;&nbsp;<\/p>\n\n\n\n<p>Queda claro, adem\u00e1s, que la imposici\u00f3n de candidaturas desde la c\u00fapula partidaria en muchos casos,&nbsp; desconociendo a quienes hab\u00edan sido postulados por las organizaciones sociales, le ha costado muy caro al MAS, partido cuyo origen y raz\u00f3n de ser est\u00e1n en ser el instrumento pol\u00edtico de las organizaciones y sectores populares.&nbsp;<\/p>\n\n\n\n<p><strong>Emerge una oposici\u00f3n de izquierda y popular al MAS<\/strong>&nbsp;<\/p>\n\n\n\n<p>Eva Copa, anterior presidenta del senado por el MAS, se hizo con la victoria en la ciudad de El Alto, basti\u00f3n de la lucha contra el gobierno de facto de Jeanine A\u00f1ez, con el 68,7% de los votos. Dami\u00e1n Condori, dirigente de la Confederaci\u00f3n Sindical \u00danica de Trabajadores Campesinos en Chuquisaca, se enfrent\u00f3 al MAS en segunda vuelta por la gobernaci\u00f3n resultando triunfador. A estos se suman los triunfos de Ana Luc\u00eda Reis en la ciudad de Cobija y del nuevo gobernador del Beni, Alejandro Unzueta.&nbsp; Todos ellos fueron propuestos por las organizaciones sociales como candidatos del MAS y rechazados a su vez por la c\u00fapula del partido, lo que ha abierto una fisura importante en el campo popular. Al mismo tiempo, nos ponen ante un debate cl\u00e1sico de la izquierda boliviana, entre aquellos sectores m\u00e1s cercanos a la ortodoxia leninista que, en el entendido de que el partido es la vanguardia de la lucha, han impuesto sus candidatos a las organizaciones sociales, y el fuerte car\u00e1cter deliberativo y asambleario de unos movimientos sociales, populares y con fuerte presencia de pueblos originarios -sobre todo aymaras y quechuas- que entienden que son las organizaciones de base quienes deben orientar y decidir, mientras que los cargos del partido est\u00e1n para, \u201cmandar obedeciendo\u201d, parafraseando a los&nbsp; zapatistas y al mismo Evo.&nbsp;<\/p>\n\n\n\n<p>Es as\u00ed que, all\u00ed donde el MAS ha optado por deso\u00edr a dichas organizaciones, ha salido derrotado, a\u00fan en bastiones de lucha como El Alto, donde la derrota ha resultado apabullante. Hay que prestar principal atenci\u00f3n a los triunfos de Eva Copa y Dami\u00e1n Condori, a los que hay que sumar&nbsp; en la segunda vuelta en La Paz el de Santos Quispe, hijo del l\u00edder aymara Felipe Quispe, recientemente fallecido quien, hasta el final de su vida, mantuvo posiciones indianistas muy cr\u00edticas con la izquierda mestiza tradicional.&nbsp;<\/p>\n\n\n\n<p>Si, fundamentalmente, Copa es capaz de cuajar una buena gesti\u00f3n en la dif\u00edcil alcald\u00eda de El Alto, ciudad que, por su dinamismo, desorden, crecimiento constante y fuerte esp\u00edritu cr\u00edtico, resulta m\u00e1s dif\u00edcil de gobernar que el mismo pa\u00eds. Y si a esa gesti\u00f3n positiva es capaz de sumarle una capacidad de articularse con los posibles gobernadores Quispe, Condori y las fuerzas populares disidentes del MAS en Beni y Pando, podr\u00edamos hablar de una seria posibilidad de que exista una oposici\u00f3n al MAS desde la izquierda y sectores populares, adem\u00e1s con un marcado car\u00e1cter ind\u00edgena originario.&nbsp;<\/p>\n\n\n\n<p>Este es un escenario interesante, en tanto dichos actores puedan obligar al partido que ha gobernado Bolivia en 14 de los \u00faltimos 15 a\u00f1os (con la sola interrupci\u00f3n del per\u00edodo de facto por el golpe de estado de A\u00f1ez) a superar sus contradicciones, tanto en su relaci\u00f3n con las organizaciones de base, como con otros temas claves, como el modelo econ\u00f3mico extractivista, la falta de profundidad en los procesos descolonizadores o la tolerancia casi c\u00f3mplice con las pr\u00e1cticas de acumulaci\u00f3n y explotaci\u00f3n capitalista de las \u00e9lites olig\u00e1rquicas.&nbsp;<\/p>\n\n\n\n<p>Para ello ser\u00e1 fundamental que tanto el MAS como sus disidentes entiendan -como en su momento entendi\u00f3 perfectamente Felipe Quispe, cuando se opuso a la intenci\u00f3n de A\u00f1ez de aplazar eternamente las elecciones- que, a pesar de las diferencias y pugnas, son parte del mismo bloque hist\u00f3rico popular ind\u00edgena y de clase trabajadora y que siguen teniendo un enemigo com\u00fan que son las oligarqu\u00edas agroexportadoras y mineras sostenidas por su principal socio, el imperialismo norteamericano.&nbsp;&nbsp;<\/p>\n\n\n\n<p><strong>La derecha, radicalizada<\/strong>&nbsp;<\/p>\n\n\n\n<p>El hundimiento de la derecha moderada representada por Comunidad Ciudadana y su l\u00edder, Carlos Mesa, ha hecho que, si bien el espacio pol\u00edtico de la derecha se fragmente, no se pueda negar el \u00e9xito de algunos de sus candidatos locales, adem\u00e1s representado por actores de posiciones mucho m\u00e1s radicales. Es el caso del triunfador a la alcald\u00eda de Cochabamba Manfred Reyes Villa, exmilitar ligado en su juventud a las dictaduras militares, adem\u00e1s de socio y, por tanto, c\u00f3mplice del gobierno criminal de S\u00e1nchez de Lozada; o de Iv\u00e1n Arias en La Paz, personaje que, despu\u00e9s de haber discurrido desde la izquierda hacia posiciones cada vez m\u00e1s reaccionarias, acab\u00f3 siendo ministro del gobierno de facto y corrupto de Jeanine A\u00f1ez.&nbsp;&nbsp;&nbsp;<\/p>\n\n\n\n<p>Pero, sin duda, quien se coloca a la cabeza de la oposici\u00f3n de derecha en Bolivia es quien, desde el Comit\u00e9 C\u00edvico de Santa Cruz, fuera principal art\u00edfice del golpe de estado de 2019: Luis Fernando Camacho, ganador con mayor\u00eda absoluta de la Gobernaci\u00f3n de Santa Cruz, la regi\u00f3n m\u00e1s rica y poblada de Bolivia. El discurso y pr\u00e1ctica pol\u00edtica de Camacho, basado en posturas identitarias claramente racistas, sumadas a un exacerbado discurso conservador religioso y a su estrecho v\u00ednculo con las \u00e9lites agroindustriales del oriente, nos ponen ante la realidad de que Camacho utilizar\u00e1 la gobernaci\u00f3n para confrontar y tensar las relaciones con el gobierno de Arce.&nbsp;&nbsp;<\/p>\n\n\n\n<p>De hecho, la detenci\u00f3n de Jeanine A\u00f1ez para ser juzgada por el golpe de estado, tras ser derrotada como candidata a gobernadora del Beni, ha reactivado con fuerza la disputa por el relato de lo sucedido en 2019.&nbsp; Se contraponen la visi\u00f3n de la derecha, apoyada por amplios sectores de la clase media en el sentido de que lo sucedido fue una simple sucesi\u00f3n constitucional producida por la renuncia de Evo Morales ante las movilizaciones contra un&nbsp; supuesto fraude electoral, y el convencimiento de los sectores populares de que aquello fue un golpe de estado planificado y violento, lo cual puede atestiguarse con las masacres de Senkata y Sacaba con una treintena de muertos y la persecuci\u00f3n pol\u00edtica contra quienes se opusieron al golpe y gobierno corrupto de A\u00f1ez. Finalmente, el triunfo del MAS con 55% deja claro que lo sucedido tiene a A\u00f1ez y Camacho como responsables, que deben ser juzgados y castigados.&nbsp;<\/p>\n\n\n\n<p>En s\u00edntesis, ante una derecha que no dudar\u00e1 en seguir conspirando para derrocar al gobierno y que tiende a radicalizarse, desde el campo popular&nbsp; y la izquierda toca reflexionar, reconducir los errores, coser las heridas que han dado lugar a las fracturas y entre todos y todas profundizar en un proceso de verdadera ruptura con las estructuras capitalistas, coloniales y patriarcales que impiden desarrollar un futuro de igualdad y justicia para el pueblo boliviano, articulada con las luchas de los pueblos del continente y del mundo en general.&nbsp;<\/p>\n\n\n\n<p><strong>Ren\u00e9 Behoteguy Ch\u00e1vez es boliviano residente en Euskal Herria, militante de Askapena<\/strong><\/p>\n","protected":false},"excerpt":{"rendered":"<p>Ren\u00e9 Behoteguy Ch\u00e1vez Fuente: Rebeli\u00f3n Las elecciones subnacionales en Bolivia, celebradas el 7 de marzo, se pueden leer como una radicalizaci\u00f3n de los escenarios de disputa, con el MAS como partido hegem\u00f3nico a nivel nacional pero con una derecha con presencia fuerte y radicalizada en el departamento Santa Cruz y en ciudades importantes como Cochabamba [&hellip;]<\/p>\n","protected":false},"author":1,"featured_media":3149,"comment_status":"open","ping_status":"open","sticky":false,"template":"","format":"standard","meta":{"footnotes":""},"categories":[5,3],"tags":[],"_links":{"self":[{"href":"http:\/\/www.movimientocaamanista.com\/index.php?rest_route=\/wp\/v2\/posts\/4329"}],"collection":[{"href":"http:\/\/www.movimientocaamanista.com\/index.php?rest_route=\/wp\/v2\/posts"}],"about":[{"href":"http:\/\/www.movimientocaamanista.com\/index.php?rest_route=\/wp\/v2\/types\/post"}],"author":[{"embeddable":true,"href":"http:\/\/www.movimientocaamanista.com\/index.php?rest_route=\/wp\/v2\/users\/1"}],"replies":[{"embeddable":true,"href":"http:\/\/www.movimientocaamanista.com\/index.php?rest_route=%2Fwp%2Fv2%2Fcomments&post=4329"}],"version-history":[{"count":1,"href":"http:\/\/www.movimientocaamanista.com\/index.php?rest_route=\/wp\/v2\/posts\/4329\/revisions"}],"predecessor-version":[{"id":4330,"href":"http:\/\/www.movimientocaamanista.com\/index.php?rest_route=\/wp\/v2\/posts\/4329\/revisions\/4330"}],"wp:featuredmedia":[{"embeddable":true,"href":"http:\/\/www.movimientocaamanista.com\/index.php?rest_route=\/wp\/v2\/media\/3149"}],"wp:attachment":[{"href":"http:\/\/www.movimientocaamanista.com\/index.php?rest_route=%2Fwp%2Fv2%2Fmedia&parent=4329"}],"wp:term":[{"taxonomy":"category","embeddable":true,"href":"http:\/\/www.movimientocaamanista.com\/index.php?rest_route=%2Fwp%2Fv2%2Fcategories&post=4329"},{"taxonomy":"post_tag","embeddable":true,"href":"http:\/\/www.movimientocaamanista.com\/index.php?rest_route=%2Fwp%2Fv2%2Ftags&post=4329"}],"curies":[{"name":"wp","href":"https:\/\/api.w.org\/{rel}","templated":true}]}}