{"id":4331,"date":"2021-04-25T12:27:04","date_gmt":"2021-04-25T12:27:04","guid":{"rendered":"http:\/\/www.movimientocaamanista.com\/?p=4331"},"modified":"2021-04-25T12:27:06","modified_gmt":"2021-04-25T12:27:06","slug":"expresion-electoral-exabrupta","status":"publish","type":"post","link":"http:\/\/www.movimientocaamanista.com\/?p=4331","title":{"rendered":"Expresi\u00f3n electoral exabrupta"},"content":{"rendered":"\n<p>Milc\u00edades Ruiz<\/p>\n\n\n\n<p>Fuente: <a href=\"https:\/\/rebelion.org\/expresion-electoral-exabrupta\/\">Rebeli\u00f3n<\/a><\/p>\n\n\n\n<p>En el reciente proceso electoral, un importante sector de votantes se ha expresado de manera inesperada por segunda vez consecutiva. Entender y comprender esta manifestaci\u00f3n de psicolog\u00eda social, puede ayudar a atender su clamor. Pero las interpretaciones se van por las ramas, omitiendo este anhelo social, que busca un cambio profundo en el r\u00e9gimen pol\u00edtico. Al respecto, hago las siguientes observaciones.<\/p>\n\n\n\n<figure class=\"wp-block-image\"><img decoding=\"async\" src=\"https:\/\/rebelion.org\/wp-content\/uploads\/2021\/04\/image003.jpg\" alt=\"\" class=\"wp-image-671258\"\/><\/figure>\n\n\n\n<p>Los resultados del reciente sufragio han dado lugar a muchas interpretaciones, analizando diversos aspectos de la campa\u00f1a electoral y actitudes de los candidatos principales. Pero precisamente, por ser resultados, se necesita revisar el proceso para visionar la gestaci\u00f3n de los hechos, que son los que determinan el fen\u00f3meno social en que las personas destacadas, aparecen como parte del mismo.<\/p>\n\n\n\n<p>Se trata entonces de examinar hechos y no solamente personas. Pero es frecuente atribuir a las personas destacadas, m\u00e9ritos y dem\u00e9ritos, de los cuales, no siempre, son autores, pudiendo ser frutos de las circunstancias. En este caso, nos alegra el triunfo electoral de Pedro Castillo, pero debemos cuidarnos de no perder el sentido de los hechos. Solo as\u00ed, podremos aprovechar la oportunidad favorable y, ayudar sin caer en falsas expectativas.<\/p>\n\n\n\n<p>Se dice que la izquierda ha ganado en primera vuelta y empezamos a so\u00f1ar, porque no analizamos las condiciones que rodean este suceso. En efecto, el candidato de Per\u00fa Libre, sorpresivamente, obtuvo la m\u00e1s alta votaci\u00f3n en la primera vuelta electoral con un 19.1% de los votos, superando a los dem\u00e1s competidores. Pero esto, no significa que la izquierda en general y Per\u00fa Libre en particular, tengan ya, el poder pol\u00edtico en sus manos. Veamos.<\/p>\n\n\n\n<p>En 1985, IU liderada por Barrantes obtuvo el 21% de la votaci\u00f3n y 64 esca\u00f1os: 14 senadores (5 del PUM) y 50 diputados (15 de UNIR), producto de 1 mill\u00f3n 600 mil votos. Obviamente, fueron otras las circunstancias, pero no fue una sorpresa. Los votos fueron emitidos por convicci\u00f3n y no por exabrupto social. No obstante, IU decidi\u00f3 no participar en la segunda vuelta por c\u00e1lculo pol\u00edtico en ese momento hist\u00f3rico. Actualmente la situaci\u00f3n es distinta y sin restar m\u00e9ritos a PL, es preciso hacer una reflexi\u00f3n fr\u00edamente.<\/p>\n\n\n\n<p>A riesgo de ser mal interpretado, los resultados de la ONPE me dicen que la derecha en conjunto habr\u00eda obtenido el 73% de los votos y la izquierda en conjunto, el 27% (PL, JPP y FA). Consecuentemente, la derecha habr\u00eda obtenido 88 curules y la izquierda 42. \u00bfC\u00f3mo? \u00bfEntonces quienes ganaron las elecciones? Seg\u00fan este enfoque, podr\u00edamos decir que, el gobierno ya ha sido elegido, y est\u00e1 compuesto por ocho agrupaciones pol\u00edticas: 6 bancadas de derecha y dos de izquierda. Ahora solo falta elegir al administrador de sus decisiones.<\/p>\n\n\n\n<p>\u00bfPero c\u00f3mo? \u00a1Eso quiere decir que, tendremos un gobierno de derecha! Eso ya est\u00e1 definido. Se gobierna mediante leyes y estas, las aprueba el Parlamento de las ocho agrupaciones, en el que la derecha tiene amplia mayor\u00eda. Estos son los hechos. En segunda vuelta se elegir\u00e1 al Presidente ejecutivo, el que se encarga de ejecutar las decisiones del Parlamento. Por eso, hablamos del Poder Ejecutivo. Este no puede salirse del marco legal que dispone el Poder Legislativo.<\/p>\n\n\n\n<p>El presidente a elegir en segunda vuelta, puede ser de izquierda o de derecha, pero tendr\u00e1 que manejar la situaci\u00f3n de una manera que facilite su labor ejecutiva. Si el presidente tiene mayor\u00eda de votos en el Congreso de la Rep\u00fablica, entonces su labor no tendr\u00e1 mayores inconvenientes. Si no lo tiene, tendr\u00e1 que hacer concesiones que le permitan contar con suficiente apoyo parlamentario para facilitar su labor.<\/p>\n\n\n\n<p>Por el contrario, si no hay entendimiento entre Legislativo y Ejecutivo, las relaciones ser\u00e1n conflictivas. Por ejemplo, el ex presidente Belaunde Terry, en su primer gobierno tuvo un Parlamento de oposici\u00f3n que le imped\u00eda cumplir sus promesas electorales, cayendo en desprestigio y termin\u00f3 siendo depuesto. Tambi\u00e9n somos testigos de lo que hizo la mayor\u00eda absoluta que tuvo el fujimorismo antes de la disoluci\u00f3n del Parlamento antepasado. Pero ahora, son otras las circunstancias.<\/p>\n\n\n\n<p>Entonces, para la segunda vuelta, ser\u00eda preferible para la derecha parlamentaria, se elija como administrador pol\u00edtico a uno de derecha, siempre y cuando, sus discrepancias no lleguen a la confrontaci\u00f3n. En cambio, de elegirse uno de izquierda, el Parlamento mayoritariamente derechista le tendr\u00e1 tirria. Salvo que haya concesiones pol\u00edticas entre las partes. Pero eso, significa declinar principios, lo cual, podr\u00eda ser funesto, como sucedi\u00f3 ya en el \u201cgobierno de la convivencia\u201d oligarqu\u00eda\/aprismo.<\/p>\n\n\n\n<p>De modo que, en la campa\u00f1a para la segunda vuelta, los candidatos podr\u00e1n ofertar muchos atractivos, pero de nada servir\u00e1, porque ello, depende de lo que decida el Parlamento ya elegido. Pero cualquiera que sea el resultado de la segunda vuelta, el panorama que afrontar\u00e1 el Ejecutivo, es sombr\u00edo, pues no hay condiciones favorables para una gesti\u00f3n exitosa, ya que la pandemia y la crisis econ\u00f3mica, lo impedir\u00e1n previsiblemente.<\/p>\n\n\n\n<p>Un gobierno de derecha podr\u00e1 contar con apoyo pol\u00edtico financiero de nuestros depredadores a cambio del patrimonio nacional, pero el problema no es solo de dinero. Es el deterioro mundial el que condiciona lo que puede hacer cada pa\u00eds. Ninguno por s\u00ed solo, aunque su gobierno no tenga oposici\u00f3n, podr\u00e1 salir airoso de la cat\u00e1strofe mundial que involucra a todos. Si no hay pronta recuperaci\u00f3n, las condiciones de vida de la poblaci\u00f3n se agravar\u00e1n sin que los bonos de auxilio sean suficientes. Todo tiene un l\u00edmite.<\/p>\n\n\n\n<p>Dicho lo anterior, paso a resaltar algunos hechos en retrospectiva. El proceso hist\u00f3rico es una concatenaci\u00f3n de hechos sucesivos que se retroalimentan de sus efectos. De este modo lo que sucede hoy, tiene relaci\u00f3n con lo que sucedi\u00f3 ayer y m\u00e1s atr\u00e1s. Pienso por ello que, desde las elecciones parlamentarias del 2020, un gran sector de la poblaci\u00f3n electoral ha reaccionado frente a una situaci\u00f3n de deterioro moral de los pol\u00edticos conocidos, optando por favorecer a los desconocidos, o que no tienen antecedentes negativos. Ver,&nbsp;<a href=\"https:\/\/wordpress.com\/post\/republicaequitativa.wordpress.com\/1429\" target=\"_blank\" rel=\"noreferrer noopener\">https:\/\/wordpress.com\/post\/republicaequitativa.wordpress.com\/1429<\/a><\/p>\n\n\n\n<p>En esa oportunidad, actuando m\u00e1s por desenga\u00f1o que, por convicci\u00f3n, el electorado nos sorprendi\u00f3 con resultados imprevistos, pues el FREPAP, partido pol\u00edtico de la secta religiosa \u201cisraelitas\u201d apareci\u00f3 con una alta votaci\u00f3n, ocupando el segundo lugar, seguido por la agrupaci\u00f3n \u201cPodemos Per\u00fa\u201d en la que destacaban los militares Daniel Urresti y Antauro Humala, l\u00edder de los reservistas etno caceristas. \u00bfQu\u00e9 pas\u00f3? Desde entonces se ve\u00eda ya que, un sector importante del electorado actuaba por desenga\u00f1o, pero no se le dio importancia.<\/p>\n\n\n\n<p>\u00bfQu\u00e9 nos dice este hecho? Que los electores \u201cprobaron\u201d con estos partidos esperanzados de que har\u00edan labor positiva. Pero no fue as\u00ed, y fueron repudiados, a tal punto que se desat\u00f3 la ira popular con saldo de muertes, cuando el presidente del Parlamento asumi\u00f3 la presidencia provisional del Ejecutivo, despu\u00e9s de vacar al titular. Para calmar la ira, se tuvo que designar otro presidente provisional entre los congresistas menos cuestionados.<\/p>\n\n\n\n<p>Es as\u00ed como lleg\u00f3 Sagasti a palacio, pero tambi\u00e9n ha desenga\u00f1ado al electorado, perjudicando a su partido. Consecuentemente, esos partidos sorpresa han sido rechazados en estas \u00faltimas elecciones, pues han quedado fuera por desenga\u00f1o, y el partido Morado de Sagasti, de haber tenido el 7. 40% en el 2020, ahora ha quedado fuera al no pasar la valla. Vemos aqu\u00ed claramente, la persistencia de un estado de \u00e1nimo adverso a los pol\u00edticos que desenga\u00f1an.<\/p>\n\n\n\n<p>Podr\u00edamos decir entonces que, en las \u00faltimas elecciones dicha tendencia observada en el 2020, de votar m\u00e1s por desenga\u00f1o que por convicci\u00f3n, se ha vuelto a manifestar ahora, favoreciendo la candidatura de Per\u00fa Libre, con la esperanza de tener un presidente sin los antecedentes de los otros candidatos. Pero el peligro es enorme para la izquierda, porque si hay desenga\u00f1o, podr\u00eda ser desastroso para ella.<\/p>\n\n\n\n<p>Esta es una gran responsabilidad para la bancada de Per\u00fa Libre (37 congresistas muchos de ellos primerizos, frente a 88 de derecha con muchos maniobreros). Esta responsabilidad alcanza a la bancada de JPP (5 congresistas) si no hay sectarismos. Pero tambi\u00e9n es nuestra responsabilidad aportar para que la izquierda parlamentaria cumpla con un rol digno. De lo contrario, el deterioro de la imagen de la izquierda podr\u00eda ser fatal.<\/p>\n\n\n\n<p>En estas condiciones, \u00bfConviene ganar en segunda vuelta? Keiko tiene una Espada de Damocles pendiente en el Poder Judicial, que podr\u00eda enviarla a la c\u00e1rcel. Entonces, tambi\u00e9n pesa en los c\u00e1lculos los previsibles sucesos posteriores. Sobre esto, tambi\u00e9n es bueno discutir para ver posibilidades. Pero aqu\u00ed me quedo, esperando que no me maleteen por dar una opini\u00f3n divergente.<\/p>\n","protected":false},"excerpt":{"rendered":"<p>Milc\u00edades Ruiz Fuente: Rebeli\u00f3n En el reciente proceso electoral, un importante sector de votantes se ha expresado de manera inesperada por segunda vez consecutiva. Entender y comprender esta manifestaci\u00f3n de psicolog\u00eda social, puede ayudar a atender su clamor. Pero las interpretaciones se van por las ramas, omitiendo este anhelo social, que busca un cambio profundo [&hellip;]<\/p>\n","protected":false},"author":1,"featured_media":4281,"comment_status":"open","ping_status":"open","sticky":false,"template":"","format":"standard","meta":{"footnotes":""},"categories":[5,3],"tags":[],"_links":{"self":[{"href":"http:\/\/www.movimientocaamanista.com\/index.php?rest_route=\/wp\/v2\/posts\/4331"}],"collection":[{"href":"http:\/\/www.movimientocaamanista.com\/index.php?rest_route=\/wp\/v2\/posts"}],"about":[{"href":"http:\/\/www.movimientocaamanista.com\/index.php?rest_route=\/wp\/v2\/types\/post"}],"author":[{"embeddable":true,"href":"http:\/\/www.movimientocaamanista.com\/index.php?rest_route=\/wp\/v2\/users\/1"}],"replies":[{"embeddable":true,"href":"http:\/\/www.movimientocaamanista.com\/index.php?rest_route=%2Fwp%2Fv2%2Fcomments&post=4331"}],"version-history":[{"count":1,"href":"http:\/\/www.movimientocaamanista.com\/index.php?rest_route=\/wp\/v2\/posts\/4331\/revisions"}],"predecessor-version":[{"id":4332,"href":"http:\/\/www.movimientocaamanista.com\/index.php?rest_route=\/wp\/v2\/posts\/4331\/revisions\/4332"}],"wp:featuredmedia":[{"embeddable":true,"href":"http:\/\/www.movimientocaamanista.com\/index.php?rest_route=\/wp\/v2\/media\/4281"}],"wp:attachment":[{"href":"http:\/\/www.movimientocaamanista.com\/index.php?rest_route=%2Fwp%2Fv2%2Fmedia&parent=4331"}],"wp:term":[{"taxonomy":"category","embeddable":true,"href":"http:\/\/www.movimientocaamanista.com\/index.php?rest_route=%2Fwp%2Fv2%2Fcategories&post=4331"},{"taxonomy":"post_tag","embeddable":true,"href":"http:\/\/www.movimientocaamanista.com\/index.php?rest_route=%2Fwp%2Fv2%2Ftags&post=4331"}],"curies":[{"name":"wp","href":"https:\/\/api.w.org\/{rel}","templated":true}]}}