{"id":4342,"date":"2021-04-26T11:17:05","date_gmt":"2021-04-26T11:17:05","guid":{"rendered":"http:\/\/www.movimientocaamanista.com\/?p=4342"},"modified":"2021-04-26T11:18:15","modified_gmt":"2021-04-26T11:18:15","slug":"ante-el-desastre-ecologico-el-pueblo-esta-creando-una-nueva-conciencia","status":"publish","type":"post","link":"http:\/\/www.movimientocaamanista.com\/?p=4342","title":{"rendered":"ANTE EL DESASTRE ECOL\u00d3GICO EL PUEBLO ESTA CREANDO UNA NUEVA CONCIENCIA"},"content":{"rendered":"\n<p>PALABRAS DE RAFAEL\nJIMEN\u00c9Z ABAD EN LA CARAVANA ECOL\u00d3GICA<\/p>\n\n\n\n<p>Aqu\u00ed est\u00e1 la <strong>CARAVANA ECOL\u00d3GICA Y SOCIAL<\/strong> en un punto\nterriblemente contaminado entre los pocos metros que separan al misericordioso\nr\u00edo Yuna y su vecina <strong>FALCODO<\/strong>. Un\nd\u00edas despu\u00e9s del 56 aniversario de la gesta patri\u00f3tica en donde valientes\ncombatientes defendieron la soberan\u00eda de la botas agresoras al igual que como\nlo hacemos hoy ante otra forma de la agresi\u00f3n a la dignidad de la patria.&nbsp; <\/p>\n\n\n\n<p>&nbsp;Rep\u00fablica Dominicana, la mitad de una isla, un\npa\u00eds peque\u00f1ito azotado por verdaderos saqueadores agazapados en lo que llamamos\nBARRICK GOLD, CORMIDON, UBIGOLD, GOLDQUEST, BELFOND y FALCONBRIDGE.<\/p>\n\n\n\n<p>&nbsp;Se llevan las riquezas, violan las leyes, estafan\nal Estado y en especial a las alcald\u00edas, producen terribles da\u00f1os al medio\nambiente, deforestan, enferman y matan&nbsp; a\nla gente&nbsp; con enfermedades como el\nc\u00e1ncer, dividen las comunidades, sobornan, usan e instigan a la violencia\ncontra las poblaciones. <\/p>\n\n\n\n<p>Yo\nno quiero dar nombres pero actualmente tan solo en Caribe, El Verde y Hato\nViejo, tres comunidades vecinas de Falcondo, hay entre 10 y 15 personas\nenfermas de c\u00e1ncer y el dolor por los fallecidos cunde en Cotu\u00ed y Monse\u00f1or\nNouel. <\/p>\n\n\n\n<p>Recuerden a\nCalembo, un humilde campesino del Verde que buscaba restos del escorial en este\nlugar, fue capturado por la seguridad de la minera y sometido a una bestial\ntortura hasta dejarlo sin vida luego de arrancarle hasta sus bellos.<\/p>\n\n\n\n<p>Esa es parte de la\nnaturaleza de una miner\u00eda que cuenta con el apoyo de todos los gobiernos.<\/p>\n\n\n\n<p>Usan los trucos y\nla manipulaci\u00f3n. Hace tres d\u00edas acaba de retirar dos vallas que indicaban el\nlugar al lado del r\u00edo Yuna y en el camino de las comunidades donde tienen\nproyectado instalar una planta de producci\u00f3n de Sulfato de N\u00edquel, es\ndecir, crear una f\u00e1brica de muerte dentro del cementerio.&nbsp; <\/p>\n\n\n\n<p>En Cotu\u00ed la Barrick\naniquil\u00f3 los r\u00edos a tal punto que llegaron al descaro y a la humillaci\u00f3n de\nentregar tres botellones de agua semanal por familia.<\/p>\n\n\n\n<p>El c\u00e1ncer sigue\nacabando y la agropecuaria envenenada cada d\u00eda m\u00e1s. El covid es un ni\u00f1o de teta\ncomparado con las muertes y las enfermedades que generan las mineras en\nnuestros pueblos.<\/p>\n\n\n\n<p>Ahora se dirigen a\nMonte&nbsp; Plata con la idea de construir\notra presa de cola que no es m\u00e1s que un gigantesco charco de cianuro y de otros\nqu\u00edmicos letales.<\/p>\n\n\n\n<p>Esto es tambi\u00e9n lo\nque acompa\u00f1a a UNIGOLD y a GOLQUEST en el sur y en noroeste del pa\u00eds. Estas\ntienen sus presas de cola y las otras como FALCONDO tienen sus chimeneas\nbombeando venenos a los cielos de Quisqueya.<\/p>\n\n\n\n<p><strong>CONTAMINACI\u00d3N DEL R\u00cdOS YUNA, MASIPEDRO, FULA, YUBOA,\nMAIMON, JUMA &nbsp;Y EXTRACCI\u00d3N DE ARENA.<\/strong><\/p>\n\n\n\n<ul><li>De\npronto tendremos un r\u00edo Yuna parecido al arroyo Margajita cuyas aguas,\ncontaminadas por la Barrick, se confunden con el color de agua de bija donde ni\nlas cucarachas sobreviven.<\/li><li>El\nrio Yuna recibe los t\u00f3xicos que trae el r\u00edo Tireo de los cultivos insanos de\nvegetales en Constanza.<\/li><li>Recibe,\nal igual que los r\u00edos, MASIPEDRO, FULA, YUBOA, MAIMON, JUMA agua negra de las\nciudades y de las empresas.<\/li><li>Recibe\ndesechos s\u00f3lidos y las infiltraciones de las basuras mal manejada por las\nalcald\u00edas.<\/li><li>Para\ncolmo debe soportar las actividades extractivas incesantes de los granceros que\nson imparables porque cuentan con la complicidad oficial.<\/li><li>El\nYuna tambi\u00e9n recibe los desechos de la miner\u00eda.<\/li><li>El\nr\u00edo Masipedro est\u00e1 amenazado por la construcci\u00f3n de una hidroel\u00e9ctrica en su\nparte alta.<\/li><li>En\ncualquiera de&nbsp; nuestras monta\u00f1as se ve\nbajar los troncos del corte de madera en camiones algunos de los cuales les\nocultan sus placas.<\/li><\/ul>\n\n\n\n<p><strong>QUE ES LO QUE ESTA PASANDO<\/strong><\/p>\n\n\n\n<p>Los grupos de poder\ndetr\u00e1s de cada gobierno, el dominicano incluido, controlan, manipulan,\ncorrompen y destruyen la naturaleza detr\u00e1s de dinero a escala planetaria.<\/p>\n\n\n\n<p>Tambi\u00e9n hay una\nc\u00fapula pervertida mundial que usa los estados vasallos para aplicar sus\npol\u00edticas.<\/p>\n\n\n\n<p>Arrebatan derechos\nde los pueblos con la misma receta en cada rinc\u00f3n de la tierra.<\/p>\n\n\n\n<p>Se publicita la misma\npropaganda grotesca y sin rigor para intimidar, difundir el miedo y la confusi\u00f3n.<\/p>\n\n\n\n<p>&nbsp;Esos grupos no tienen fronteras, las fronteras\nson para los pueblos.<\/p>\n\n\n\n<p>Hay unos intereses supra\nnacionales y supra estatales que encuentran en nuestros gobiernos aliados incondicionales.<\/p>\n\n\n\n<p>Pero estos\ngobiernos necesitan de unas poblaciones que les aplaudan, entonces la cuesti\u00f3n\nes pararnos conscientemente sin importar los colores &nbsp;de los partidos<\/p>\n\n\n\n<p>Ellos son\nmanipuladores: usan los colores de los partidos para lograr que algunas gentes\nlo sigan pero ellos son los mismos detr\u00e1s de cualquier color.<\/p>\n\n\n\n<p>Ellos inducen al\npueblo a que caigan en emociones negativas, en las cosas simples. La histeria,\nla ansiedad y el miedo no te permiten ir a la verdad profunda, a las cosas\ncomplejas y entretienen a uno con trivialidades, mientras te envenenan el aire,\nte secan el rio, te enferman. <\/p>\n\n\n\n<p><strong>EXPLOREMOS NUEVOS CAMINOS<\/strong><\/p>\n\n\n\n<p>Vivimos una \u00e9poca\ndonde solo sobreviven felices quienes dediquen esfuerzos cada d\u00eda en saber que\ntodo un manantial de vida est\u00e1 dentro de cada persona.<\/p>\n\n\n\n<p>El Salm\u00f3n nada a\ncontra corriente o chorrera hacia arriba porque vuelven al lugar donde nacieron\npara el apareamiento y all\u00ed la hembra pone los huevos y los machos los\nfertilizan.<\/p>\n\n\n\n<p>Detr\u00e1s de llegar de\nesta manera despliegan tantas energ\u00edas que para vencer las corrientes empinadas\nsaltan por los aires hasta llegar a multiplicar la vida de su especie.<\/p>\n\n\n\n<p>Cuantas ense\u00f1anzas\nnos dan a los humanos estos animales como el Salm\u00f3n.<\/p>\n\n\n\n<p>No vinimos aqu\u00ed\nsolo a denunciar esta desgarradora realidad que vemos antes nuestros otros. Nos\ntoca tambi\u00e9n reflexionar profundamente. Es necesario transformar nuestros\ncuerpos, nuestras emociones y nuestro esp\u00edritu de forma que lleguemos a una\nnueva conciencia que nos permita nuevos empoderamientos para la lucha y la\nvictoria:<\/p>\n\n\n\n<ol><li>En los comit\u00e9 directivos\nde las organizaciones deben haber gentes insobornables, inclauducables, persistentes\ne inteligentes que act\u00faen con determinaci\u00f3n y con miras de largo alcance.<\/li><li>Los movimientos sociales y\nlas organizaciones transformadoras deben conocer las distintas maneras que\ntienen los ricos para dominarnos y de esa manera poder tejer nuestra propia\ndefensa.<\/li><li>Evitemos la dispersi\u00f3n y\ndesoigamos el bombardeo incesante de informaciones y de temas, uno de cuyos\nefectos es atolondrarnos, extraer nuestras energ\u00edas y confundirnos.<\/li><li>Practiquemos los convites,\nlos juntes, los mini campamentos aun sean para visitarnos, hacer simples\nintercambios&nbsp; sobre salud y educaci\u00f3n\nque hoy por hoy se ocupan de cualquier cosa menos de ense\u00f1ar a la gente y a la\nni\u00f1ez a defender el medio ambiente, a ser resilientes, felices, solidarios y\ncompasivos.<\/li><li>Entrelacemos\ntodas las luchas de todos los rincones del pa\u00eds para fortalecernos y acortar\nlos caminos que conducen a la victoria. <strong>Las\norganizaciones y personas de Bonao que defendemos el Medio Ambiente y los\nRecursos Naturales no tendr\u00edamos ninguna oposici\u00f3n a servir de anfitriones para\nun encuentro nacional de delegaciones de todas las comunidades que resisten la\nagresi\u00f3n a la ecolog\u00eda.&nbsp;&nbsp;&nbsp; &nbsp;<\/strong><\/li><li>Acompa\u00f1emos a las personas\nque est\u00e9n en dificultades mayores y acompa\u00f1emos a los bosques, r\u00edos, tierra,\nmanglares, reservas ecol\u00f3gicas, parques y ciudades deforestadas.<\/li><li>Dejemos de buscar excusas,\nhagamos reseteo de nuestro ser para encontrarnos con la fuerza necesaria para\nvencer. <\/li><\/ol>\n\n\n\n<p><a href=\"https:\/\/m.facebook.com\/story.php?story_fbid=10221478338002166&amp;id=1062409345&amp;sfnsn=mo\">https:\/\/m.facebook.com\/story.php?story_fbid=10221478338002166&amp;id=1062409345&amp;sfnsn=mo<\/a><\/p>\n\n\n\n<ul class=\"wp-block-gallery columns-3 is-cropped wp-block-gallery-1 is-layout-flex wp-block-gallery-is-layout-flex\"><li class=\"blocks-gallery-item\"><figure><img loading=\"lazy\" decoding=\"async\" width=\"1024\" height=\"449\" src=\"http:\/\/www.movimientocaamanista.com\/wp-content\/uploads\/2021\/04\/Caravana-Bonao-1-1-1024x449.jpeg\" alt=\"\" data-id=\"4344\" data-link=\"http:\/\/www.movimientocaamanista.com\/?attachment_id=4344\" class=\"wp-image-4344\" srcset=\"http:\/\/www.movimientocaamanista.com\/wp-content\/uploads\/2021\/04\/Caravana-Bonao-1-1-1024x449.jpeg 1024w, http:\/\/www.movimientocaamanista.com\/wp-content\/uploads\/2021\/04\/Caravana-Bonao-1-1-300x131.jpeg 300w, http:\/\/www.movimientocaamanista.com\/wp-content\/uploads\/2021\/04\/Caravana-Bonao-1-1-768x337.jpeg 768w, http:\/\/www.movimientocaamanista.com\/wp-content\/uploads\/2021\/04\/Caravana-Bonao-1-1.jpeg 1280w\" sizes=\"(max-width: 1024px) 100vw, 1024px\" \/><\/figure><\/li><li class=\"blocks-gallery-item\"><figure><img loading=\"lazy\" decoding=\"async\" width=\"1024\" height=\"576\" src=\"http:\/\/www.movimientocaamanista.com\/wp-content\/uploads\/2021\/04\/Caravana-Bonao-2-1024x576.jpeg\" alt=\"\" data-id=\"4345\" data-link=\"http:\/\/www.movimientocaamanista.com\/?attachment_id=4345\" class=\"wp-image-4345\" srcset=\"http:\/\/www.movimientocaamanista.com\/wp-content\/uploads\/2021\/04\/Caravana-Bonao-2-1024x576.jpeg 1024w, http:\/\/www.movimientocaamanista.com\/wp-content\/uploads\/2021\/04\/Caravana-Bonao-2-300x169.jpeg 300w, http:\/\/www.movimientocaamanista.com\/wp-content\/uploads\/2021\/04\/Caravana-Bonao-2-768x432.jpeg 768w, http:\/\/www.movimientocaamanista.com\/wp-content\/uploads\/2021\/04\/Caravana-Bonao-2.jpeg 1280w\" sizes=\"(max-width: 1024px) 100vw, 1024px\" \/><\/figure><\/li><li class=\"blocks-gallery-item\"><figure><img loading=\"lazy\" decoding=\"async\" width=\"1024\" height=\"449\" src=\"http:\/\/www.movimientocaamanista.com\/wp-content\/uploads\/2021\/04\/Caravana-Bonao-3-1024x449.jpeg\" alt=\"\" data-id=\"4346\" data-link=\"http:\/\/www.movimientocaamanista.com\/?attachment_id=4346\" class=\"wp-image-4346\" srcset=\"http:\/\/www.movimientocaamanista.com\/wp-content\/uploads\/2021\/04\/Caravana-Bonao-3-1024x449.jpeg 1024w, http:\/\/www.movimientocaamanista.com\/wp-content\/uploads\/2021\/04\/Caravana-Bonao-3-300x131.jpeg 300w, http:\/\/www.movimientocaamanista.com\/wp-content\/uploads\/2021\/04\/Caravana-Bonao-3-768x337.jpeg 768w, http:\/\/www.movimientocaamanista.com\/wp-content\/uploads\/2021\/04\/Caravana-Bonao-3.jpeg 1280w\" sizes=\"(max-width: 1024px) 100vw, 1024px\" \/><\/figure><\/li><li class=\"blocks-gallery-item\"><figure><img loading=\"lazy\" decoding=\"async\" width=\"1024\" height=\"576\" src=\"http:\/\/www.movimientocaamanista.com\/wp-content\/uploads\/2021\/04\/Caravana-Bonao-4-1024x576.jpeg\" alt=\"\" data-id=\"4347\" data-link=\"http:\/\/www.movimientocaamanista.com\/?attachment_id=4347\" class=\"wp-image-4347\" srcset=\"http:\/\/www.movimientocaamanista.com\/wp-content\/uploads\/2021\/04\/Caravana-Bonao-4-1024x576.jpeg 1024w, http:\/\/www.movimientocaamanista.com\/wp-content\/uploads\/2021\/04\/Caravana-Bonao-4-300x169.jpeg 300w, http:\/\/www.movimientocaamanista.com\/wp-content\/uploads\/2021\/04\/Caravana-Bonao-4-768x432.jpeg 768w, http:\/\/www.movimientocaamanista.com\/wp-content\/uploads\/2021\/04\/Caravana-Bonao-4.jpeg 1280w\" sizes=\"(max-width: 1024px) 100vw, 1024px\" \/><\/figure><\/li><li class=\"blocks-gallery-item\"><figure><img loading=\"lazy\" decoding=\"async\" width=\"1024\" height=\"576\" src=\"http:\/\/www.movimientocaamanista.com\/wp-content\/uploads\/2021\/04\/Caravana-Bonao-5-1024x576.jpeg\" alt=\"\" data-id=\"4348\" data-link=\"http:\/\/www.movimientocaamanista.com\/?attachment_id=4348\" class=\"wp-image-4348\" srcset=\"http:\/\/www.movimientocaamanista.com\/wp-content\/uploads\/2021\/04\/Caravana-Bonao-5-1024x576.jpeg 1024w, http:\/\/www.movimientocaamanista.com\/wp-content\/uploads\/2021\/04\/Caravana-Bonao-5-300x169.jpeg 300w, http:\/\/www.movimientocaamanista.com\/wp-content\/uploads\/2021\/04\/Caravana-Bonao-5-768x432.jpeg 768w, http:\/\/www.movimientocaamanista.com\/wp-content\/uploads\/2021\/04\/Caravana-Bonao-5.jpeg 1280w\" sizes=\"(max-width: 1024px) 100vw, 1024px\" \/><\/figure><\/li><li class=\"blocks-gallery-item\"><figure><img loading=\"lazy\" decoding=\"async\" width=\"1024\" height=\"576\" src=\"http:\/\/www.movimientocaamanista.com\/wp-content\/uploads\/2021\/04\/Caravana-Bonao-6-1024x576.jpeg\" alt=\"\" data-id=\"4349\" data-link=\"http:\/\/www.movimientocaamanista.com\/?attachment_id=4349\" class=\"wp-image-4349\" srcset=\"http:\/\/www.movimientocaamanista.com\/wp-content\/uploads\/2021\/04\/Caravana-Bonao-6-1024x576.jpeg 1024w, http:\/\/www.movimientocaamanista.com\/wp-content\/uploads\/2021\/04\/Caravana-Bonao-6-300x169.jpeg 300w, http:\/\/www.movimientocaamanista.com\/wp-content\/uploads\/2021\/04\/Caravana-Bonao-6-768x432.jpeg 768w, http:\/\/www.movimientocaamanista.com\/wp-content\/uploads\/2021\/04\/Caravana-Bonao-6.jpeg 1280w\" sizes=\"(max-width: 1024px) 100vw, 1024px\" \/><\/figure><\/li><li class=\"blocks-gallery-item\"><figure><img loading=\"lazy\" decoding=\"async\" width=\"1024\" height=\"576\" src=\"http:\/\/www.movimientocaamanista.com\/wp-content\/uploads\/2021\/04\/Caravana-Bonao-7-1024x576.jpeg\" alt=\"\" data-id=\"4350\" data-link=\"http:\/\/www.movimientocaamanista.com\/?attachment_id=4350\" class=\"wp-image-4350\" srcset=\"http:\/\/www.movimientocaamanista.com\/wp-content\/uploads\/2021\/04\/Caravana-Bonao-7-1024x576.jpeg 1024w, http:\/\/www.movimientocaamanista.com\/wp-content\/uploads\/2021\/04\/Caravana-Bonao-7-300x169.jpeg 300w, http:\/\/www.movimientocaamanista.com\/wp-content\/uploads\/2021\/04\/Caravana-Bonao-7-768x432.jpeg 768w, http:\/\/www.movimientocaamanista.com\/wp-content\/uploads\/2021\/04\/Caravana-Bonao-7.jpeg 1280w\" sizes=\"(max-width: 1024px) 100vw, 1024px\" \/><\/figure><\/li><li class=\"blocks-gallery-item\"><figure><img loading=\"lazy\" decoding=\"async\" width=\"1024\" height=\"576\" src=\"http:\/\/www.movimientocaamanista.com\/wp-content\/uploads\/2021\/04\/Caravana-Bonao-8-1024x576.jpeg\" alt=\"\" data-id=\"4351\" data-link=\"http:\/\/www.movimientocaamanista.com\/?attachment_id=4351\" class=\"wp-image-4351\" srcset=\"http:\/\/www.movimientocaamanista.com\/wp-content\/uploads\/2021\/04\/Caravana-Bonao-8-1024x576.jpeg 1024w, http:\/\/www.movimientocaamanista.com\/wp-content\/uploads\/2021\/04\/Caravana-Bonao-8-300x169.jpeg 300w, http:\/\/www.movimientocaamanista.com\/wp-content\/uploads\/2021\/04\/Caravana-Bonao-8-768x432.jpeg 768w, http:\/\/www.movimientocaamanista.com\/wp-content\/uploads\/2021\/04\/Caravana-Bonao-8.jpeg 1280w\" sizes=\"(max-width: 1024px) 100vw, 1024px\" \/><\/figure><\/li><li class=\"blocks-gallery-item\"><figure><img loading=\"lazy\" decoding=\"async\" width=\"1024\" height=\"576\" src=\"http:\/\/www.movimientocaamanista.com\/wp-content\/uploads\/2021\/04\/Caravana-Bonao-9-1024x576.jpeg\" alt=\"\" data-id=\"4352\" data-link=\"http:\/\/www.movimientocaamanista.com\/?attachment_id=4352\" class=\"wp-image-4352\" srcset=\"http:\/\/www.movimientocaamanista.com\/wp-content\/uploads\/2021\/04\/Caravana-Bonao-9-1024x576.jpeg 1024w, http:\/\/www.movimientocaamanista.com\/wp-content\/uploads\/2021\/04\/Caravana-Bonao-9-300x169.jpeg 300w, http:\/\/www.movimientocaamanista.com\/wp-content\/uploads\/2021\/04\/Caravana-Bonao-9-768x432.jpeg 768w, http:\/\/www.movimientocaamanista.com\/wp-content\/uploads\/2021\/04\/Caravana-Bonao-9.jpeg 1280w\" sizes=\"(max-width: 1024px) 100vw, 1024px\" \/><\/figure><\/li><li class=\"blocks-gallery-item\"><figure><img loading=\"lazy\" decoding=\"async\" width=\"1024\" height=\"576\" src=\"http:\/\/www.movimientocaamanista.com\/wp-content\/uploads\/2021\/04\/Caravana-Bonao-10-1024x576.jpeg\" alt=\"\" data-id=\"4353\" data-link=\"http:\/\/www.movimientocaamanista.com\/?attachment_id=4353\" class=\"wp-image-4353\" srcset=\"http:\/\/www.movimientocaamanista.com\/wp-content\/uploads\/2021\/04\/Caravana-Bonao-10-1024x576.jpeg 1024w, http:\/\/www.movimientocaamanista.com\/wp-content\/uploads\/2021\/04\/Caravana-Bonao-10-300x169.jpeg 300w, http:\/\/www.movimientocaamanista.com\/wp-content\/uploads\/2021\/04\/Caravana-Bonao-10-768x432.jpeg 768w, http:\/\/www.movimientocaamanista.com\/wp-content\/uploads\/2021\/04\/Caravana-Bonao-10.jpeg 1280w\" sizes=\"(max-width: 1024px) 100vw, 1024px\" \/><\/figure><\/li><li class=\"blocks-gallery-item\"><figure><img loading=\"lazy\" decoding=\"async\" width=\"1024\" height=\"576\" src=\"http:\/\/www.movimientocaamanista.com\/wp-content\/uploads\/2021\/04\/Caravana-Bonao-11-1024x576.jpeg\" alt=\"\" data-id=\"4354\" data-link=\"http:\/\/www.movimientocaamanista.com\/?attachment_id=4354\" class=\"wp-image-4354\" srcset=\"http:\/\/www.movimientocaamanista.com\/wp-content\/uploads\/2021\/04\/Caravana-Bonao-11-1024x576.jpeg 1024w, http:\/\/www.movimientocaamanista.com\/wp-content\/uploads\/2021\/04\/Caravana-Bonao-11-300x169.jpeg 300w, http:\/\/www.movimientocaamanista.com\/wp-content\/uploads\/2021\/04\/Caravana-Bonao-11-768x432.jpeg 768w, http:\/\/www.movimientocaamanista.com\/wp-content\/uploads\/2021\/04\/Caravana-Bonao-11.jpeg 1280w\" sizes=\"(max-width: 1024px) 100vw, 1024px\" \/><\/figure><\/li><\/ul>\n","protected":false},"excerpt":{"rendered":"<p>PALABRAS DE RAFAEL JIMEN\u00c9Z ABAD EN LA CARAVANA ECOL\u00d3GICA Aqu\u00ed est\u00e1 la CARAVANA ECOL\u00d3GICA Y SOCIAL en un punto terriblemente contaminado entre los pocos metros que separan al misericordioso r\u00edo Yuna y su vecina FALCODO. Un d\u00edas despu\u00e9s del 56 aniversario de la gesta patri\u00f3tica en donde valientes combatientes defendieron la soberan\u00eda de la botas [&hellip;]<\/p>\n","protected":false},"author":1,"featured_media":4343,"comment_status":"open","ping_status":"open","sticky":false,"template":"","format":"standard","meta":{"footnotes":""},"categories":[5,2],"tags":[],"_links":{"self":[{"href":"http:\/\/www.movimientocaamanista.com\/index.php?rest_route=\/wp\/v2\/posts\/4342"}],"collection":[{"href":"http:\/\/www.movimientocaamanista.com\/index.php?rest_route=\/wp\/v2\/posts"}],"about":[{"href":"http:\/\/www.movimientocaamanista.com\/index.php?rest_route=\/wp\/v2\/types\/post"}],"author":[{"embeddable":true,"href":"http:\/\/www.movimientocaamanista.com\/index.php?rest_route=\/wp\/v2\/users\/1"}],"replies":[{"embeddable":true,"href":"http:\/\/www.movimientocaamanista.com\/index.php?rest_route=%2Fwp%2Fv2%2Fcomments&post=4342"}],"version-history":[{"count":1,"href":"http:\/\/www.movimientocaamanista.com\/index.php?rest_route=\/wp\/v2\/posts\/4342\/revisions"}],"predecessor-version":[{"id":4355,"href":"http:\/\/www.movimientocaamanista.com\/index.php?rest_route=\/wp\/v2\/posts\/4342\/revisions\/4355"}],"wp:featuredmedia":[{"embeddable":true,"href":"http:\/\/www.movimientocaamanista.com\/index.php?rest_route=\/wp\/v2\/media\/4343"}],"wp:attachment":[{"href":"http:\/\/www.movimientocaamanista.com\/index.php?rest_route=%2Fwp%2Fv2%2Fmedia&parent=4342"}],"wp:term":[{"taxonomy":"category","embeddable":true,"href":"http:\/\/www.movimientocaamanista.com\/index.php?rest_route=%2Fwp%2Fv2%2Fcategories&post=4342"},{"taxonomy":"post_tag","embeddable":true,"href":"http:\/\/www.movimientocaamanista.com\/index.php?rest_route=%2Fwp%2Fv2%2Ftags&post=4342"}],"curies":[{"name":"wp","href":"https:\/\/api.w.org\/{rel}","templated":true}]}}