{"id":4374,"date":"2021-05-01T23:57:50","date_gmt":"2021-05-01T23:57:50","guid":{"rendered":"http:\/\/www.movimientocaamanista.com\/?p=4374"},"modified":"2021-05-01T23:57:51","modified_gmt":"2021-05-01T23:57:51","slug":"1ro-de-mayo-2021-a-luchar-sin-tregua-contra-el-yugo-genocida-del-capital-2","status":"publish","type":"post","link":"http:\/\/www.movimientocaamanista.com\/?p=4374","title":{"rendered":"1ro DE MAYO 2021: \u00a1 A LUCHAR SIN TREGUA CONTRA EL YUGO GENOCIDA DEL CAPITAL!"},"content":{"rendered":"\n<p>Nos est\u00e1n matando con guerras, con COVID, con los negociazos que niegan la salud como derecho, con las estafas de las ARS y las AFPs privadas, con salarios cada vez m\u00e1s precarizados, con la usura de los Bancos y el endeudamiento externo, con m\u00e1s desempleo y quiebras de peque\u00f1os negocios\u2026<\/p>\n\n\n\n<p>Nos empobrecen como pueblo trabador, masas excluidas y capas medias mal tratadas<\/p>\n\n\n\n<p>Nos matan de hambre y enfermedades, saqueando y envenenando la Madre Tierra, con los robos impunes de partidocracia corrupta y hasta con los amores de la gran burgues\u00eda nativa y de este gobierno de multimillonarios con el FMI, Banco Mundial y a los tutumpotes del capitalismo internacional.<\/p>\n\n\n\n<p>El gran capital est\u00e1 asaltando al Estado y al patrimonio p\u00fablico y natural de la Naci\u00f3n con sus Alianzas Publico-Privadas-APPS y las nuevas privatizaciones. El neoliberalismo se torna m\u00e1s feroz visti\u00e9ndose de oveja y la crisis ambiental amenaza con destruir las fuentes de agua y vida que nos quedan.<\/p>\n\n\n\n<p>As\u00ed recibe el pueblo trabajador este 1ro DE MAYO 2020.<\/p>\n\n\n\n<p>La gran burgues\u00eda dominicana y las corporaciones transnacionales nos est\u00e1n reventando, y eso pasa a escala mundial.<\/p>\n\n\n\n<p>O nos rebelamos junto a tos los pobres del mundo, o nos masacran.<\/p>\n\n\n\n<p>\u00a1DERRIBEMOS LAS MURALLAS DE LA EXPLOTACI\u00d3N Y LA EXCLUSI\u00d3N SOCIAL!<\/p>\n\n\n\n<p>\u00a1ABAJO EL CAPITALISMO! \u00a1ABAJO LAS MAFIAS POL\u00cdTICAS, EMPRESARIALES Y MILITARES!<\/p>\n\n\n\n<p>\u00a1CONSTITUYENTE POPULAR Y SOBERANA!<\/p>\n\n\n\n<p>\u00a1ARRIBA LA NUEVA DEMOCRACIA Y EL NUEVO SOCIALISMO!<\/p>\n\n\n\n<p>\u00a1PROLETARIOS Y OPRIMIDOS\/AS DEL MUNDO, UN\u00cdOS!<\/p>\n\n\n\n<p>Coordinaci\u00f3n Central Movimiento Caama\u00f1ista \u2013MC<\/p>\n","protected":false},"excerpt":{"rendered":"<p>Nos est\u00e1n matando con guerras, con COVID, con los negociazos que niegan la salud como derecho, con las estafas de las ARS y las AFPs privadas, con salarios cada vez m\u00e1s precarizados, con la usura de los Bancos y el endeudamiento externo, con m\u00e1s desempleo y quiebras de peque\u00f1os negocios\u2026 Nos empobrecen como pueblo trabador, [&hellip;]<\/p>\n","protected":false},"author":1,"featured_media":228,"comment_status":"open","ping_status":"open","sticky":false,"template":"","format":"standard","meta":{"footnotes":""},"categories":[24,5,16],"tags":[],"_links":{"self":[{"href":"http:\/\/www.movimientocaamanista.com\/index.php?rest_route=\/wp\/v2\/posts\/4374"}],"collection":[{"href":"http:\/\/www.movimientocaamanista.com\/index.php?rest_route=\/wp\/v2\/posts"}],"about":[{"href":"http:\/\/www.movimientocaamanista.com\/index.php?rest_route=\/wp\/v2\/types\/post"}],"author":[{"embeddable":true,"href":"http:\/\/www.movimientocaamanista.com\/index.php?rest_route=\/wp\/v2\/users\/1"}],"replies":[{"embeddable":true,"href":"http:\/\/www.movimientocaamanista.com\/index.php?rest_route=%2Fwp%2Fv2%2Fcomments&post=4374"}],"version-history":[{"count":1,"href":"http:\/\/www.movimientocaamanista.com\/index.php?rest_route=\/wp\/v2\/posts\/4374\/revisions"}],"predecessor-version":[{"id":4375,"href":"http:\/\/www.movimientocaamanista.com\/index.php?rest_route=\/wp\/v2\/posts\/4374\/revisions\/4375"}],"wp:featuredmedia":[{"embeddable":true,"href":"http:\/\/www.movimientocaamanista.com\/index.php?rest_route=\/wp\/v2\/media\/228"}],"wp:attachment":[{"href":"http:\/\/www.movimientocaamanista.com\/index.php?rest_route=%2Fwp%2Fv2%2Fmedia&parent=4374"}],"wp:term":[{"taxonomy":"category","embeddable":true,"href":"http:\/\/www.movimientocaamanista.com\/index.php?rest_route=%2Fwp%2Fv2%2Fcategories&post=4374"},{"taxonomy":"post_tag","embeddable":true,"href":"http:\/\/www.movimientocaamanista.com\/index.php?rest_route=%2Fwp%2Fv2%2Ftags&post=4374"}],"curies":[{"name":"wp","href":"https:\/\/api.w.org\/{rel}","templated":true}]}}