{"id":4376,"date":"2021-05-02T11:15:58","date_gmt":"2021-05-02T11:15:58","guid":{"rendered":"http:\/\/www.movimientocaamanista.com\/?p=4376"},"modified":"2021-05-02T11:16:00","modified_gmt":"2021-05-02T11:16:00","slug":"las-victimas-olvidadas-de-la-covid-19-cien-millones-mas-de-pobres","status":"publish","type":"post","link":"http:\/\/www.movimientocaamanista.com\/?p=4376","title":{"rendered":"Las v\u00edctimas olvidadas de la covid-19: Cien millones m\u00e1s de pobres"},"content":{"rendered":"\n<p>M\u00f3nica Goded<\/p>\n\n\n\n<p>Fuente: <a href=\"https:\/\/rebelion.org\/las-victimas-olvidadas-de-la-covid-19-cien-millones-mas-de-pobres\/\">Rebeli\u00f3n<\/a><\/p>\n\n\n\n<p>Es habitual leer que, si exceptuamos el impacto de las dos guerras mundiales y la Gran Depresi\u00f3n, la covid-19 ha provocado una recesi\u00f3n sin precedentes en el \u00faltimo siglo y medio. Lo que no resulta tan frecuente es que se escuchen voces que denuncien que la crisis actual perjudica en mayor medida a la poblaci\u00f3n m\u00e1s vulnerable de los pa\u00edses en desarrollo.<\/p>\n\n\n\n<p>Y, sin embargo, es descorazonador comprobar que, por primera vez en d\u00e9cadas, la pobreza extrema aumentar\u00e1 en&nbsp;<a href=\"https:\/\/www.worldbank.org\/en\/publication\/global-economic-prospects#data\">100 millones de personas<\/a>.<\/p>\n\n\n\n<figure class=\"wp-block-image\"><img decoding=\"async\" src=\"https:\/\/images.theconversation.com\/files\/395440\/original\/file-20210416-17-1w0og3q.png?ixlib=rb-1.1.0&amp;q=45&amp;auto=format&amp;w=754&amp;fit=clip\" alt=\"\"\/><\/figure>\n\n\n\n<p><strong>N\u00famero de personas que viven con menos de 1,90 d\u00f3lares al d\u00eda, en situaci\u00f3n de pobreza extrema.&nbsp;<a href=\"https:\/\/blogs.worldbank.org\/es\/voices\/resumen-anual-2020-el-impacto-de-la-covid-19-coronavirus-en-12-graficos\">Banco Mundial<\/a>,&nbsp;Author provided<\/strong><\/p>\n\n\n\n<p>Adem\u00e1s, se ha producido una&nbsp;<a href=\"https:\/\/www.worldbank.org\/en\/publication\/global-economic-prospects#data\">ca\u00edda de la renta per c\u00e1pita<\/a>&nbsp;en m\u00e1s del 90&nbsp;% de los pa\u00edses en desarrollo. La mitad de estas econom\u00edas revertir\u00e1 los avances de los \u00faltimos cinco a\u00f1os o m\u00e1s y una cuarta parte perder\u00e1 todo el progreso realizado desde 2010.<\/p>\n\n\n\n<figure class=\"wp-block-image\"><img decoding=\"async\" src=\"https:\/\/images.theconversation.com\/files\/395517\/original\/file-20210416-15-1g1z7k3.png?ixlib=rb-1.1.0&amp;q=45&amp;auto=format&amp;w=754&amp;fit=clip\" alt=\"\"\/><\/figure>\n\n\n\n<p><strong>Retroceso en 2020 en la ganancia en ingreso por habitante en los pa\u00edses emergentes y en desarrollo (en n\u00famero de a\u00f1os).&nbsp;<a href=\"https:\/\/www.worldbank.org\/en\/publication\/global-economic-prospects#data\">Banco Mundial<\/a><\/strong><\/p>\n\n\n\n<p>La covid-19 est\u00e1 provocando un&nbsp;<a href=\"https:\/\/www.knomad.org\/publication\/migration-and-development-brief-33\">descenso en las remesas<\/a>&nbsp;recibidas por las familias m\u00e1s pobres. Por primera vez en la historia moderna, se ha reducido la cantidad de migrantes internacionales.<\/p>\n\n\n\n<p>Tambi\u00e9n ha aumentado la desigualdad.&nbsp;<a href=\"https:\/\/www.imf.org\/en\/Publications\/WP\/Issues\/2020\/09\/11\/Information-and-Inequality-in-the-Time-of-a-Pandemic-49711\">Frente al 10&nbsp;% de los hogares ricos que se contagian, m\u00e1s de la mitad de los hogares pobres lo hacen<\/a>&nbsp;y la probabilidad de que fallezcan sus habitantes es cuatro veces m\u00e1s elevada. La mayor exposici\u00f3n a la enfermedad se debe a diferentes factores:<\/p>\n\n\n\n<p>\u2013 Ocupaci\u00f3n en actividades esenciales que no se interrumpen durante los confinamientos.<\/p>\n\n\n\n<p>\u2013 Residencia en barrios densamente poblados.<\/p>\n\n\n\n<p>\u2013 Imposibilidad de reducir las horas de trabajo al no contar con ahorros.<\/p>\n\n\n\n<p><strong>\u00bfQu\u00e9 deparar\u00e1 el futuro?<\/strong><\/p>\n\n\n\n<p>Las perspectivas en t\u00e9rminos de crecimiento son sombr\u00edas por los recortes de la inversi\u00f3n debidos al deterioro en las expectativas de los agentes econ\u00f3micos.<\/p>\n\n\n\n<figure class=\"wp-block-image\"><img decoding=\"async\" src=\"https:\/\/images.theconversation.com\/files\/395448\/original\/file-20210416-19-1dct7rg.png?ixlib=rb-1.1.0&amp;q=45&amp;auto=format&amp;w=754&amp;fit=clip\" alt=\"\"\/><\/figure>\n\n\n\n<p><strong>PIB: estimaciones para 2022 en comparaci\u00f3n a los niveles previos a la pandemia (diferencia porcentual).&nbsp;<a href=\"https:\/\/www.imf.org\/en\/Publications\/WEO\/Issues\/2021\/01\/26\/2021-world-economic-outlook-update\">FMI<\/a><\/strong><\/p>\n\n\n\n<p>El crecimiento futuro tambi\u00e9n se resentir\u00e1 del impacto de la pandemia en el capital humano, al poner en peligro los avances en el \u00e1mbito educativo y sanitario.<\/p>\n\n\n\n<p>El aprendizaje se ha visto interrumpido con el&nbsp;<a href=\"https:\/\/www.worldbank.org\/en\/data\/interactive\/2020\/03\/24\/world-bank-education-and-covid-19\">cierre de las escuelas<\/a>, que ha perjudicado especialmente a la poblaci\u00f3n que no dispone de medios para continuar la formaci\u00f3n a distancia. Adem\u00e1s, la ca\u00edda del ingreso de las familias obligar\u00e1 a interrumpir la formaci\u00f3n de muchos ni\u00f1os y j\u00f3venes. En particular,&nbsp;<a href=\"https:\/\/es.unesco.org\/covid19\/educationresponse\/girlseducation\">ser\u00e1n las ni\u00f1as las que se vean forzadas en mayor medida a abandonar las aulas<\/a>.<\/p>\n\n\n\n<p>Al mismo tiempo, la pandemia ha aumentado el gasto sanitario de unas familias que ya afrontaban serias limitaciones financieras para cubrir su atenci\u00f3n m\u00e9dica. Se estima asimismo que&nbsp;<a href=\"http:\/\/www.fao.org\/3\/ca9692es\/online\/ca9692es.html\">ha elevado en 130 millones el n\u00famero de personas afectadas por el hambre cr\u00f3nica<\/a>.<\/p>\n\n\n\n<p><strong>Por qu\u00e9 debemos afrontar la situaci\u00f3n<\/strong><\/p>\n\n\n\n<p>Ignorar este aciago panorama no es justo\u2026 pero es que tampoco interesa hacerlo. La pandemia no terminar\u00e1 hasta que no termine en todo el mundo.<\/p>\n\n\n\n<p>Sin embargo, la&nbsp;<a href=\"https:\/\/blogs.worldbank.org\/voices\/covid-19-response-where-we-stand-now-and-road-ahead\">respuesta a la covid-19 est\u00e1 siendo extremadamente irregular<\/a>: en las econom\u00edas avanzadas, los paquetes de est\u00edmulo frente a la crisis representan entre el 15&nbsp;% y el 20&nbsp;% del PIB, en las econom\u00edas emergentes solo suponen en torno al 6&nbsp;% del PIB y en los pa\u00edses m\u00e1s pobres no llegan ni al 2&nbsp;%.<\/p>\n\n\n\n<p>Pensar en t\u00e9rminos nacionales es lo m\u00e1s f\u00e1cil, sin duda, pero salvaguardar la cooperaci\u00f3n internacional tambi\u00e9n deber\u00eda ser una prioridad. No atender a tiempo las acuciantes necesidades de los m\u00e1s desfavorecidos a la larga obliga a mayores desembolsos para afrontar unas tragedias que se podr\u00edan haber evitado.<\/p>\n\n\n\n<figure class=\"wp-block-image\"><img decoding=\"async\" src=\"https:\/\/images.theconversation.com\/files\/395520\/original\/file-20210416-23-1h143m3.jpg?ixlib=rb-1.1.0&amp;rect=9%2C9%2C5997%2C3998&amp;q=45&amp;auto=format&amp;w=754&amp;fit=clip\" alt=\"\"\/><\/figure>\n\n\n\n<p><a href=\"https:\/\/www.shutterstock.com\/es\/image-photo\/mumbaiindia-june-25-2020-aerial-view-1764562535\"><strong>Shutterstock \/ Manoej Paateel<\/strong><\/a><\/p>\n\n\n\n<p><strong>\u00bfHay espacio para la esperanza?<\/strong><\/p>\n\n\n\n<p>El&nbsp;<a href=\"https:\/\/www.imf.org\/es\/Publications\/WEO\/Issues\/2021\/01\/26\/2021-world-economic-outlook-update\">FMI subraya<\/a>&nbsp;que lo que suceda a partir de ahora depender\u00e1 del ritmo de las campa\u00f1as de vacunaci\u00f3n y de la capacidad de ofrecer una respuesta eficaz entretanto. Ser\u00e1 pues preciso reforzar la cooperaci\u00f3n internacional prioritariamente en dos \u00e1mbitos.<\/p>\n\n\n\n<p>Se debe asegurar el acceso en todo el mundo a las pruebas diagn\u00f3sticas, los tratamientos y las vacunas contra la covid-19. Alienta comprobar que se ha puesto en marcha una iniciativa con esta finalidad, el&nbsp;<a href=\"https:\/\/www.who.int\/es\/initiatives\/act-accelerator\">Acelerador del acceso a las herramientas contra la covid-19<\/a>, en la que participan organizaciones internacionales, gobiernos, empresas e instituciones de la sociedad civil. Urge reforzar esa cooperaci\u00f3n pues, en estos momentos, las econom\u00edas avanzadas han adquirido la mayor parte del suministro disponible.<\/p>\n\n\n\n<p>Por lo dem\u00e1s, resulta imperativo proporcionar a los pa\u00edses de ingresos bajos, que ya estaban sobrendeudados antes de la propagaci\u00f3n de la covid-19, una inyecci\u00f3n adecuada de liquidez internacional que ampl\u00ede su margen de maniobra para hacer frente a la crisis.<\/p>\n\n\n\n<p>El Banco Mundial y el FMI, en colaboraci\u00f3n con el G20, han acordado una&nbsp;<a href=\"https:\/\/www.bancomundial.org\/es\/topic\/debt\/brief\/covid-19-debt-service-suspension-initiative\">iniciativa<\/a>&nbsp;para suspender temporalmente los pagos del servicio de la deuda de estos pa\u00edses. 5&nbsp;000 millones de d\u00f3lares han podido as\u00ed ser desviados a la lucha contra la pandemia y sus consecuencias econ\u00f3micas. No obstante, se trata tan solo de un primer paso, pues los acreedores privados no est\u00e1n participando en esa iniciativa.<\/p>\n\n\n\n<p>En definitiva, la pandemia pone de relieve la imperativa necesidad de mayores dosis de cooperaci\u00f3n internacional. Existe un riesgo evidente de que los pa\u00edses m\u00e1s ricos se centren en cubrir sus propias necesidades. El problema es que esta actitud podr\u00eda dejar atr\u00e1s a las poblaciones m\u00e1s vulnerables de los pa\u00edses en desarrollo.<\/p>\n\n\n\n<p>Esa alternativa no es viable, ni desde un punto de vista \u00e9tico, ni desde una perspectiva eminentemente pr\u00e1ctica. El mundo solo ser\u00e1 un lugar seguro cuando todos sus habitantes estemos protegidos.<\/p>\n\n\n\n<p><em><a href=\"https:\/\/theconversation.com\/profiles\/monica-goded-1225559\"><strong>M\u00f3nica Goded<\/strong><\/a>. Profesora de Econom\u00eda, Universidad Pontificia Comillas y profesora en la Universidad de Nebrija.<\/em><\/p>\n","protected":false},"excerpt":{"rendered":"<p>M\u00f3nica Goded Fuente: Rebeli\u00f3n Es habitual leer que, si exceptuamos el impacto de las dos guerras mundiales y la Gran Depresi\u00f3n, la covid-19 ha provocado una recesi\u00f3n sin precedentes en el \u00faltimo siglo y medio. Lo que no resulta tan frecuente es que se escuchen voces que denuncien que la crisis actual perjudica en mayor [&hellip;]<\/p>\n","protected":false},"author":1,"featured_media":1974,"comment_status":"open","ping_status":"open","sticky":false,"template":"","format":"standard","meta":{"footnotes":""},"categories":[5,3],"tags":[],"_links":{"self":[{"href":"http:\/\/www.movimientocaamanista.com\/index.php?rest_route=\/wp\/v2\/posts\/4376"}],"collection":[{"href":"http:\/\/www.movimientocaamanista.com\/index.php?rest_route=\/wp\/v2\/posts"}],"about":[{"href":"http:\/\/www.movimientocaamanista.com\/index.php?rest_route=\/wp\/v2\/types\/post"}],"author":[{"embeddable":true,"href":"http:\/\/www.movimientocaamanista.com\/index.php?rest_route=\/wp\/v2\/users\/1"}],"replies":[{"embeddable":true,"href":"http:\/\/www.movimientocaamanista.com\/index.php?rest_route=%2Fwp%2Fv2%2Fcomments&post=4376"}],"version-history":[{"count":1,"href":"http:\/\/www.movimientocaamanista.com\/index.php?rest_route=\/wp\/v2\/posts\/4376\/revisions"}],"predecessor-version":[{"id":4377,"href":"http:\/\/www.movimientocaamanista.com\/index.php?rest_route=\/wp\/v2\/posts\/4376\/revisions\/4377"}],"wp:featuredmedia":[{"embeddable":true,"href":"http:\/\/www.movimientocaamanista.com\/index.php?rest_route=\/wp\/v2\/media\/1974"}],"wp:attachment":[{"href":"http:\/\/www.movimientocaamanista.com\/index.php?rest_route=%2Fwp%2Fv2%2Fmedia&parent=4376"}],"wp:term":[{"taxonomy":"category","embeddable":true,"href":"http:\/\/www.movimientocaamanista.com\/index.php?rest_route=%2Fwp%2Fv2%2Fcategories&post=4376"},{"taxonomy":"post_tag","embeddable":true,"href":"http:\/\/www.movimientocaamanista.com\/index.php?rest_route=%2Fwp%2Fv2%2Ftags&post=4376"}],"curies":[{"name":"wp","href":"https:\/\/api.w.org\/{rel}","templated":true}]}}