{"id":440,"date":"2019-10-01T13:37:02","date_gmt":"2019-10-01T13:37:02","guid":{"rendered":"http:\/\/www.movimientocaamanista.com\/?p=440"},"modified":"2019-10-01T13:37:03","modified_gmt":"2019-10-01T13:37:03","slug":"nueve-notas-geopoliticas-sobre-la-guerra-multiforme-contra-venezuela","status":"publish","type":"post","link":"http:\/\/www.movimientocaamanista.com\/?p=440","title":{"rendered":"NUEVE NOTAS GEOPOLITICAS SOBRE LA GUERRA MULTIFORME CONTRA VENEZUELA"},"content":{"rendered":"\n<p>Yldefonso Finol<\/p>\n\n\n\n<p>1)&nbsp;&nbsp;&nbsp;&nbsp;El\nTIAR es la versi\u00f3n armada del Grupo de Lima. Un parapeto militar con tufo a\n\u201cGuerra Fr\u00eda\u201d, engendro del \u201cpanamericanismo\u201d made in USA, inservible a los\npueblos, pero \u00fatil a los intereses gringos; obsoleto precoz, una chatarra que\ncuando ten\u00eda 35 a\u00f1os, no \u201casisti\u00f3\u201d a defender a Argentina de la agresi\u00f3n\ninglesa. Locura es, sin embargo, que sean pol\u00edticos con nacionalidad\nvenezolana, los que soliciten reactivarlo contra su propio pa\u00eds. Otro delito de\ntraici\u00f3n en la larga lista de cr\u00edmenes constitucionales del fascismo criollo.<\/p>\n\n\n\n<p>2)&nbsp;&nbsp;&nbsp;&nbsp;Las\nfotos del \u201ctit\u00e1n\u201d Guaid\u00f3 con terroristas colombianos del cartel \u201cLos\nRastrojos\u201d, son una prueba del v\u00ednculo paramilitar del gobierno uribista de\nIv\u00e1n Duque, y de la injerencia belicosa de \u00e9ste contra Venezuela. Delito de\nagresi\u00f3n que tendr\u00e1 que ser juzgado en su momento por la justicia\ninternacional.<\/p>\n\n\n\n<p>3)&nbsp;&nbsp;&nbsp;&nbsp;Todos\nlos actos ejecutados durante la trama \u201cGuaid\u00f3\u201d son ilegales, inconstitucionales\ny violatorios del Derecho Internacional. Este t\u00edtere del d\u00fao Trump-Duque, ha\nusurpado la figura de \u201cpresidente\u201d de la Rep\u00fablica, invadiendo \u00edrritamente la\ncompetencia exclusiva de las relaciones internacionales; nombrando directivos\nde empresas del Estado para que las entreguen al capital transnacional;\nmanejando recursos p\u00fablicos en divisas con la connivencia de gobiernos y bancos\nextranjeros sin tener facultades ni los mecanismos institucionales para ello,\ncon lo que ha incurrido en grav\u00edsimos delitos de corrupci\u00f3n; se ha confabulado\ncon gobiernos enemigos para socavar nuestra soberan\u00eda y agredir a nuestro\npueblo; y para colmo, ha ofrecido territorio de la Patria a cambio de apoyo\nfinanciero para su desgraciado prop\u00f3sito. Alta traici\u00f3n, anemia espiritual,\nasquerosa megaloman\u00eda.<\/p>\n\n\n\n<p>4)&nbsp;&nbsp;&nbsp;&nbsp;El\ngobierno del empresario neonazi Donald Trump, zigzagueando entre \u201csanciones\u201d\nunilaterales criminales y amenazas militares, luce atrapado en la crisis\nsist\u00e9mica que lo coloca ante el espejo de la historia mirando su propia\ndecadencia como centro de hegemon\u00eda imperialista. Es el cl\u00edmax de la\npodredumbre cultural de la civilizaci\u00f3n del lucro depredador. Sus mismos\nelectores ya lo detestan. La humanidad entera lo repudia.<\/p>\n\n\n\n<p>5)&nbsp;&nbsp;&nbsp;&nbsp;Las\npretensiones de la Exxon Mobil sobre los recursos energ\u00e9ticos en la fachada\natl\u00e1ntica de nuestra Guayana Esequiva, en complicidad con algunos pol\u00edticos\nguyaneses, constituyen un factor de perturbaci\u00f3n de la convivencia respetuosa\nentre pueblos vecinos. Las controversias lim\u00edtrofes deben ser dirimidas\npac\u00edficamente en el marco del Derecho Internacional y los acuerdos validados\npor las partes, sin el morbo de la injerencia de terceros con mala fe. Fuentes\nde inteligencia social informan sobre entrenamiento de grupos armados en zonas\nselv\u00e1ticas del territorio en reclamaci\u00f3n. Remember \u201cOperaci\u00f3n\nTenaza\u201d.&nbsp;&nbsp;<\/p>\n\n\n\n<p>6)&nbsp;&nbsp;&nbsp;&nbsp;Como\nparte de la guerra h\u00edbrida no pod\u00eda faltar el componente psicosocial, plagado\nde apelaciones fascistas que manipulan las m\u00e1s ruines miserias humanas, como la\nxenofobia. Lo m\u00e1s extra\u00f1o es que una parte de la oposici\u00f3n derechista ha\ncontribuido grandemente al linchamiento moral contra la venezolanidad.\nExpresiones de odio xen\u00f3fobo extremo se han producido en pa\u00edses como Per\u00fa y\nColombia, donde venezolanas y venezolanos ha sido cruelmente flagelados ante la\nmirada c\u00f3mplice de autoridades gubernamentales. No tengo duda alguna que estas\nabominables pr\u00e1cticas, guardan estrecha relaci\u00f3n con el antibolivarianismo que\nlas oligarqu\u00edas de esos dos pa\u00edses en particular, han inculcado a su poblaci\u00f3n\ndesde los tiempos de la gesta independentista.&nbsp;&nbsp;<\/p>\n\n\n\n<p>7)&nbsp;&nbsp;&nbsp;&nbsp;El\nencumbramiento coyuntural del fascismo latinoamericano, viene mostrando el\nverdadero rostro de la derecha como fuerza sociopol\u00edtica retr\u00f3grada, que\nelimina beneficios sociales conquistados por las luchas de los pueblos y por la\ngesti\u00f3n de los gobiernos progresistas de per\u00edodos recientes. Este fascismo de\nnuevo cu\u00f1o, asumi\u00e9ndose falazmente como \u201cdemocr\u00e1tico\u201d, pero nost\u00e1lgico de\ndictaduras atroces como las brasile\u00f1as, argentinas y chilenas, es la negaci\u00f3n\nde la visi\u00f3n humanista-ecol\u00f3gica que constituye hoy d\u00eda la vanguardia cultural\nen el mundo. Hay que detenerlo y derrotarlo por el bien de la especie humana.<\/p>\n\n\n\n<p>8)&nbsp;&nbsp;&nbsp;&nbsp;En\nlo econ\u00f3mico, el prop\u00f3sito de la guerra contra Venezuela es apoderarse del\npetr\u00f3leo y dem\u00e1s recursos estrat\u00e9gicos de la naci\u00f3n; pero en lo\npol\u00edtico-ideol\u00f3gico, es destruir el proyecto bolivariano. A nada le temen tanto\nlos gringos y la derecha latinoamericana como al resurgimiento de la Doctrina\nBolivariana.<\/p>\n\n\n\n<p>9)&nbsp;&nbsp;&nbsp;&nbsp;Proyecto\nbolivariano, petr\u00f3leo y guerra comercial, convierten a Venezuela en capital\nmundial de la geopol\u00edtica, sitial compartido con Medio Oriente por los sucesos\nen torno al Golfo P\u00e9rsico. Rusia y China muy bien colocadas en el tablero,\nriman alianzas con actores claves en la regi\u00f3n mahometana; mientras un lejano\nT\u00edo Sam parece no comprender el nuevo mundo que lo rodea.<\/p>\n","protected":false},"excerpt":{"rendered":"<p>Yldefonso Finol 1)&nbsp;&nbsp;&nbsp;&nbsp;El TIAR es la versi\u00f3n armada del Grupo de Lima. Un parapeto militar con tufo a \u201cGuerra Fr\u00eda\u201d, engendro del \u201cpanamericanismo\u201d made in USA, inservible a los pueblos, pero \u00fatil a los intereses gringos; obsoleto precoz, una chatarra que cuando ten\u00eda 35 a\u00f1os, no \u201casisti\u00f3\u201d a defender a Argentina de la agresi\u00f3n inglesa. [&hellip;]<\/p>\n","protected":false},"author":1,"featured_media":441,"comment_status":"open","ping_status":"open","sticky":false,"template":"","format":"standard","meta":{"footnotes":""},"categories":[5,3],"tags":[],"_links":{"self":[{"href":"http:\/\/www.movimientocaamanista.com\/index.php?rest_route=\/wp\/v2\/posts\/440"}],"collection":[{"href":"http:\/\/www.movimientocaamanista.com\/index.php?rest_route=\/wp\/v2\/posts"}],"about":[{"href":"http:\/\/www.movimientocaamanista.com\/index.php?rest_route=\/wp\/v2\/types\/post"}],"author":[{"embeddable":true,"href":"http:\/\/www.movimientocaamanista.com\/index.php?rest_route=\/wp\/v2\/users\/1"}],"replies":[{"embeddable":true,"href":"http:\/\/www.movimientocaamanista.com\/index.php?rest_route=%2Fwp%2Fv2%2Fcomments&post=440"}],"version-history":[{"count":1,"href":"http:\/\/www.movimientocaamanista.com\/index.php?rest_route=\/wp\/v2\/posts\/440\/revisions"}],"predecessor-version":[{"id":442,"href":"http:\/\/www.movimientocaamanista.com\/index.php?rest_route=\/wp\/v2\/posts\/440\/revisions\/442"}],"wp:featuredmedia":[{"embeddable":true,"href":"http:\/\/www.movimientocaamanista.com\/index.php?rest_route=\/wp\/v2\/media\/441"}],"wp:attachment":[{"href":"http:\/\/www.movimientocaamanista.com\/index.php?rest_route=%2Fwp%2Fv2%2Fmedia&parent=440"}],"wp:term":[{"taxonomy":"category","embeddable":true,"href":"http:\/\/www.movimientocaamanista.com\/index.php?rest_route=%2Fwp%2Fv2%2Fcategories&post=440"},{"taxonomy":"post_tag","embeddable":true,"href":"http:\/\/www.movimientocaamanista.com\/index.php?rest_route=%2Fwp%2Fv2%2Ftags&post=440"}],"curies":[{"name":"wp","href":"https:\/\/api.w.org\/{rel}","templated":true}]}}