{"id":4423,"date":"2021-05-06T11:23:33","date_gmt":"2021-05-06T11:23:33","guid":{"rendered":"http:\/\/www.movimientocaamanista.com\/?p=4423"},"modified":"2021-05-06T11:23:36","modified_gmt":"2021-05-06T11:23:36","slug":"colombia-estado-terrorista-colonizado-disfrazado-de-democracia","status":"publish","type":"post","link":"http:\/\/www.movimientocaamanista.com\/?p=4423","title":{"rendered":"COLOMBIA: ESTADO TERRORISTA COLONIZADO, DISFRAZADO DE DEMOCRACIA"},"content":{"rendered":"\n<p>Narciso Isa Conde<\/p>\n\n\n\n<p>El velo se ha corro\u00eddo y desgastado tanto que ya no encubre. Las m\u00e1scaras se caen al piso. Las mentiras al desnudo no resisten m\u00e1s repeticiones de agencias, medios y cadenas de desinformaci\u00f3n al servicio del llamado \u201cmundo libre\u201d. Lo mucho es inocultable.<\/p>\n\n\n\n<p>CIA,  DEA, MOSSAD, PENT\u00c1GONO-COMANDO SUR\u2026 ya no pueden ocultar sus complicidades y sus culpas en la explosiva crisis pol\u00edtica colombiana y su larga estela de muertes, desapariciones y sufrimientos.<\/p>\n\n\n\n<p>Las bases militares estadounidenses, el ingreso de Colombia a OTAN y la extrema subordinaci\u00f3n del poder constituido en ese pa\u00eds a EEUU, han aplastado dr\u00e1sticamente la soberan\u00eda colombiana, quiz\u00e1s m\u00e1s que en ning\u00fan otro caso latino-caribe\u00f1o. <\/p>\n\n\n\n<p>All\u00ed no  hay posibilidad de rejuego de autonom\u00eda limitada. El coloniaje imperial es feroz y, adem\u00e1s, complacientemente aceptado por los protagonistas y beneficiarios de de esa falsa democracia.<\/p>\n\n\n\n<p>Las intermediaciones nativas tipo DAS, Centrales de Inteligencia de las Fuerzas Armadas, Presidentes, Ministros de Defensa, oligarcas, comunicadores\u2026 suben a la superficie por m\u00e1s que traten de enterrarlos o encubrirlas.<\/p>\n\n\n\n<p>Los mercenarios, bajo el manto de corporaciones gringas, no pueden negar el patrocinio de EEUU. M\u00e1s de seis mil \u201cfalsos positivos\u201d en los gobiernos de Uribe y de Santos no es poca cosa. Duque, el disc\u00edpulo tiende a aventajarlos.<\/p>\n\n\n\n<p>El  objetivo prioritario de las acciones criminales planeadas desde la Central de Inteligencia de la Armada Nacional en Bogot\u00e1, ha sido asesinar a l\u00edderes sindicales y sociales, eliminar ex -guerrilleros firmantes de la paz y generar terror en gran escala.<\/p>\n\n\n\n<p>El paramilitarismo -forjado por la asesor\u00eda estadounidense, tutelado por el alto mando militar y alimentado por la narco-corrupci\u00f3n- se ha desbordado grotescamente en la ejecuci\u00f3n de innumerables fechor\u00edas, tanto en la guerra impuesta como en la \u201cpaz\u201d chueca o chimba de ocasi\u00f3n.<\/p>\n\n\n\n<p><strong>BAJO EL DOMINIO DE UN ESTADO TERRORISTA NO PUEDE HABER PAZ.<\/strong><\/p>\n\n\n\n<p>Antes se dec\u00eda que los asesinatos y las masacres eran causados por la existencia y el accionar de las guerrillas, y hasta se pregonaba que la \u201cdemocracia colombiana\u201d estaba por esa raz\u00f3n compelida a una \u201cprofilaxis\u201d  violenta.<\/p>\n\n\n\n<p>Tal versi\u00f3n procuraba poner las cosas al rev\u00e9s, pese a que la \u201cdemocracia representativa\u201d colombiana, se torn\u00f3 tempranamente en un Estado s\u00faper-violento y poco despu\u00e9s en Estado terrorista y narco-terrorista integral.<\/p>\n\n\n\n<p>La violencia, plagada de masacres, fosas comunes, moto-sierras, mutilaciones, asesinatos y torturas, se inici\u00f3 a finales de la d\u00e9cada de los 40 con el asesinato de Gait\u00e1n y el genocidio campesino, y desde entonces no ha cesado. <\/p>\n\n\n\n<p>La Marquetalia de Marulanda solo fue una digna respuesta del campesinado masacrado y el atrevido y audaz inicio del pueblo de esa joven Naci\u00f3n al leg\u00edtimo ejercicio del derecho a la insurrecci\u00f3n; derecho reconocido por la ONU, antes de ser pol\u00edticamente pervertida por EU y la UE.<\/p>\n\n\n\n<p>No puede escapar a estas necesarias valoraciones subversivas del largo imperio de la mentira oficial, el hecho de que cada vez que la insurgencia colombiana ha intentado acordar  la paz, la violencia se ensa\u00f1a m\u00e1s contra ella y contra su pueblo.<\/p>\n\n\n\n<p>Esto fue lo que aconteci\u00f3 cuando, luego de un pacto de paz,  la Uni\u00f3n Patri\u00f3tica pas\u00f3 a la legalidad: el costo fue de alrededor de 5000 v\u00edctimas mortales del Terrorismo de Estado santanderiano.<\/p>\n\n\n\n<p>Est\u00e1 pasando ahora, inmediatamente despu\u00e9s del intento de paz concertado en la Habana y traicionado tan pronto fue proclamado, qui\u00e9n sabe si desde antes de \u201ccuajar\u201d.<\/p>\n\n\n\n<p>Porque  en verdad-verdad, con un Estado Terrorista y sus gobiernos asesinos, es imposible lograr garant\u00edas de paz. A quien ejerce la cultura de la muerte con tanta pasi\u00f3n y sin el menor escr\u00fapulo, no le cuesta nada enga\u00f1ar o estafar; m\u00e1s bien siente placer y se regocija de no cumplir la palabra empe\u00f1ada.<\/p>\n\n\n\n<p>El Instituto de Estudios para el Desarrollo y la Paz de Colombia (IDEPAZ) destac\u00f3 que \u201cdesde la firma del Acuerdo de Paz en Colombia, en 2016, hasta el 15 de julio de 2020,  971 l\u00edderes sociales y personas defensoras de derechos humanos han sido asesinadas en el pa\u00eds\u201d, y adicionalmente se produjeron 31 masacres con un total de 132 v\u00edctimas.<\/p>\n\n\n\n<p>Pero no solo. El terror continu\u00f3 en ascenso en  el \u00faltimo semestre del 2020, en plena pandemia; y el balance en el 2021, de enero a la fecha, es el siguiente:<\/p>\n\n\n\n<p>-Otros 57 l\u00edderes sociales y activistas de derechos humanos fueron asesinados\/as.<\/p>\n\n\n\n<p>-22 ex\u2013guerrilleros\/as corrieron la misma suerte.<\/p>\n\n\n\n<p>Y las masacres se elevaron a 91, mientras en las protestas del 1ro. de Mayo contra otro intento de masacre fiscal, fueron acribillados\/as 19 colombianos\/as tras las descarada orden del Presidente Duque de \u201cdisparar a matar\u201d.<\/p>\n\n\n\n<p>A los compases de esa ruta macabra,  EEUU, la Uni\u00f3n Europea, el Estado terrorista Israel\u00ed y el Grupo de Lima, no han cesado en involucrarse con ese poder colombiano colonizado y gansterizado en la p\u00e9rfida misi\u00f3n de desestabilizar y revertir el proceso bolivariano en Venezuela; activando toda la plataforma militar y paramilitar de ese Estado vasallo en v\u00eda de ser reventado por un pueblo que ha dicho basta y ha vuelto a rebelarse como lo hizo en aquel bogotazo y en aquella Marquetalia, de nuevo activadas.<\/p>\n\n\n\n<p>Es muy penoso que para que se produzcan algunas t\u00edmidas cr\u00edticas de los ya degradados organismos multilaterales de este injusto y maltrecho orden internacional, tenga que evidenciarse tan cruel balance; mientras, apostando al olvido y a la perpetuaci\u00f3n del sistema en crisis, sus mentores de seguro seguir\u00e1n llamando \u201cdemocracia\u201d al engendro olig\u00e1rquico-imperial colombiano y a todos los reg\u00edmenes parecidos.<\/p>\n\n\n\n<p>En tanto ellos apuestan al olvido y a prolongar lo que, como en Chile, Hait\u00ed, Honduras\u2026sus bravos pueblos impugnan, en el campo de la fuerzas transformadoras de Nuestra Am\u00e9rica no debe haber espacio para vacilar respecto a la pertinencia de la insumisi\u00f3n colectiva y a la solidaridad sin l\u00edmites que debe conducir a  aislar a sus criminales opresores, en procura de que el pueblo colombiano arranque de ra\u00edz el r\u00e9gimen oprobioso que le han impuesto y ajuste cuenta con sus verdugos.<\/p>\n","protected":false},"excerpt":{"rendered":"<p>Narciso Isa Conde El velo se ha corro\u00eddo y desgastado tanto que ya no encubre. Las m\u00e1scaras se caen al piso. Las mentiras al desnudo no resisten m\u00e1s repeticiones de agencias, medios y cadenas de desinformaci\u00f3n al servicio del llamado \u201cmundo libre\u201d. Lo mucho es inocultable. CIA, DEA, MOSSAD, PENT\u00c1GONO-COMANDO SUR\u2026 ya no pueden ocultar [&hellip;]<\/p>\n","protected":false},"author":1,"featured_media":4424,"comment_status":"open","ping_status":"open","sticky":false,"template":"","format":"standard","meta":{"footnotes":""},"categories":[20,5,16],"tags":[],"_links":{"self":[{"href":"http:\/\/www.movimientocaamanista.com\/index.php?rest_route=\/wp\/v2\/posts\/4423"}],"collection":[{"href":"http:\/\/www.movimientocaamanista.com\/index.php?rest_route=\/wp\/v2\/posts"}],"about":[{"href":"http:\/\/www.movimientocaamanista.com\/index.php?rest_route=\/wp\/v2\/types\/post"}],"author":[{"embeddable":true,"href":"http:\/\/www.movimientocaamanista.com\/index.php?rest_route=\/wp\/v2\/users\/1"}],"replies":[{"embeddable":true,"href":"http:\/\/www.movimientocaamanista.com\/index.php?rest_route=%2Fwp%2Fv2%2Fcomments&post=4423"}],"version-history":[{"count":1,"href":"http:\/\/www.movimientocaamanista.com\/index.php?rest_route=\/wp\/v2\/posts\/4423\/revisions"}],"predecessor-version":[{"id":4425,"href":"http:\/\/www.movimientocaamanista.com\/index.php?rest_route=\/wp\/v2\/posts\/4423\/revisions\/4425"}],"wp:featuredmedia":[{"embeddable":true,"href":"http:\/\/www.movimientocaamanista.com\/index.php?rest_route=\/wp\/v2\/media\/4424"}],"wp:attachment":[{"href":"http:\/\/www.movimientocaamanista.com\/index.php?rest_route=%2Fwp%2Fv2%2Fmedia&parent=4423"}],"wp:term":[{"taxonomy":"category","embeddable":true,"href":"http:\/\/www.movimientocaamanista.com\/index.php?rest_route=%2Fwp%2Fv2%2Fcategories&post=4423"},{"taxonomy":"post_tag","embeddable":true,"href":"http:\/\/www.movimientocaamanista.com\/index.php?rest_route=%2Fwp%2Fv2%2Ftags&post=4423"}],"curies":[{"name":"wp","href":"https:\/\/api.w.org\/{rel}","templated":true}]}}