{"id":4437,"date":"2021-05-08T11:41:49","date_gmt":"2021-05-08T11:41:49","guid":{"rendered":"http:\/\/www.movimientocaamanista.com\/?p=4437"},"modified":"2021-05-08T11:41:51","modified_gmt":"2021-05-08T11:41:51","slug":"eeuu-apoya-suspender-las-patentes-de-las-vacunas-anti-covid","status":"publish","type":"post","link":"http:\/\/www.movimientocaamanista.com\/?p=4437","title":{"rendered":"EEUU apoya suspender las patentes de las vacunas anti-COVID"},"content":{"rendered":"\n<p>Ic\u00edar Guti\u00e9rrez<\/p>\n\n\n\n<p>Fuente: <a href=\"https:\/\/rebelion.org\/eeuu-apoya-suspender-las-patentes-de-las-vacunas-anti-covid\/\">Rebeli\u00f3n<\/a><\/p>\n\n\n\n<p>Katherine Tai, representante de Comercio Exterior, ha anunciado este mi\u00e9rcoles el apoyo de la administraci\u00f3n Biden a la exenci\u00f3n de la protecci\u00f3n de la propiedad intelectual en las vacunas contra la COVID-19, una medida a la que EEUU llevaba meses oponi\u00e9ndose. La OMS califica la decisi\u00f3n de \u00abhist\u00f3rica\u00bb<\/p>\n\n\n\n<p>Estados Unidos apoya la suspensi\u00f3n temporal de la protecci\u00f3n de la propiedad intelectual en las vacunas contra la COVID-19. El cambio de posici\u00f3n ha sido anunciado este mi\u00e9rcoles Katherine Tai, representante de Comercio Exterior, que ha hecho p\u00fablico el respaldo de la administraci\u00f3n Biden a la medida, defendida en la Organizaci\u00f3n Mundial del Comercio (OMC) por decenas de pa\u00edses, principalmente empobrecidos,&nbsp;<a rel=\"noreferrer noopener\" href=\"https:\/\/www.eldiario.es\/internacional\/papel-juegan-patentes-vacunacion-mundial-coronavirus_1_6978163.html\" target=\"_blank\"><strong>que argumentan que puede ayudar a expandir el acceso a las vacunas.<\/strong><\/a><\/p>\n\n\n\n<p>\u00abEstos tiempos y circunstancias extraordinarios exigen medidas extraordinarias\u00bb, ha dicho en Twitter. \u00abEstados Unidos apoya la exenci\u00f3n de la protecci\u00f3n de la propiedad intelectual en las vacunas contra la COVID-19 para ayudar a poner fin a la pandemia y participaremos activamente en las negociaciones en la OMC para que eso suceda\u00bb.<\/p>\n\n\n\n<p>\u00abEl Gobierno cree firmemente en las protecciones de la propiedad intelectual, pero en aras de poner fin a esta pandemia, apoya la exenci\u00f3n de esas protecciones para las vacunas COVID-19\u00bb, reza el comunicado compartido por Katherine Tai.<\/p>\n\n\n\n<p>Hasta ahora, EEUU, como otros pa\u00edses ricos, entre ellos el bloque de la Uni\u00f3n Europea, Jap\u00f3n o Canad\u00e1, se hab\u00edan opuesto sistem\u00e1ticamente a la medida, propuesta el pasado octubre por India y Sud\u00e1frica en la OMC, a favor de una exenci\u00f3n temporal de derechos de propiedad intelectual, entre ellos las patentes, de vacunas y otros productos contra la COVID-19.<\/p>\n\n\n\n<p>Sin embargo, la presi\u00f3n por parte organizaciones de la sociedad civil, expertos y l\u00edderes mundiales hacia los Gobiernos y las farmac\u00e9uticas ha sido cada vez mayor, a medida que el virus hace estragos en lugares como India y la escasez y la desigualdad en la distribuci\u00f3n de las vacunas contin\u00faa.&nbsp;La Organizaci\u00f3n Mundial de la Salud (OMS) tambi\u00e9n ha venido abogando por la medida. Seg\u00fan sus datos, hasta ahora, se han administrado m\u00e1s de 1.100 millones de dosis en todo el mundo, pero m\u00e1s del 80% de ellas se han administrado en pa\u00edses de renta alta y media-alta, mientras que solo el 0,3% se ha administrado en pa\u00edses de renta baja.&nbsp;<\/p>\n\n\n\n<p>El debate en la OMC llevaba meses estancado, con posiciones muy alejadas entre decenas de naciones, principalmente del sur, que apoyan la medida sugiriendo que podr\u00eda ayudar a aumentar el suministro, y un grupo de miembros, principalmente aquellos con industrias farmac\u00e9uticas y biotecnol\u00f3gicas importantes, que se hab\u00edan negado hasta ahora.<\/p>\n\n\n\n<p><strong>\u00abLlevar\u00e1 tiempo\u00bb<\/strong><\/p>\n\n\n\n<p>Las medidas en la OMC se adoptan por consenso de todos los miembros, por lo que, aunque un cambio en Washington \u2013la principal potencia econ\u00f3mica del mundo\u2013 es importante, requiere el apoyo tambi\u00e9n del resto de pa\u00edses.<\/p>\n\n\n\n<p>\u00abParticiparemos activamente en las negociaciones basadas en el texto que sean necesarias para conseguirlo. Dichas negociaciones llevar\u00e1n tiempo, dada la naturaleza de la instituci\u00f3n, basada en el consenso, y la complejidad de las cuestiones implicadas\u00bb, dice Katherine Tai en el comunicado.<\/p>\n\n\n\n<p>Tal y como est\u00e1 planteada la propuesta en este momento, si saliera adelante, se suspender\u00edan de manera temporal, mientras dure la pandemia, varias provisiones del Acuerdo de los Aspectos de los Derechos de Propiedad Intelectual relacionados con el Comercio (ADPIC): derechos de autor y derechos conexos, dibujos y modelos industriales, patentes y protecci\u00f3n de la informaci\u00f3n no divulgada.<\/p>\n\n\n\n<p>Seg\u00fan informan fuentes de Ginebra, se aplicar\u00eda durante un n\u00famero determinado de a\u00f1os, que deber\u00e1 acordar el Consejo General, y hasta generalizar la cobertura de la vacunaci\u00f3n a nivel mundial y lograr que la mayor\u00eda de la poblaci\u00f3n del mundo sea inmune.<\/p>\n\n\n\n<p>Los pa\u00edses impulsores de la propuesta anunciaron el viernes que revisar\u00e1n el texto en un intento de conciliar posiciones. Seg\u00fan fuentes de Ginebra, los pa\u00edses impulsores de la exenci\u00f3n (que ya ascienden a 60) no \u00abhan dado m\u00e1s detalles ni del alcance ni la naturaleza de la revisi\u00f3n, pero dijeron que se pondr\u00e1n en contacto inmediatamente con otros miembros \u2013tanto a favor como en contra de la propuesta\u2013 para encontrar un terreno com\u00fan y avanzar en las discusiones\u00bb.<\/p>\n\n\n\n<p>El embajador Dagfinn S\u00f8rli de Noruega, presidente del Consejo de los Aspectos de los Derechos de Propiedad Intelectual relacionados con el Comercio (ADPIC), dijo que hay razones para un \u00aboptimismo cauto\u00bb, en particular tras la revisi\u00f3n de la propuesta.<\/p>\n\n\n\n<p>El Consejo General, el \u00f3rgano de toma de decisiones de m\u00e1s alto nivel de la OMC, se ha reunido este mi\u00e9rcoles y tambi\u00e9n lo har\u00e1 este jueves. Los impulsores de la propuesta han dicho que est\u00e1n trabajando en un calendario para discutir y distribuir el nuevo texto. Sobre la mesa est\u00e1 la posibilidad de reunirse en la segunda quincena de mayo. El texto revisado se presentar\u00eda entonces, seg\u00fan las mismas fuentes, en la reuni\u00f3n formal del Consejo de los ADPIC, prevista para principios de junio.<\/p>\n\n\n\n<p>La medida se ha debatido nueve veces desde octubre, tanto de manera formal como informal. Los miembros discrepan sobre el papel de la propiedad intelectual en el acceso a vacunas y medicamentos de alta calidad, seguros, eficaces y asequibles para todo el mundo.<\/p>\n\n\n\n<p>Las naciones a favor defienden que los retos actuales solo pueden abordarse eficazmente mediante la exenci\u00f3n, pero algunas delegaciones siguen sin estar convencidas y otras argumentan que podr\u00eda ser contraproducente.&nbsp;En general, las voces detractoras de la medida sostienen que una exenci\u00f3n no ser\u00eda una panacea.&nbsp;Insisten en que la producci\u00f3n de vacunas es compleja, argumentan que no se puede aumentar mediante la relajaci\u00f3n de la propiedad intelectual, y dicen que el levantamiento de las protecciones podr\u00eda da\u00f1ar la innovaci\u00f3n en un futuro.<\/p>\n\n\n\n<p>En su giro, el Gobierno de EEUU dice que su objetivo al apoyar la medida es hacer llegar\u00bb el mayor n\u00famero de vacunas seguras y eficaces al mayor n\u00famero posible de personas con la mayor rapidez posible\u00bb. \u00abA medida que se asegure el suministro de vacunas para la poblaci\u00f3n estadounidense, la administraci\u00f3n seguir\u00e1 intensificando sus esfuerzos \u2013trabajando con el sector privado y todos los socios posibles\u2013 para ampliar la fabricaci\u00f3n y distribuci\u00f3n de vacunas. Tambi\u00e9n trabajar\u00e1 para aumentar las materias primas necesarias para producir esas vacunas\u00bb, dice Tai.<\/p>\n\n\n\n<p><strong>La OMS: \u00abEs una decisi\u00f3n hist\u00f3rica\u00bb<\/strong><\/p>\n\n\n\n<p>El director general de la OMS, Tedros Adhanom Ghebreyesus, que ha empujado por la medida, ha sido uno de los primeros en celebrar el cambio de posici\u00f3n de EEUU. \u00abEste es un momento trascendental en la lucha contra la COVID. El compromiso de apoyar la exenci\u00f3n de las protecciones de la propiedad intelectual en las vacunas es un poderoso ejemplo del liderazgo de Estados Unidos para abordar los desaf\u00edos de la salud mundial\u00bb, ha dicho en Twitter.<\/p>\n\n\n\n<p>\u00abFelicito a EEUU por esta decisi\u00f3n hist\u00f3rica para la equidad en vacunas, priorizando el bienestar de todas las personas en todas partes en un momento cr\u00edtico. Ahora vamos a avanzar todos juntos r\u00e1pidamente, en solidaridad, aprovechando el ingenio y el compromiso de los cient\u00edficos que produjeron las vacunas contra la COVID-19 que salvan vidas\u00bb, se\u00f1ala el jefe de la OMS. \u00abEl apoyo de la Casa Blanca a la renuncia temporal a la propiedad intelectual de las vacunas contra la COVID-19 refleja la sabidur\u00eda y el liderazgo moral de EEUU para apoyar la equidad en vacunas y trabajar para acabar con esta pandemia\u00bb.<\/p>\n\n\n\n<p>La Alianza Vacuna para el Pueblo, que engloba a ONG, expertos y l\u00edderes mundiales que han abogado en los \u00faltimos meses por la medida, tambi\u00e9n ha celebrado el paso de EEUU. \u00abEsta es la decisi\u00f3n que el mundo necesitaba\u00bb,<a href=\"https:\/\/twitter.com\/peoplesvaccine\/status\/1390039746693500937?s=20\" target=\"_blank\" rel=\"noreferrer noopener\"><strong>&nbsp;ha dicho la coalici\u00f3n.<\/strong><\/a><\/p>\n\n\n\n<p>No obstante, han recalcado que son necesarias m\u00e1s medidas, entre ellas que las compa\u00f1\u00edas fabricantes transfieran tecnolog\u00eda. Hasta la fecha, ning\u00fan fabricante de vacunas eficaces contra el coronavirus se ha unido al Acceso Mancomunado a Tecnolog\u00eda contra la COVID-19 (C-TAP) de la OMS, plataforma creada para facilitar la puesta en com\u00fan de estos avances.&nbsp;<\/p>\n\n\n\n<p>\u00abAunque es un paso audaz hacia una vacuna popular, es un primer paso. La administraci\u00f3n Biden debe combinar su apoyo a la exenci\u00f3n de las normas de propiedad intelectual con la exigencia urgente de transferencia de tecnolog\u00edas a trav\u00e9s de C-TAP, e invertir estrat\u00e9gicamente en la fabricaci\u00f3n en todo el mundo en desarrollo\u00bb, dice la Alianza.<\/p>\n\n\n\n<p>Tambi\u00e9n, consideran que EEUU debe garantizar que la exenci\u00f3n se aplique no solo a las vacunas, sino a todas las tecnolog\u00edas relacionadas con la COVID-19. Y se\u00f1alan: \u00abLa administraci\u00f3n estadounidense del presidente Biden debe resistir la intensa presi\u00f3n que ahora enfrentar\u00e1 por parte de la industria farmac\u00e9utica para diluir los acuerdos en la Organizaci\u00f3n Mundial del Comercio, y debe garantizar que los textos de negociaci\u00f3n se hagan transparentes y p\u00fablicos\u00bb.<\/p>\n\n\n\n<p>Asimismo, piden a la presidenta de la Comisi\u00f3n Europea, Ursula von der Leyen, la canciller Merkel, el presidente Macron y el primer ministro Boris Johnson que sigan los pasos de EEUU.<\/p>\n","protected":false},"excerpt":{"rendered":"<p>Ic\u00edar Guti\u00e9rrez Fuente: Rebeli\u00f3n Katherine Tai, representante de Comercio Exterior, ha anunciado este mi\u00e9rcoles el apoyo de la administraci\u00f3n Biden a la exenci\u00f3n de la protecci\u00f3n de la propiedad intelectual en las vacunas contra la COVID-19, una medida a la que EEUU llevaba meses oponi\u00e9ndose. La OMS califica la decisi\u00f3n de \u00abhist\u00f3rica\u00bb Estados Unidos apoya [&hellip;]<\/p>\n","protected":false},"author":1,"featured_media":1484,"comment_status":"open","ping_status":"open","sticky":false,"template":"","format":"standard","meta":{"footnotes":""},"categories":[5,3],"tags":[],"_links":{"self":[{"href":"http:\/\/www.movimientocaamanista.com\/index.php?rest_route=\/wp\/v2\/posts\/4437"}],"collection":[{"href":"http:\/\/www.movimientocaamanista.com\/index.php?rest_route=\/wp\/v2\/posts"}],"about":[{"href":"http:\/\/www.movimientocaamanista.com\/index.php?rest_route=\/wp\/v2\/types\/post"}],"author":[{"embeddable":true,"href":"http:\/\/www.movimientocaamanista.com\/index.php?rest_route=\/wp\/v2\/users\/1"}],"replies":[{"embeddable":true,"href":"http:\/\/www.movimientocaamanista.com\/index.php?rest_route=%2Fwp%2Fv2%2Fcomments&post=4437"}],"version-history":[{"count":1,"href":"http:\/\/www.movimientocaamanista.com\/index.php?rest_route=\/wp\/v2\/posts\/4437\/revisions"}],"predecessor-version":[{"id":4438,"href":"http:\/\/www.movimientocaamanista.com\/index.php?rest_route=\/wp\/v2\/posts\/4437\/revisions\/4438"}],"wp:featuredmedia":[{"embeddable":true,"href":"http:\/\/www.movimientocaamanista.com\/index.php?rest_route=\/wp\/v2\/media\/1484"}],"wp:attachment":[{"href":"http:\/\/www.movimientocaamanista.com\/index.php?rest_route=%2Fwp%2Fv2%2Fmedia&parent=4437"}],"wp:term":[{"taxonomy":"category","embeddable":true,"href":"http:\/\/www.movimientocaamanista.com\/index.php?rest_route=%2Fwp%2Fv2%2Fcategories&post=4437"},{"taxonomy":"post_tag","embeddable":true,"href":"http:\/\/www.movimientocaamanista.com\/index.php?rest_route=%2Fwp%2Fv2%2Ftags&post=4437"}],"curies":[{"name":"wp","href":"https:\/\/api.w.org\/{rel}","templated":true}]}}