{"id":449,"date":"2019-10-02T02:30:54","date_gmt":"2019-10-02T02:30:54","guid":{"rendered":"http:\/\/www.movimientocaamanista.com\/?p=449"},"modified":"2019-10-09T12:02:09","modified_gmt":"2019-10-09T12:02:09","slug":"maquinaria-electoral-o-escuela-de-politica","status":"publish","type":"post","link":"http:\/\/www.movimientocaamanista.com\/?p=449","title":{"rendered":"\u00bfMAQUINARIA ELECTORAL O ESCUELA DE POLITICA?"},"content":{"rendered":"\n<p>Enrique Dussel<\/p>\n\n\n\n<p>Kaos en la Red<\/p>\n\n\n\n<p>Hay que colocar en el proyecto pol\u00edtico primero a los pobres. Pero esto no surge espont\u00e1neamente de una subjetividad consumista<\/p>\n\n\n\n<p>He le\u00eddo recientemente en <em>La Jornada<\/em>\n la siguiente expresi\u00f3n, en referencia a las cualidades que deber\u00eda \ntener un dirigente de un partido pol\u00edtico: se requiere que tenga la \ncapacidad de ganar elecciones. Deseo reflexionar sobre el tema en las \nsiguientes l\u00edneas.<\/p>\n\n\n\n<p>Una elecci\u00f3n de \nrepresentantes es una acci\u00f3n necesaria en la democracia, pero no \nsuficiente. Quiero decir con ello que el ciudadano, integrante del \npueblo en donde reside el poder y la soberan\u00eda en \u00faltimo t\u00e9rmino, dar\u00e1 a\n un igual la representaci\u00f3n en el ejercicio delegado del poder por medio\n de una elecci\u00f3n. Elegir\u00e1 a otra persona para que obre en su lugar. Esto\n es necesario porque 130 millones de mexicanos no pueden argumentar cara\n a cara en democracia directa para tomar cada decisi\u00f3n pol\u00edtica (aunque \nen la base, en el barrio, en el peque\u00f1o poblado se puede \ninstitucionalizar una democracia directa que se articular\u00eda con la \ndemocracia representativa; pero ese es otro tema sobre el que no \nreflexiono ahora). Por ello la elecci\u00f3n de representantes es necesaria.<\/p>\n\n\n\n<p>Pero\n en el caso de un partido pol\u00edtico (adem\u00e1s popular y articulado a \nmovimientos sociales) que intenta inaugurar un nuevo ejercicio del \npoder, contra la corrupci\u00f3n hecha tradici\u00f3n, y que procura que los \nprincipios \u00e9ticos definan las exigencias normativas de la acci\u00f3n \npol\u00edtica, se necesita un nuevo tipo de pol\u00edtico que sea honesto, \nmoralmente coherente, con una ideolog\u00eda innovadora que sea consecuente \ncon el noble oficio de la pol\u00edtica y no de una pol\u00edtica como una \nprofesi\u00f3n que intenta el lucro y la realizaci\u00f3n ego\u00edsta de fines \nparticulares excluyentes de los m\u00e1s vulnerables.<\/p>\n\n\n\n<p>La\n pregunta que se impone entonces es: \u00bfelegir representantes?: s\u00ed, pero \n\u00bfd\u00f3nde se encuentran esos nuevos representantes honestos, capaces, \ncreativos? \u00bfQui\u00e9n los ha educado, formado, entrenado en la praxis y en \nla teor\u00eda en la nueva manera de ejercer el poder como servicio y no como\n dominaci\u00f3n, corrupci\u00f3n o profesi\u00f3n para enriquecerse? \u00bfNo ser\u00e1 que el \npartido pol\u00edtico es una condici\u00f3n (necesaria, pero no suficiente) no \ns\u00f3lo para ganar las elecciones (constituy\u00e9ndose en una burocracia que \nr\u00e1pidamente se corrompe), sino para formar posibles candidatos a \nrepresentantes de ciudadanos, \u00e9tica y pol\u00edticamente capaces. S\u00f3lo en \neste caso se cumple la condici\u00f3n necesaria y suficiente. En este caso el\n partido pol\u00edtico no es s\u00f3lo ni primeramente una maquinaria electoral, \nsino una comunidad \u00e9tico-pol\u00edtica de ciudadanos aptos para gobernar \ndelegadamente con poder obediencial al servicio de un pueblo.<\/p>\n\n\n\n<p>En\n tal caso es ejemplo de dirigente de un partido pol\u00edtico el que tiene \ncomo tarea instaurar un nuevo tipo de ejercicio del poder. No puede ni \ndebe ser un bur\u00f3crata que se ocupe en ganar elecciones (lo que supone \npropaganda, negociaciones, maquinaciones, destrucci\u00f3n de oponentes, vida\n de escritorio en di\u00e1logo con las \u00e9lites, etc\u00e9tera), sino que deber\u00eda \nejercer un liderazgo que se arremanga los brazos y ensucia sus pies en \nel barro colaborando con ind\u00edgenas pobres y despreciados, llegando antes\n que el Sol al trabajo, siendo admirado por el pueblo pueblo, que llega a\n la presidencia de la naci\u00f3n por ponerse arriesgadamente al frente de \nmultitudes de pobres que lo invisten como su representante antes y por \nsobre toda elecci\u00f3n. \u00a1Quiz\u00e1s alguien piense en el Presidente mexicano \nactual! Y un partido debe generalizar en sus integrantes el deseo de \nejercer ese liderazgo que lograrlo en escuelas de cuadros, en primer \nlugar teniendo como referencia a miles de j\u00f3venes que claman por una \npol\u00edtica y vida honesta, y que un partido puede formar y encausar como \nuna nueva legi\u00f3n de pol\u00edticos de otro temple.<\/p>\n\n\n\n<p>El\n dirigente del partido que adquiere el olor a pueblo, junto a \u00e9l, \nsirvi\u00e9ndolo, lider\u00e1ndolo, es digno de ser dirigente, y no el bur\u00f3crata \nque gana elecciones (a las buenas o a las malas, comprando votos y \nusando el fraude).<\/p>\n\n\n\n<p>Insisto, \nnecesitamos partidos como comunidades \u00e9ticas que formen a sus \nintegrantes gracias a escuelas de cuadros en las que ser\u00eda bueno usar \nlos recursosrecibidos del Estado (que si no los otorgara \u00e9ste los \ndonar\u00edan los millonarios con la finalidad de que el partido despu\u00e9s \npagara la inversi\u00f3n sirviendo a las empresas y no al pueblo, como lo \nhemos vivido durante decenios). Usar esos recursos, por ejemplo, en \nlocales lujosos del partido vale para un partido maquinaria electoral. \nPero usar ese dinero en escuelas de cuadros para formar la subjetividad \nde los integrantes del partido, y del pueblo en general, es el m\u00e1s noble\n y eficaz empleo de esos recursos. Un dirigente que no piensa as\u00ed no es \nun buen candidato a ser elegido.<\/p>\n\n\n\n<p>El \npartido necesita dirigentes volcados por vocaci\u00f3n al servicio del \npueblo, y como claramente define la milenaria cultura semita, de un \nHammurabi por ejemplo (hace m\u00e1s de 3 mil 600 a\u00f1os, para no nombrar a \notros que nacer\u00e1n despu\u00e9s), hay que colocar en el proyecto pol\u00edtico \nprimero a los pobres. Pero esto no surge espont\u00e1neamente de una \nsubjetividad consumista educada por la competencia ego\u00edsta del mercado \ndel neoliberalismo, sino de un ejemplo del pol\u00edtico que practica \ncotidianamente sus principios y de una ideolog\u00eda que sea teor\u00eda y \ncr\u00edtica de la \u00e9tica burguesa del capital, gracias a una organizaci\u00f3n y a\n una educaci\u00f3n que hay que impartir como objetivo esencial de un partido\n pol\u00edtico popular, que se articula con los movimientos sociales \nrespetando las autonom\u00edas de sus liderazgos particulares.<\/p>\n","protected":false},"excerpt":{"rendered":"<p>Enrique Dussel Kaos en la Red Hay que colocar en el proyecto pol\u00edtico primero a los pobres. Pero esto no surge espont\u00e1neamente de una subjetividad consumista He le\u00eddo recientemente en La Jornada la siguiente expresi\u00f3n, en referencia a las cualidades que deber\u00eda tener un dirigente de un partido pol\u00edtico: se requiere que tenga la capacidad [&hellip;]<\/p>\n","protected":false},"author":1,"featured_media":451,"comment_status":"open","ping_status":"open","sticky":false,"template":"","format":"standard","meta":{"footnotes":""},"categories":[4],"tags":[],"_links":{"self":[{"href":"http:\/\/www.movimientocaamanista.com\/index.php?rest_route=\/wp\/v2\/posts\/449"}],"collection":[{"href":"http:\/\/www.movimientocaamanista.com\/index.php?rest_route=\/wp\/v2\/posts"}],"about":[{"href":"http:\/\/www.movimientocaamanista.com\/index.php?rest_route=\/wp\/v2\/types\/post"}],"author":[{"embeddable":true,"href":"http:\/\/www.movimientocaamanista.com\/index.php?rest_route=\/wp\/v2\/users\/1"}],"replies":[{"embeddable":true,"href":"http:\/\/www.movimientocaamanista.com\/index.php?rest_route=%2Fwp%2Fv2%2Fcomments&post=449"}],"version-history":[{"count":1,"href":"http:\/\/www.movimientocaamanista.com\/index.php?rest_route=\/wp\/v2\/posts\/449\/revisions"}],"predecessor-version":[{"id":450,"href":"http:\/\/www.movimientocaamanista.com\/index.php?rest_route=\/wp\/v2\/posts\/449\/revisions\/450"}],"wp:featuredmedia":[{"embeddable":true,"href":"http:\/\/www.movimientocaamanista.com\/index.php?rest_route=\/wp\/v2\/media\/451"}],"wp:attachment":[{"href":"http:\/\/www.movimientocaamanista.com\/index.php?rest_route=%2Fwp%2Fv2%2Fmedia&parent=449"}],"wp:term":[{"taxonomy":"category","embeddable":true,"href":"http:\/\/www.movimientocaamanista.com\/index.php?rest_route=%2Fwp%2Fv2%2Fcategories&post=449"},{"taxonomy":"post_tag","embeddable":true,"href":"http:\/\/www.movimientocaamanista.com\/index.php?rest_route=%2Fwp%2Fv2%2Ftags&post=449"}],"curies":[{"name":"wp","href":"https:\/\/api.w.org\/{rel}","templated":true}]}}