{"id":4517,"date":"2021-05-21T00:44:45","date_gmt":"2021-05-21T00:44:45","guid":{"rendered":"http:\/\/www.movimientocaamanista.com\/?p=4517"},"modified":"2021-05-21T00:44:46","modified_gmt":"2021-05-21T00:44:46","slug":"debacle-de-los-partidos-del-orden-en-chile","status":"publish","type":"post","link":"http:\/\/www.movimientocaamanista.com\/?p=4517","title":{"rendered":"Debacle de los \u00abpartidos del orden\u00bb en Chile"},"content":{"rendered":"\n<p>Franck Gaudichaud<\/p>\n\n\n\n<p>Fuente: <a href=\"https:\/\/rebelion.org\/debacle-de-los-partidos-del-orden-en-chile\/\">Rebeli\u00f3n<\/a><\/p>\n\n\n\n<p>Un terremoto pol\u00edtico acaba de sacudir los Andes. Los resultados electorales de ayer cambian profundamente la situaci\u00f3n de Chile: fracaso de la derecha y de los partidos de la exConcertaci\u00f3n, avance de la izquierda e irrupci\u00f3n de los independientes.<\/p>\n\n\n\n<p>Sorpresa electoral, la debacle de los partidos tradicionales, la \u201cnoche de los cuchillos largos\u201d dentro de la derecha, el principio del fin de los herederos de Pinochet, una enorme derrota del presidente Sebasti\u00e1n Pi\u00f1era -reconocida por \u00e9l mismo-, la victoria del movimiento popular\u2026 Desde ayer por la tarde, la prensa chilena multiplica los superlativos para describir el terremoto pol\u00edtico que acaba de sacudir los Andes, desde el desierto de Atacama hasta las fr\u00edas tierras de la regi\u00f3n de Magallanes. Los chilenos fueron llamados a las urnas el s\u00e1bado 15 y el domingo 16 de mayo para cuatro elecciones simult\u00e1neas: se deb\u00edan renovar alcaldes, concejales y gobernadores regionales y elegir una Convenci\u00f3n Constitucional para redactar una nueva Constituci\u00f3n para la Rep\u00fablica.<\/p>\n\n\n\n<p>Nadie, y menos los encuestadores, hab\u00eda previsto semejante agitaci\u00f3n, aunque el aislamiento del Ejecutivo era evidente y el rechazo de la \u201ccasta\u201d pol\u00edtica masivo desde hace a\u00f1os. A pesar de la potencia de la revuelta popular de octubre de 2019 y su impacto en todo el panorama institucional,&nbsp;<a href=\"https:\/\/jacobinlat.com\/2021\/05\/14\/chile-bastara-con-cambiar-la-constitucion\/\" target=\"_blank\" rel=\"noreferrer noopener\">se pod\u00eda ser bastante prudente sobre las transformaciones provocadas por esta secuencia electoral.<\/a><\/p>\n\n\n\n<p>La atenci\u00f3n se centr\u00f3 especialmente en las elecciones a la Convenci\u00f3n Constitucional, unas elecciones muy disputadas que pretend\u00edan poner fin a la Carta Magna neoliberal promulgada hace 41 a\u00f1os durante la dictadura. La naturaleza del sistema electoral propiciado para estas elecciones, la unidad de la derecha y de la extrema derecha bajo una sola bandera (la de \u00abChile Vamos\u00bb), el pacto firmado en el seno del Parlamento para garantizar que la futura Constituci\u00f3n sea validada por una mayor\u00eda cualificada de dos tercios, el predominio financiero y medi\u00e1tico de los principales partidos que han gobernado el pa\u00eds durante los \u00faltimos treinta a\u00f1os, las dificultades encontradas por los militantes del movimiento social para legalizar sus candidaturas, la gran fragmentaci\u00f3n del campo independiente y las vacilaciones de la izquierda, por no hablar de la pandemia y la crisis econ\u00f3mica\u2026 Los obst\u00e1culos eran innumerables.<\/p>\n\n\n\n<h2 class=\"wp-block-heading\"><strong>Los resultados electorales de ayer cambian profundamente la situaci\u00f3n de Chile<\/strong><\/h2>\n\n\n\n<p>Sin embargo, los resultados electorales de ayer cambian profundamente la situaci\u00f3n. En primer lugar, con respecto a la Convenci\u00f3n Constitucional, la coalici\u00f3n de derecha tuvo que tragarse su arrogancia. Sus dirigentes parec\u00edan seguros de que conseguir\u00edan al menos un peque\u00f1o tercio de los esca\u00f1os (52 de 155), asegur\u00e1ndose as\u00ed una minor\u00eda de bloqueo y un derecho de veto sobre todos los art\u00edculos de la futura Constituci\u00f3n: fue un fracaso. Con algo m\u00e1s del 23% de los votos, \u00abChile Vamos\u00bb tendr\u00e1 que conformarse con 37 esca\u00f1os. Tambi\u00e9n es un castigo y una humillaci\u00f3n para el presidente de turno, el se\u00f1or Pi\u00f1era, responsable de la crisis que vive su pa\u00eds desde hace meses.<\/p>\n\n\n\n<p>Otra sorpresa es que el equilibrio de poder dentro de la oposici\u00f3n de izquierda se ha invertido en gran medida. La lista que aglutinaba al Partido Comunista y al Frente Amplio (la izquierda surgida de los movimientos de la d\u00e9cada de 2010) triunf\u00f3 en su candidatura con 28 electores (18% de los votos emitidos). Por otro lado, los partidos social-liberales de la antigua Concertaci\u00f3n, que gobernaron de 1990 a 2010 sin cuestionar la herencia econ\u00f3mica de la dictadura, obtuvieron s\u00f3lo 25 esca\u00f1os (de los cuales 15 son del Partido Socialista y s\u00f3lo 2 de la Democracia Cristiana).<\/p>\n\n\n\n<p>Sin embargo, la izquierda y la centroizquierda s\u00f3lo representar\u00e1n un tercio de la asamblea. La verdadera sorpresa fue la magnitud del voto a favor de los \u00abindependientes\u00bb, que obtuvieron un total de 48 esca\u00f1os, marcando definitivamente el rechazo masivo a los partidos pol\u00edticos. Se trata de un grupo de candidatos muy heterog\u00e9neo, que incluye tambi\u00e9n a notorios conservadores. Pero una mayor\u00eda es critica del legado autoritario y neoliberal de las \u00faltimas d\u00e9cadas. Es el caso, en general, de los candidatos de la \u00abLista del pueblo\u00bb, que reun\u00eda a representantes de los movimientos sociales y de la sociedad civil organizada y que, con 24 esca\u00f1os, llev\u00f3 a la Asamblea Constituyente a figuras de la revuelta de octubre, como la \u00abt\u00eda Pikachu\u00bb y varias l\u00edderes del movimiento feminista. Tambi\u00e9n la referente de la Coordinadora Feminista 8 de Marzo, Alondra Carillo, entr\u00f3 por una lista compuesta por independientes y movimientos sociales. Adem\u00e1s, en estas elecciones, las mujeres obtuvieron resultados mucho mejores que los hombres, y algunas de ellas incluso tuvieron que renunciar a sus esca\u00f1os en nombre del respeto a la paridad dentro de la Convenci\u00f3n Constitucional\u2026<\/p>\n\n\n\n<figure class=\"wp-block-image\"><a href=\"https:\/\/jacobinlat.com\/wp-content\/uploads\/2021\/05\/constituyentes.png\"><img decoding=\"async\" src=\"https:\/\/jacobinlat.com\/wp-content\/uploads\/2021\/05\/constituyentes.png\" alt=\"\" class=\"wp-image-9796\"\/><\/a><figcaption><a rel=\"noreferrer noopener\" href=\"https:\/\/2021.decidechile.cl\/?fbclid=IwAR2TIA8vS4TTHjlCn7isVyT1Z0OYrbH2ya6g6jm1nWsY-9XO_lw74Mvf2iE\" target=\"_blank\">https:\/\/2021.decidechile.cl<\/a><\/figcaption><\/figure>\n\n\n\n<p>As\u00ed, si la derecha pierde el derecho de veto que esperaba, las alianzas entre representantes de la izquierda social y pol\u00edtica podr\u00edan permitir ganar dos tercios de la asamblea y comenzar -por fin- a deconstruir el neoliberalismo chileno.<\/p>\n\n\n\n<p>El enfado tambi\u00e9n se expres\u00f3 en las urnas con las elecciones municipales y las de los gobernadores regionales, cuyos resultados habr\u00e1 que analizar con m\u00e1s detalle. Jorge Sharp (izquierda antineoliberal) fue c\u00f3modamente reelegido en Valpara\u00edso, al igual que Daniel Jadue, alcalde comunista del municipio de Recoleta, en la regi\u00f3n metropolitana (con m\u00e1s del 64% de los votos emitidos). Muy popular, Jadue es un candidato declarado para las elecciones presidenciales que tendr\u00e1n lugar dentro de seis meses. Esto es suficiente para que la derecha y los social-liberales tiemblen un poco m\u00e1s. En Santiago, la Sra. Irac\u00ed Hassler, activista feminista y comunista de treinta a\u00f1os, gan\u00f3 contra el Sr. Felipe Alessandri (derecha), que se hab\u00eda hecho famoso por sus declaraciones mis\u00f3ginas y anticomunistas durante la campa\u00f1a. A nivel de gobernadores, la victoria del Sr. Rodrigo Mundaca en Valpara\u00edso, activista medioambiental y defensor del agua como bien com\u00fan, fue celebrada con euforia y alegr\u00eda por muchos activistas de organizaciones sociales y medioambientales.<\/p>\n\n\n\n<h2 class=\"wp-block-heading\"><strong>\u00bfQu\u00e9 tipo de Chile deber\u00eda construirse para pasar la p\u00e1gina de la dictadura?<\/strong><\/h2>\n\n\n\n<p>La crisis de representaci\u00f3n y legitimidad de los partidos y del sistema institucional no s\u00f3lo se refleja en el voto: en este fin de semana de elecciones, la abstenci\u00f3n tambi\u00e9n fue hist\u00f3rica, \u00a1con un 61,4% del electorado! Lo es a\u00fan m\u00e1s en los municipios populares, donde puede superar el 65%, a veces el 70%. As\u00ed, una mayor\u00eda de ciudadanos no se sinti\u00f3 interpelada por este momento pol\u00edtico (mientras que una parte de los movilizados de octubre de 2019 les llam\u00f3 a boicotear el \u00abcirco electoral\u00bb para seguir luchando en la calle). En su mayor\u00eda, los chilenos siguen mostrando su indiferencia o desconfianza hacia los \u00abde arriba\u00bb, sean de derecha o de izquierda, de los partidos o incluso independientes.<\/p>\n\n\n\n<p>Mientras la Convenci\u00f3n Constitucional debe sesionar entre 9 y 12 meses, las elecciones presidenciales de noviembre volver\u00e1n a plantear la pregunta: \u00bfqu\u00e9 tipo de Chile debe construirse para pasar la p\u00e1gina de la dictadura?<br><\/p>\n","protected":false},"excerpt":{"rendered":"<p>Franck Gaudichaud Fuente: Rebeli\u00f3n Un terremoto pol\u00edtico acaba de sacudir los Andes. Los resultados electorales de ayer cambian profundamente la situaci\u00f3n de Chile: fracaso de la derecha y de los partidos de la exConcertaci\u00f3n, avance de la izquierda e irrupci\u00f3n de los independientes. Sorpresa electoral, la debacle de los partidos tradicionales, la \u201cnoche de los [&hellip;]<\/p>\n","protected":false},"author":1,"featured_media":4518,"comment_status":"open","ping_status":"open","sticky":false,"template":"","format":"standard","meta":{"footnotes":""},"categories":[5,3],"tags":[],"_links":{"self":[{"href":"http:\/\/www.movimientocaamanista.com\/index.php?rest_route=\/wp\/v2\/posts\/4517"}],"collection":[{"href":"http:\/\/www.movimientocaamanista.com\/index.php?rest_route=\/wp\/v2\/posts"}],"about":[{"href":"http:\/\/www.movimientocaamanista.com\/index.php?rest_route=\/wp\/v2\/types\/post"}],"author":[{"embeddable":true,"href":"http:\/\/www.movimientocaamanista.com\/index.php?rest_route=\/wp\/v2\/users\/1"}],"replies":[{"embeddable":true,"href":"http:\/\/www.movimientocaamanista.com\/index.php?rest_route=%2Fwp%2Fv2%2Fcomments&post=4517"}],"version-history":[{"count":1,"href":"http:\/\/www.movimientocaamanista.com\/index.php?rest_route=\/wp\/v2\/posts\/4517\/revisions"}],"predecessor-version":[{"id":4519,"href":"http:\/\/www.movimientocaamanista.com\/index.php?rest_route=\/wp\/v2\/posts\/4517\/revisions\/4519"}],"wp:featuredmedia":[{"embeddable":true,"href":"http:\/\/www.movimientocaamanista.com\/index.php?rest_route=\/wp\/v2\/media\/4518"}],"wp:attachment":[{"href":"http:\/\/www.movimientocaamanista.com\/index.php?rest_route=%2Fwp%2Fv2%2Fmedia&parent=4517"}],"wp:term":[{"taxonomy":"category","embeddable":true,"href":"http:\/\/www.movimientocaamanista.com\/index.php?rest_route=%2Fwp%2Fv2%2Fcategories&post=4517"},{"taxonomy":"post_tag","embeddable":true,"href":"http:\/\/www.movimientocaamanista.com\/index.php?rest_route=%2Fwp%2Fv2%2Ftags&post=4517"}],"curies":[{"name":"wp","href":"https:\/\/api.w.org\/{rel}","templated":true}]}}