{"id":4527,"date":"2021-05-21T01:08:41","date_gmt":"2021-05-21T01:08:41","guid":{"rendered":"http:\/\/www.movimientocaamanista.com\/?p=4527"},"modified":"2021-05-21T01:08:43","modified_gmt":"2021-05-21T01:08:43","slug":"triunfo-de-la-izquierda-en-chile-se-abrieron-las-grandes-alamedas","status":"publish","type":"post","link":"http:\/\/www.movimientocaamanista.com\/?p=4527","title":{"rendered":"Triunfo de la izquierda en Chile: se abrieron las grandes alamedas"},"content":{"rendered":"\n<p>Atilio A. Boron<\/p>\n\n\n\n<p>Fuente: <a href=\"https:\/\/www.pagina12.com.ar\/342157-triunfo-de-la-izquierda-en-chile-se-abrieron-las-grandes-ala\">Pagina 12<\/a><\/p>\n\n\n\n<p>En su postrer discurso del 11 de septiembre de 1973 y mientras la aviaci\u00f3n bombardeaba a La Moneda&nbsp;<strong>Salvador Allende<\/strong>&nbsp;expres\u00f3 su confianza en que m\u00e1s pronto que tarde se abrir\u00edan las grandes alamedas por donde marchen chilenas y chilenos para construir una sociedad mejor. Transcurri\u00f3 m\u00e1s tiempo de lo que todos esper\u00e1bamos, pero finalmente ayer se abrieron y su consecuencia fue<a href=\"https:\/\/www.pagina12.com.ar\/342142-el-nuevo-escenario-de-chile-la-derecha-no-tendra-poder-de-bl\"><strong>un triunfo categ\u00f3rico de las izquierdas y una aplastante derrota de la derecha<\/strong>.<\/a>&nbsp;En lo que todos consideraban como \u201cla madre de todas las batallas\u201d, la elecci\u00f3n de la Convenci\u00f3n Constitucional,&nbsp;<strong>los \u201coctubristas\u201d, hijas e hijos de las grandes jornadas insurreccionales que comenzaron el 18 de octubre del 2019, lograron una mayor\u00eda que hizo saltar por los aires el cerrojo de la tramposa cl\u00e1usula del \u201ctercio de bloqueo\u201d<\/strong>.&nbsp;&nbsp;<br><\/p>\n\n\n\n<p>Como condici\u00f3n para aceptar el llamado a la Convenci\u00f3n Constituyente la derecha hab\u00eda impuesto la regla de los dos tercios para el qu\u00f3rum y para aprobar los contenidos de la nueva constituci\u00f3n. Pi\u00f1era y sus compinches estaban seguros de que las urnas arrojar\u00edan un resultado que les garantizar\u00eda disponer de ese poder de veto, al obtener un 35 o 40 por ciento del voto popular. Pero&nbsp;<strong>la ciudadan\u00eda decidi\u00f3 lo contrario. Castig\u00f3 a su gobierno y sus aliados por tres razones: la desastrosa gesti\u00f3n de la crisis de la covid-19 (tan admirada por el sicariato medi\u00e1tico argentino y la dirigencia de Juntos por el Cambio), la brutalidad de la represi\u00f3n a las protestas populares, y la s\u00fabita toma de conciencia del saqueo a que hab\u00eda sido sometido por d\u00e9cadas el pueblo de Chile<\/strong>&nbsp;por el neoliberalismo gobernante, principalmente por obra de un perverso r\u00e9gimen previsional y el desorbitado endeudamiento al que fueron condenadas millones de familias ca\u00eddas por debajo de la l\u00ednea de pobreza. Resultado: la peor elecci\u00f3n de la derecha desde 1965. Particularmente desastroso fue el resultado de la otrora poderosa Democracia Cristiana, que apenas contar\u00e1 con tres de los 155 convencionales que conforman el cuerpo.<\/p>\n\n\n\n<p>La debacle de la derecha se verific\u00f3 tambi\u00e9n m\u00e1s all\u00e1 de los resultados de la Convenci\u00f3n Constitucional<strong>. Hubo otras derrotas igualmente emblem\u00e1ticas, como la experimentada en un basti\u00f3n tradicional (y estrat\u00e9gico) como la Alcald\u00eda de Santiago, nada menos, que consagr\u00f3 para el cargo a Irac\u00ed Hassler, una joven comunista que derrot\u00f3 al incumbente, Felipe Alessandri,<\/strong>&nbsp;nieto del expresidente conservador Jorge Alessandri, que se hab\u00eda postulado para su reelecci\u00f3n. O la arrolladora victoria de Daniel Jadue, alcalde comunista de la comuna de Recoleta, al norte de Santiago, que se impuso con un 65 por ciento de los votos y se perfila como uno de los precandidatos mejor posicionados para la elecci\u00f3n presidencial que tendr\u00e1 lugar en noviembre del corriente a\u00f1o. En Valpara\u00edso fue reelecto Jorge Sharp, de Revoluci\u00f3n Democr\u00e1tica\/Frente Amplio. Pero sus compa\u00f1eros le arrebataron nada menos que Vi\u00f1a del Mar a las fuerzas conservadoras m\u00e1s reaccionarias y tambi\u00e9n conquistaron las comunas de \u00d1u\u00f1oa, Maip\u00fa y Valdivia, en la regi\u00f3n de Los Lagos, en donde sali\u00f3 electa una ex dirigente estudiantil e integrante de Revoluci\u00f3n Democr\u00e1tica, Carla Amtmann.<\/p>\n\n\n\n<p>Tambi\u00e9n se disputaron cargos de gobernadores de las diecis\u00e9is regiones, algo novedoso en Chile. No disponen de muchas atribuciones en un pa\u00eds hist\u00f3ricamente unitario, pero igual se dieron situaciones ilustrativas de este cambio en el clima pol\u00edtico trasandino.&nbsp;<strong>El Frente Amplio se alz\u00f3 con la gobernaci\u00f3n de Valpara\u00edso en primera vuelta, y otras fuerzas opositoras hicieron lo propio en el extremo sur: Ays\u00e9n y Magallanes. En las otras 13 regiones habr\u00e1 ballottage<\/strong>&nbsp;y las estimaciones previas se\u00f1alan que ser\u00e1 muy poco probable que la derecha se alce con m\u00e1s de dos gobernaciones. En la de Santiago se librar\u00e1 una gran batalla entre el democristiano Claudio Orrego, hijo de un dirigente hist\u00f3rico de esa fuerza (y encarnizado opositor al gobierno de Salvador Allende, estrechamente vinculado a la embajada de Estados Unidos como lo demostraron documentos desclasificados de la CIA) y Karina Oliva, del Partido Comunes, una nueva agrupaci\u00f3n popular que cuenta con el apoyo de otras fuerzas de izquierda. Oliva se encuentra en las ant\u00edpodas de Orrego, una familia perteneciente a la casta pol\u00edtica tradicional de Chile, y se autodefine como \u201cmadre soltera de Emilia, feminista y mujer popular, polit\u00f3loga, frenteamplista y militante del Partido Comunes.\u201d<\/p>\n\n\n\n<p>&nbsp; &nbsp;En resumidas cuentas:&nbsp;<strong>la coyuntura pol\u00edtico-electoral cambi\u00f3 para bien en Chile y esto alienta promisorias expectativas no s\u00f3lo para ese pa\u00eds sino para toda Latinoam\u00e9rica.<\/strong>&nbsp;El proyecto neoliberal, del cual Chile era su nave insignia, est\u00e1 agotado, y en la elecci\u00f3n del pasado fin de semana se estamp\u00f3 la primera firma en su certificado oficial de defunci\u00f3n. La segunda y definitiva se conocer\u00e1 en lo que resta del a\u00f1o. Mientras, en la Argentina, todav\u00eda hay algunos que anhelan imitar al \u201cexitoso\u201d modelo chileno y su ejemplar control de la pandemia y de la crisis econ\u00f3mica. Tendr\u00e1n un rudo despertar, tambi\u00e9n ellos.<\/p>\n","protected":false},"excerpt":{"rendered":"<p>Atilio A. Boron Fuente: Pagina 12 En su postrer discurso del 11 de septiembre de 1973 y mientras la aviaci\u00f3n bombardeaba a La Moneda&nbsp;Salvador Allende&nbsp;expres\u00f3 su confianza en que m\u00e1s pronto que tarde se abrir\u00edan las grandes alamedas por donde marchen chilenas y chilenos para construir una sociedad mejor. Transcurri\u00f3 m\u00e1s tiempo de lo que [&hellip;]<\/p>\n","protected":false},"author":1,"featured_media":754,"comment_status":"open","ping_status":"open","sticky":false,"template":"","format":"standard","meta":{"footnotes":""},"categories":[5,3],"tags":[],"_links":{"self":[{"href":"http:\/\/www.movimientocaamanista.com\/index.php?rest_route=\/wp\/v2\/posts\/4527"}],"collection":[{"href":"http:\/\/www.movimientocaamanista.com\/index.php?rest_route=\/wp\/v2\/posts"}],"about":[{"href":"http:\/\/www.movimientocaamanista.com\/index.php?rest_route=\/wp\/v2\/types\/post"}],"author":[{"embeddable":true,"href":"http:\/\/www.movimientocaamanista.com\/index.php?rest_route=\/wp\/v2\/users\/1"}],"replies":[{"embeddable":true,"href":"http:\/\/www.movimientocaamanista.com\/index.php?rest_route=%2Fwp%2Fv2%2Fcomments&post=4527"}],"version-history":[{"count":1,"href":"http:\/\/www.movimientocaamanista.com\/index.php?rest_route=\/wp\/v2\/posts\/4527\/revisions"}],"predecessor-version":[{"id":4528,"href":"http:\/\/www.movimientocaamanista.com\/index.php?rest_route=\/wp\/v2\/posts\/4527\/revisions\/4528"}],"wp:featuredmedia":[{"embeddable":true,"href":"http:\/\/www.movimientocaamanista.com\/index.php?rest_route=\/wp\/v2\/media\/754"}],"wp:attachment":[{"href":"http:\/\/www.movimientocaamanista.com\/index.php?rest_route=%2Fwp%2Fv2%2Fmedia&parent=4527"}],"wp:term":[{"taxonomy":"category","embeddable":true,"href":"http:\/\/www.movimientocaamanista.com\/index.php?rest_route=%2Fwp%2Fv2%2Fcategories&post=4527"},{"taxonomy":"post_tag","embeddable":true,"href":"http:\/\/www.movimientocaamanista.com\/index.php?rest_route=%2Fwp%2Fv2%2Ftags&post=4527"}],"curies":[{"name":"wp","href":"https:\/\/api.w.org\/{rel}","templated":true}]}}