{"id":4539,"date":"2021-05-24T10:54:43","date_gmt":"2021-05-24T10:54:43","guid":{"rendered":"http:\/\/www.movimientocaamanista.com\/?p=4539"},"modified":"2021-05-24T10:54:45","modified_gmt":"2021-05-24T10:54:45","slug":"carta-publica-para-el-presidente-luis-abinader-y-al-sindico-del-municipio-de-boca-chica-fermin-brito","status":"publish","type":"post","link":"http:\/\/www.movimientocaamanista.com\/?p=4539","title":{"rendered":"CARTA P\u00daBLICA PARA EL PRESIDENTE LUIS ABINADER Y AL S\u00cdNDICO DEL MUNICIPIO DE BOCA CHICA, FERM\u00cdN BRITO"},"content":{"rendered":"\n<p>Fuente: <a href=\"https:\/\/accionafrodominicana.blogspot.com\/2021\/05\/carta-publica-para-el-presidente-luis.html\">ACCI\u00d3N AFRO-DOMINICANA<\/a><\/p>\n\n\n\n<p>Santo Domingo, Rep. Dominicana<br>\n22 de mayo del 2021<\/p>\n\n\n\n<p>Ciudadano<br>\nLuis Abinader Corona<br>\nPresidente de Rep. Dominicana<\/p>\n\n\n\n<p>Ciudadano <br>\nFerm\u00edn Brito<br>\nAlcalde del Municipio de Boca Chica, Provincia Santo Domingo<\/p>\n\n\n\n<p>Ciudadanos:<\/p>\n\n\n\n<p>Al cumplirse hoy el 173 aniversario de la abolici\u00f3n de la esclavitud en Martinica, solicitamos sea retirada la imagen\/bandera que err\u00f3neamente representa a Martinica en la exposici\u00f3n permanente ubicada en la avenida que da acceso al Aeropuerto Internacional las Am\u00e9ricas Jos\u00e9 Francisco Pe\u00f1a G\u00f3mez, en el Municipio de Boca Chica, provincia Santo Domingo, cuya calle est\u00e1 bordeada de pilares sobre los cuales est\u00e1n representadas las banderas de los pa\u00edses de Am\u00e9rica.<\/p>\n\n\n\n<p>Vergonzosamente e inexplicablemente uno de estos pilares lleva una bandera con 4 serpientes y la exhiben en representaci\u00f3n de Martinica, esta bandera \u201cnegrera\u201d es la que utilizaban en los puertos de colonias francesas y la llevaban los barcos que hac\u00edan el inhumano tr\u00e1fico trasatl\u00e1ntico de africanos, para luego de ser secuestrados de diversos puntos del continente africano, los esclavizaban en Am\u00e9rica en las condiciones inhumanas que represent\u00f3 el crimen de lesa humanidad, la esclavitud.<\/p>\n\n\n\n<p>Hoy mantener esta bandera como la de Martinica es perpetuar el simbolismo del crimen contra la humanidad que representa la esclavitud y el racismo. <\/p>\n\n\n\n<p>Esto constituye una complicidad manifiesta y un agravio a la memoria de nuestros ancestros y ancestras v\u00edctimas de este comercio criminal, al pueblo dominicano de mayor\u00eda afro-descendiente y un insulto al pueblo martinique\u00f1o.<\/p>\n\n\n\n<p>Levantando la declaraci\u00f3n de la Asamblea de los Pueblos del Caribe en su 7ma. versi\u00f3n celebrada en el 2017 en Juan Dolio, solicitamos al Gobierno Dominicano y a la Sindicatura del Municipio de Boca Chica, que retiren ese inaceptable s\u00edmbolo esclavista y coloquen la bandera verde, roja y negra reivindicada por el pueblo martinique\u00f1o.<\/p>\n\n\n\n<p>Atentamente,<\/p>\n\n\n\n<p>ACCI\u00d3N AFRO-DOMINICANA<\/p>\n","protected":false},"excerpt":{"rendered":"<p>Fuente: ACCI\u00d3N AFRO-DOMINICANA Santo Domingo, Rep. Dominicana 22 de mayo del 2021 Ciudadano Luis Abinader Corona Presidente de Rep. Dominicana Ciudadano Ferm\u00edn Brito Alcalde del Municipio de Boca Chica, Provincia Santo Domingo Ciudadanos: Al cumplirse hoy el 173 aniversario de la abolici\u00f3n de la esclavitud en Martinica, solicitamos sea retirada la imagen\/bandera que err\u00f3neamente representa [&hellip;]<\/p>\n","protected":false},"author":1,"featured_media":4540,"comment_status":"open","ping_status":"open","sticky":false,"template":"","format":"standard","meta":{"footnotes":""},"categories":[5,2],"tags":[],"_links":{"self":[{"href":"http:\/\/www.movimientocaamanista.com\/index.php?rest_route=\/wp\/v2\/posts\/4539"}],"collection":[{"href":"http:\/\/www.movimientocaamanista.com\/index.php?rest_route=\/wp\/v2\/posts"}],"about":[{"href":"http:\/\/www.movimientocaamanista.com\/index.php?rest_route=\/wp\/v2\/types\/post"}],"author":[{"embeddable":true,"href":"http:\/\/www.movimientocaamanista.com\/index.php?rest_route=\/wp\/v2\/users\/1"}],"replies":[{"embeddable":true,"href":"http:\/\/www.movimientocaamanista.com\/index.php?rest_route=%2Fwp%2Fv2%2Fcomments&post=4539"}],"version-history":[{"count":1,"href":"http:\/\/www.movimientocaamanista.com\/index.php?rest_route=\/wp\/v2\/posts\/4539\/revisions"}],"predecessor-version":[{"id":4541,"href":"http:\/\/www.movimientocaamanista.com\/index.php?rest_route=\/wp\/v2\/posts\/4539\/revisions\/4541"}],"wp:featuredmedia":[{"embeddable":true,"href":"http:\/\/www.movimientocaamanista.com\/index.php?rest_route=\/wp\/v2\/media\/4540"}],"wp:attachment":[{"href":"http:\/\/www.movimientocaamanista.com\/index.php?rest_route=%2Fwp%2Fv2%2Fmedia&parent=4539"}],"wp:term":[{"taxonomy":"category","embeddable":true,"href":"http:\/\/www.movimientocaamanista.com\/index.php?rest_route=%2Fwp%2Fv2%2Fcategories&post=4539"},{"taxonomy":"post_tag","embeddable":true,"href":"http:\/\/www.movimientocaamanista.com\/index.php?rest_route=%2Fwp%2Fv2%2Ftags&post=4539"}],"curies":[{"name":"wp","href":"https:\/\/api.w.org\/{rel}","templated":true}]}}