{"id":4565,"date":"2021-05-26T00:47:54","date_gmt":"2021-05-26T00:47:54","guid":{"rendered":"http:\/\/www.movimientocaamanista.com\/?p=4565"},"modified":"2021-05-26T00:47:55","modified_gmt":"2021-05-26T00:47:55","slug":"los-cambios-capitalistas-en-la-burbuja","status":"publish","type":"post","link":"http:\/\/www.movimientocaamanista.com\/?p=4565","title":{"rendered":"Los cambios capitalistas\u2026 \u00bfen la burbuja?"},"content":{"rendered":"\n<p>Eduardo Cam\u00edn<\/p>\n\n\n\n<p>Fuente: <a href=\"https:\/\/rebelion.org\/los-cambios-capitalistas-en-la-burbuja\/\">Rebeli\u00f3n<\/a><\/p>\n\n\n\n<p>\u00bfPuede la comunidad internacional \u2013incluidos los gobiernos y las organizaciones de empleadores y de trabajadores\u2013 mantener su promesa y cumplir con las \u201caudaces\u201d declaraciones del G20, los compromisos de la Agenda 2030 de la ONU, el Acuerdo Clim\u00e1tico de Par\u00eds y la propia hoja de ruta de la OIT para un futuro del trabajo centrado en el ser humano?<\/p>\n\n\n\n<p>La preocupaci\u00f3n es&nbsp;c\u00f3mo puede aprovecharse el per\u00edodo posterior a la Covid para repensar y construir un futuro m\u00e1s equitativo y sostenible. El a\u00f1o 2021 parece prometedor, con el despliegue de las vacunas, los signos de recuperaci\u00f3n econ\u00f3mica en algunas regiones y el fortalecimiento del multilateralismo.<\/p>\n\n\n\n<p>\u201cSe ha hablado mucho de c\u00f3mo la pandemia del COVID-19 no es s\u00f3lo un per\u00edodo de terrible crisis, sino tambi\u00e9n un momento para reajustar, repensar y construir un presente m\u00e1s equitativo y un futuro sostenible\u201d, se\u00f1al\u00f3&nbsp;<a href=\"https:\/\/marianamazzucato.com\/\" target=\"_blank\" rel=\"noreferrer noopener\">Mariana Mazzucato&nbsp;<\/a>, catedr\u00e1tica de Econom\u00eda de la Innovaci\u00f3n y Valor P\u00fablico en el University College de Londres, en la segunda de la serie de charlas de la Organizaci\u00f3n Internacional del Trabajo (OIT).<\/p>\n\n\n\n<p>La cuesti\u00f3n ahora es si los discursos sobre la reparaci\u00f3n de los fallos socioecon\u00f3micos de la historia reciente, y el tratamiento serio del cambio clim\u00e1tico, conducen a un recambio real en la elecci\u00f3n de pol\u00edticas.&nbsp;<\/p>\n\n\n\n<p>Siguen existiendo grandes retos, como garantizar la implantaci\u00f3n de vacunas a nivel mundial, cerrar las brechas de financiaci\u00f3n en los pa\u00edses m\u00e1s pobres, reducir las desigualdades de ingresos y oportunidades y apoyar recuperaciones econ\u00f3micas sostenibles que protejan a las personas y al planeta.<\/p>\n\n\n\n<p><strong>El capitalismo \u00bfcambia?<\/strong><\/p>\n\n\n\n<p>En el panorama actual de los organismos internacionales nos encontramos con diferentes&nbsp;&nbsp;teor\u00edas sem\u00e1nticas de la verdad, en cuyo interior se crea una fuerza ilusoria y una intenci\u00f3n comunicativa, desde la cual se puede reinterpretarse los principios cl\u00e1sicos de la anfibolia o restricci\u00f3n mental, es decir las respuestas con doble sentido, el mal menor o las mentiras piadosas.<\/p>\n\n\n\n<p>Este es un ejercicio dial\u00e9ctico que soslaya en cierta forma las consecuencias&nbsp;&nbsp;reales que originan y agudizan las dificultades actuales. Mucho suena a las viejas teor\u00edas reformistas, imbuidas de met\u00e1foras sobre el capitalismo con justicia social o el capitalismo con rostro humano.<\/p>\n\n\n\n<p>Sin embargo, m\u00e1s all\u00e1 de la pandemia de la Covid 19, el capitalismo neoliberal afronta una crisis general que interpela profundamente acerca de seguir otorgando primac\u00eda a los intereses del capital o poner en el centro la necesidad de mejorar sustancialmente las condiciones de vida y trabajo de la mayor\u00eda de la poblaci\u00f3n y de garantizar la reproducci\u00f3n de la vida humana en simbiosis con su entorno planetario.<\/p>\n\n\n\n<p>Pero la realidad nos indica que todas las iniciativas -en mayor o menor grado-&nbsp;&nbsp;tienden a la continuidad, hacia la aplicaci\u00f3n de programas de rescate de empresas, o mejor dicho, de empresarios y sus monopolios y oligopolios, en respaldo al proceso de concentraci\u00f3n y centralizaci\u00f3n de capital, subyacente a la crisis.<\/p>\n\n\n\n<p>Este camino significa mantener indemnes algunos de los soportes claves de la acumulaci\u00f3n mundial centralizada, como la extenuante explotaci\u00f3n del trabajo inmediato \u2014aunado a la tentativa de controlar el trabajo cient\u00edfico-tecnol\u00f3gico\u2014 y la depredaci\u00f3n del medio ambiente, y s\u00f3lo plantea regular la especulaci\u00f3n financiera desorbitada, lo cual puede derivar en un neoliberalismo regulado por el Estado.&nbsp;<\/p>\n\n\n\n<p>La otra opci\u00f3n significa colocar en el centro el sistema de reproducci\u00f3n de la vida humana en el planeta, dentro del proceso imbricado en el metabolismo social humanidad-naturaleza. Pero esta alternativa entra\u00f1a la necesidad de generar cambios profundos en las estructuras de la sociedad capitalista y en el entramado institucional y pol\u00edtico que le da soporte, en beneficio de la mayor\u00eda de las clases sociales.<\/p>\n\n\n\n<p>Esta mayor\u00eda ha sido paulatinamente despojada de sus medios de producci\u00f3n y subsistencia, expuesta a condiciones altas de explotaci\u00f3n laboral, excluida de los procesos de producci\u00f3n social y generaci\u00f3n de conocimiento,&nbsp;confinada a espacios de hacinamiento y servicios precarios, expuesta a la compra de alimentos y medicinas caros, pese a su abundancia en el mercado.<\/p>\n\n\n\n<p>A ello hay que sumar el hecho de que la violencia social y estatal se ha desatado por todos los rincones del planeta y la militarizaci\u00f3n ha significado en distintos \u00e1mbitos geogr\u00e1ficos una escalada mortal.&nbsp;<\/p>\n\n\n\n<p>Esta opci\u00f3n no se inscribe en un abstracto humanitarismo, que no identifica las relaciones de conflicto y desigualdad prevalecientes en la sociedad capitalista, sino que reclama la necesidad de ir al fondo del problema y plantear estrategias pos-neoliberales y pos-capitalistas, porque, al final de cuentas, bajo el comando del gran capital transnacional, no hay opciones viables para la mayor\u00eda de la poblaci\u00f3n, a pesar de los cantos de sirena.<\/p>\n\n\n\n<p>La actual&nbsp;&nbsp;crisis del capitalismo mundial est\u00e1 circunscrita en la \u00f3rbita econ\u00f3mica y, m\u00e1s precisamente, en la financiera. La t\u00f3nica actual- a pesar del sinn\u00famero de recomendaciones-&nbsp;&nbsp;sigue siendo la de garantizar la solvencia y riqueza de empresarios y accionistas, y no el rescate de empresas, empleos y poblaci\u00f3n excluida y despose\u00edda.&nbsp;<\/p>\n\n\n\n<p>Por eso es imprescindible el an\u00e1lisis cr\u00edtico de la crisis del capitalismo contempor\u00e1neo que supere la visi\u00f3n dominante, que la caracteriza como una crisis financiera, causada por la pandemia, a fin de vislumbrar sus causalidades hist\u00f3ricas, estructurales y estrat\u00e9gicas, y tomar conocimiento de su car\u00e1cter multidimensional y de largo plazo.&nbsp;<\/p>\n\n\n\n<p><strong>La crisis actual<\/strong><\/p>\n\n\n\n<p>La crisis actual se presenta al igual que otras crisis del sistema como una depresi\u00f3n de la econom\u00eda mundial que fractura el proceso de valorizaci\u00f3n luego de una severa ca\u00edda general de la tasa de ganancia y posterior a un per\u00edodo con altas tasas de ganancia merced a mecanismos como la desvalorizaci\u00f3n laboral, abaratamiento de recursos naturales, financiarizaci\u00f3n de la econom\u00eda y transferencia de excedentes de la periferia hacia el centro del sistema.&nbsp;<\/p>\n\n\n\n<p>Pero m\u00e1s all\u00e1 de la crisis de valorizaci\u00f3n, tambi\u00e9n se trata de una crisis civilizatoria que pone al desnudo los l\u00edmites de la acumulaci\u00f3n mundial centralizada basada en la superexplotaci\u00f3n laboral, la devastaci\u00f3n ambiental y la financiarizaci\u00f3n de la econom\u00eda mundial.<\/p>\n\n\n\n<p>&nbsp;La idea es que tras la actual depresi\u00f3n de la econom\u00eda mundial subyace una crisis multidimensional de gran profundidad, amplitud y duraci\u00f3n que pone en predicamento el proceso de metabolismo social, con lo que no s\u00f3lo vulnera las principales fuentes de la riqueza social (humanidad y naturaleza), sino que tambi\u00e9n pone en serio peligro la vida humana en vastas zonas del planeta.<\/p>\n\n\n\n<p>El an\u00e1lisis predominante de la crisis contempor\u00e1nea est\u00e1 orientado a preservar al sistema capitalista y a rescatar a los grandes capitales centrales. La visi\u00f3n dominante sigue presentando a la globalizaci\u00f3n como un fen\u00f3meno de alcance mundial inevitable, sin alternativas, y al cual hay que asumir como un reto.&nbsp;<\/p>\n\n\n\n<p>Eso si, siempre con la misma receta:&nbsp;&nbsp;apertura de los mercados, ofrecer condiciones id\u00f3neas a la inversi\u00f3n extranjera y afrontar el reto de la competitividad, donde el Estado debe generar un clima favorable a los negocios, particularmente a las grandes corporaciones multinacionales, abaratar la fuerza de trabajo ya barata, transferir recursos p\u00fablicos al sector privado, exoneraci\u00f3n de impuestos adem\u00e1s de implementar una estrategia de venta de la ciudad y el territorio, donde priman los intereses del capital, y no los de la poblaci\u00f3n.&nbsp;<\/p>\n\n\n\n<p>Este tipo de pol\u00edticas se aplican indistintamente por gobiernos de derecha, centroizquierda e izquierda, salvo algunas excepciones de los que intentan resistirse al neoliberalismo y ejecutan pol\u00edticas que pueden ser designadas bajo el concepto de nacionalismo radical.&nbsp;<\/p>\n\n\n\n<p><strong>La superexplotaci\u00f3n del trabajo y la exclusi\u00f3n social<\/strong>&nbsp;<\/p>\n\n\n\n<p>Sin dudas, la pandemia del Covid 19 est\u00e1 exacerbando las desigualdades ya existentes, desde enfermar del virus hasta mantenerse vivo o padecer dram\u00e1ticas consecuencias econ\u00f3micas.<\/p>\n\n\n\n<p>&nbsp;La propia OIT se\u00f1alaba que a nivel mundial, dos mil millones de trabajadores (as) equivalente al 61,2% de la poblaci\u00f3n mundial empleada,&nbsp;&nbsp;trabaja en el sector informal. Por lo tanto tienen m\u00e1s probabilidades de estar expuestos a riesgos de seguridad y salud con la pandemia, al carecer de la protecci\u00f3n apropiada, desde mascarillas, desinfectante y en ocasiones suministro p\u00fablico de agua.&nbsp;<\/p>\n\n\n\n<p>Pero desde una perspectiva cruda, para el capitalismo, la \u00fanica crisis que tiene relevancia es cuando se presenta una ca\u00edda general en la tasa de ganancia, porque significa una crisis del proceso de valorizaci\u00f3n, es decir, una fractura en las din\u00e1micas de financiamiento, inversi\u00f3n, producci\u00f3n, distribuci\u00f3n y consumo.&nbsp;<\/p>\n\n\n\n<p>Poco importan las diversas expresiones de crisis humanitaria, como la pobreza, desempleo, hambrunas, enfermedades. En todo caso esos son da\u00f1os colaterales, que eventualmente pueden resarcirse cuando se recomponga el ciclo natural de los negocios.&nbsp;<\/p>\n\n\n\n<p>La superexplotaci\u00f3n del trabajo significa no s\u00f3lo la contenci\u00f3n salarial y el empobrecimiento familiar, sino tambi\u00e9n la exposici\u00f3n a riesgos y peligros laborales, el desgaste prematuro de la fuerza laboral y la posibilidad de ser despedido y excluido de la \u00f3rbita de la producci\u00f3n y el consumo.<\/p>\n\n\n\n<p>No obstante, bajo el influjo del capitalismo neoliberal&nbsp;&nbsp;han recrudecido los problemas sociales, al punto en que se pone en riesgo, cuando menos en vastas zonas del planeta, la existencia y reproducci\u00f3n de la vida humana. El rasgo consustancial al capitalismo neoliberal es la insustentabilidad social.<\/p>\n\n\n\n<p>La globalizaci\u00f3n neoliberal da origen a la econom\u00eda mundial del trabajo barato que convierte a los&nbsp;&nbsp;pa\u00edses en v\u00edas de desarrollo , emergentes o simples subdesarrollados, en exportadores de gente. La expansi\u00f3n de la fuerza de trabajo acompa\u00f1ada de la pol\u00edtica de precarizaci\u00f3n laboral, no significa otra cosa que la sobreoferta de trabajo a disposici\u00f3n del gran capital.&nbsp;<\/p>\n\n\n\n<p>Bajo la \u00e9gida de este modelo civilizatorio basado en la destrucci\u00f3n, la vida humana se convierte en un recurso desechable, en el cual se implementan modelos de gesti\u00f3n laboral, que conducen a la explotaci\u00f3n extenuante del trabajo, que incluye la disminuci\u00f3n salarial, la inseguridad laboral, pol\u00edticas de subcontrataci\u00f3n y las pol\u00edticas de flexibilizaci\u00f3n y precarizaci\u00f3n laboral.&nbsp;<\/p>\n\n\n\n<p>Para concluir, es importante tomar nota de que las crisis pre y pos pandemia no han significado, ni significan por s\u00ed solas un descarrilamiento del modelo neoliberal, ni el deterioro de su fundamento te\u00f3rico.<\/p>\n\n\n\n<p>&nbsp;Todo lo contrario, se refuerzan los mecanismos de poder, se le confiere el respaldo pol\u00edtico al Fondo Monetario Internacional, a la Organizaci\u00f3n Mundial de Comercio, a la vez que el neoclasicismo neoliberal sigue siendo el pensamiento dominante en el mundo acad\u00e9mico y los programas de ajuste estructural contin\u00faan influyendo en gobiernos de derecha, centro y centroizquierda.&nbsp;<\/p>\n\n\n\n<p>En su formulaci\u00f3n ideol\u00f3gica, el neoliberalismo reniega de la regulaci\u00f3n estatal sobre el mercado. En la realidad, el Estado es un agente central para que el proyecto que representa el neoliberalismo pueda implantarse y expandirse.<\/p>\n\n\n\n<p><em>*Periodista uruguayo acreditado en la ONU-Ginebra. Analista asociado el Centro Latinoamericano de An\u00e1lisis Estrat\u00e9gico (CLAE<\/em>)<\/p>\n","protected":false},"excerpt":{"rendered":"<p>Eduardo Cam\u00edn Fuente: Rebeli\u00f3n \u00bfPuede la comunidad internacional \u2013incluidos los gobiernos y las organizaciones de empleadores y de trabajadores\u2013 mantener su promesa y cumplir con las \u201caudaces\u201d declaraciones del G20, los compromisos de la Agenda 2030 de la ONU, el Acuerdo Clim\u00e1tico de Par\u00eds y la propia hoja de ruta de la OIT para un [&hellip;]<\/p>\n","protected":false},"author":1,"featured_media":1634,"comment_status":"open","ping_status":"open","sticky":false,"template":"","format":"standard","meta":{"footnotes":""},"categories":[4],"tags":[],"_links":{"self":[{"href":"http:\/\/www.movimientocaamanista.com\/index.php?rest_route=\/wp\/v2\/posts\/4565"}],"collection":[{"href":"http:\/\/www.movimientocaamanista.com\/index.php?rest_route=\/wp\/v2\/posts"}],"about":[{"href":"http:\/\/www.movimientocaamanista.com\/index.php?rest_route=\/wp\/v2\/types\/post"}],"author":[{"embeddable":true,"href":"http:\/\/www.movimientocaamanista.com\/index.php?rest_route=\/wp\/v2\/users\/1"}],"replies":[{"embeddable":true,"href":"http:\/\/www.movimientocaamanista.com\/index.php?rest_route=%2Fwp%2Fv2%2Fcomments&post=4565"}],"version-history":[{"count":1,"href":"http:\/\/www.movimientocaamanista.com\/index.php?rest_route=\/wp\/v2\/posts\/4565\/revisions"}],"predecessor-version":[{"id":4566,"href":"http:\/\/www.movimientocaamanista.com\/index.php?rest_route=\/wp\/v2\/posts\/4565\/revisions\/4566"}],"wp:featuredmedia":[{"embeddable":true,"href":"http:\/\/www.movimientocaamanista.com\/index.php?rest_route=\/wp\/v2\/media\/1634"}],"wp:attachment":[{"href":"http:\/\/www.movimientocaamanista.com\/index.php?rest_route=%2Fwp%2Fv2%2Fmedia&parent=4565"}],"wp:term":[{"taxonomy":"category","embeddable":true,"href":"http:\/\/www.movimientocaamanista.com\/index.php?rest_route=%2Fwp%2Fv2%2Fcategories&post=4565"},{"taxonomy":"post_tag","embeddable":true,"href":"http:\/\/www.movimientocaamanista.com\/index.php?rest_route=%2Fwp%2Fv2%2Ftags&post=4565"}],"curies":[{"name":"wp","href":"https:\/\/api.w.org\/{rel}","templated":true}]}}