{"id":4596,"date":"2021-05-28T10:43:18","date_gmt":"2021-05-28T10:43:18","guid":{"rendered":"http:\/\/www.movimientocaamanista.com\/?p=4596"},"modified":"2021-05-28T10:43:19","modified_gmt":"2021-05-28T10:43:19","slug":"neoliberalismo-fake-news-y-procesos-electorales","status":"publish","type":"post","link":"http:\/\/www.movimientocaamanista.com\/?p=4596","title":{"rendered":"Neoliberalismo, fake news y procesos electorales"},"content":{"rendered":"\n<p>Fernando Buen Abad Dom\u00ednguez<\/p>\n\n\n\n<p>Fuente: <a href=\"https:\/\/rebelion.org\/neoliberalismo-fake-news-y-procesos-electorales\/\">Rebeli\u00f3n<\/a><\/p>\n\n\n\n<p>Es un error enorme suponer que el neoliberalismo es s\u00f3lo una canallada burguesa exclusiva del campo econ\u00f3mico-financiero. Es un error grave que, de existir as\u00ed en algunas cabezas, debe corregirse de inmediato. El neoliberalismo es, pat\u00e9ticamente, una emboscada ideol\u00f3gica (en el sentido de la \u201cfalsa conciencia\u201d que explic\u00f3 Marx) desarrollada para disputar e imponer el \u201csentido com\u00fan\u201d de ciertos&nbsp;<em>intereses<\/em>&nbsp;capitalistas en su fase imperial. Verbigracia: es una m\u00e1quina trituradora de derechos sociales adquiridos; una demoledora de los principios humanistas solidarios; una \u201cpicadora de carne humana\u201d en los centros laborales, educativos y sanitarios; es una aplanadora de instituciones y una fenomenal maquinaria de humillaciones, depresiones y desmoralizaci\u00f3n\u2026 todo eso al servicio de un sector peligrosamente desquiciado por la usura, el individualismo m\u00e1s t\u00f3xico y la meritocracia supremacista de los amos en alianza con sus c\u00f3mplices. Un infierno de corrupci\u00f3n y crimen que debe ser tipificado como etapa hist\u00f3rica \u201cde lesa humanidad\u201d. La mezcla explosiva de neoliberalismo, Fake News y procesos electorales es una industria de la destrucci\u00f3n social altamente sofisticada.<\/p>\n\n\n\n<p>Uno de los instrumentos predilectos, para camuflar la perversidad del neoliberalismo, han sido los \u201cprocesos electorales\u201d intoxicados por la democracia burguesa. Se han fabricado leyes, instituciones y funcionarios&nbsp;<em>formateados<\/em>&nbsp; mercenariamente para convertir en \u201clegal\u201d lo ileg\u00edtimo y para venderlo como salto de modernidad decorado con \u201cChicago boys and girls\u201d, recurrentemente zopencos, capacitados para artilugios administrativos y bancarios pero sin m\u00ednima dotaci\u00f3n de Cultura general elemental. Inteligencia paup\u00e9rrima para eficiencia mercachifle. Les llaman \u201ctecn\u00f3cratas\u201d y se enorgullecen. No pocos son paridos en universidades creadas ex porfeso.<\/p>\n\n\n\n<p>Ese patr\u00f3n funcional al neoliberalismo est\u00e1 adosado con capas generosas de mal gusto de supermercado y todo un inventario de mercanc\u00edas fetichizadas convertidas en valores \u00e9ticos, morales y est\u00e9ticos en la&nbsp;<em>religi\u00f3n<\/em>&nbsp;del consumismo chatarra para mentalidades chatarra. A todo eso, batido con avaricia y canalladas, le llaman \u00e9xito. Y pretenden que, adem\u00e1s de financi\u00e1rselos mansamente, se los envidiemos, se lo aplaudamos y lo heredemos a nuestra prole como si fuese \u201cun gran tesoro\u201d. Quieren que el proletariado se vuelva albacea, c\u00f3mplice de la polic\u00eda y verdugo de s\u00ed mismo y a distancia. Big data.&nbsp;<\/p>\n\n\n\n<p>Con ese formato fabrican a sus gerentes represores, de usos m\u00faltiples, que sirven lo mismo para \u201cadministrar\u201d un negocio m\u00e1s grande o m\u00e1s peque\u00f1o, que para amaestrarlos como \u201ccandidatos pol\u00edticos\u201d. Y hemos debido padecer versiones aberrantes, (con antecedentes, en versiones militares y sus c\u00f3mplices \u201cciviles\u201d) proto-neoliberales del Plan C\u00f3ndor, encarnando la lista monstruosa de hocicones tales como Salinas de Gortari, Menem, Fujimori,\u2026 y una no menos monstruosa lista de intelectuales arrodillados ante las migajas que les han otorgado sus amos, verbigracia: Octavio Paz, Vargas Llosa, Krause y sus jaur\u00edas m\u00faltiples de \u201cperiodistas\u201d que son una \u201cfauna de acompa\u00f1amiento\u201d rentada. Eso hemos debido&nbsp;<em>tragarnos<\/em>&nbsp;como \u201cnormalidad pol\u00edtica\u201d, desde que fue impuesta la dictadura del \u201cConsenso de Washington\u201d, en un per\u00edodo de 40 a\u00f1os (1989) que nos ha dejado infiltradas todo g\u00e9nero de alima\u00f1as reformistas, oportunistas, arribistas y traidoras que deben ser caracterizadas y denunciadas permanentemente por razones de defensa; de vida o muerte.<\/p>\n\n\n\n<p>Una de las joyas m\u00e1s perfeccionadas y cotizadas, en en&nbsp;<em>para\u00edso<\/em>&nbsp;neoliberal globalizado, son las operaciones masivas de enga\u00f1o: Armas de Distorsi\u00f3n Masiva que ha proliferado con gran velocidad y ubicuidad. Se desplazan globalmente con la protecci\u00f3n, la unilateralidad discursiva, las nulas trincheras de r\u00e9plica y las masas de corifeos que repiten, en simult\u00e1neo, cualquier ficci\u00f3n que les disfracen de noticias. Fake News a toda hora, con modalidades diversas, en horarios discriminados y efectos rentables. Con la bendici\u00f3n de los gobiernos neoliberales y un no peque\u00f1o p\u00fablico anestesiado bajo los&nbsp;<em>placeres del enga\u00f1o<\/em>&nbsp;que ahorran el trabajo de pensar y se envuelven en emociones m\u00f3rbidas y morbosas.&nbsp;<\/p>\n\n\n\n<p>Y mientras tanto, cuando los pueblos han encontrado fuerzas y caminos para derrotar al neoliberalismo, a sus engendrados empresariales y gubernamentales, a sus m\u00e1quinas de guerra ideol\u00f3gica disfrazadas como \u201cmedios de comunicaci\u00f3n\u201d, nos abruma una pandemia planetaria aprovechada jugosamente por el neoliberalismo y que no cesa en el maltrato burgu\u00e9s contra la humanidad. Nunca la avaricia de las cloacas financieras arremetieron con tanta furia racista como lo han hecho con las vacunas y los instrumentos m\u00e9dicos para atender a los miles de millones de personas contagiadas o fallecidas. El capitalismo exhibiendo la n\u00e1usea neoliberal. Sin atenuantes.&nbsp;<\/p>\n\n\n\n<p>\u00bfC\u00f3mo ordenar la salida de la especie humana de este infierno apabullante y multiforme? \u00bfC\u00f3mo recuperar fuerza y confianza organizada para articular las fuerzas que la coyuntura demanda en la actual fase de la lucha de clases? A estas horas el camino indica que es por abajo. Desde las ra\u00edces y las bases. Con un proyecto organizativo superador de los formatos escler\u00f3ticos de aquellos partidos y movimientos sociales intoxicados de burocracia reformista y aislamientos ah\u00edtos de intermediariarismo de c\u00fapulas. Ya basta.&nbsp;<\/p>\n\n\n\n<p>Est\u00e1n bajo examen las capacidades organizativas de la direcci\u00f3n revolucionaria que est\u00e1 naciendo constantemente en el fragor de las luchas sociales. Pero hace falta, urgente, una Revoluci\u00f3n de las Conciencias en simult\u00e1neo con la modificaci\u00f3n del orden ideol\u00f3gico y econ\u00f3mico sobre la propiedad privada burguesa. Organizarse para no volver a quedarse en los m\u00e1rgenes, ganando s\u00f3lo poderes perif\u00e9ricos pero sin tocarle un pelo a la industria, a la banca ni a las iglesias reconvertidas al escarceo neoliberal por obra y gracia del \u201cesti\u00e9rcol del diablo\u201d. As\u00ed estamos. \u00bfQu\u00e9 hacer?.<\/p>\n\n\n\n<p>Es preciso transparentar (auditor\u00eda de los pueblos) el financiamiento del neoliberalismo, de todos los procesos electorales en los que ha infiltrado sus&nbsp;<em>intereses<\/em>. Indagar las fortunas de todos sus esbirros y transparentar minuciosamente el financiamiento de las&nbsp;<em>fake news<\/em>, de los due\u00f1os de los (mal llamados) \u201cmedios de comunicaci\u00f3n\u201d y de los intelectuales proveedores de chatarra ideol\u00f3gica organizados en \u201cfundaciones\u201d, ONG\u00b4S, foros y congresos constituidos en catedrales neoliberales de la estulticia. Y esto urge.<\/p>\n\n\n\n<p><em><strong>Dr. Fernando Buen Abad Dom\u00ednguez<\/strong>. Director del Instituto de Cultura y Comunicaci\u00f3n y Centro Sean MacBride. Universidad Nacional de Lan\u00fas. Miembro de la Red en Defensa de la Humanidad.&nbsp;Miembro de la Internacional Progresista. Rector Internacional de la UICOM. Miembro de REDS (Red de Estudios para el Desarrollo Social)<\/em><\/p>\n","protected":false},"excerpt":{"rendered":"<p>Fernando Buen Abad Dom\u00ednguez Fuente: Rebeli\u00f3n Es un error enorme suponer que el neoliberalismo es s\u00f3lo una canallada burguesa exclusiva del campo econ\u00f3mico-financiero. Es un error grave que, de existir as\u00ed en algunas cabezas, debe corregirse de inmediato. El neoliberalismo es, pat\u00e9ticamente, una emboscada ideol\u00f3gica (en el sentido de la \u201cfalsa conciencia\u201d que explic\u00f3 Marx) [&hellip;]<\/p>\n","protected":false},"author":1,"featured_media":4597,"comment_status":"open","ping_status":"open","sticky":false,"template":"","format":"standard","meta":{"footnotes":""},"categories":[4],"tags":[],"_links":{"self":[{"href":"http:\/\/www.movimientocaamanista.com\/index.php?rest_route=\/wp\/v2\/posts\/4596"}],"collection":[{"href":"http:\/\/www.movimientocaamanista.com\/index.php?rest_route=\/wp\/v2\/posts"}],"about":[{"href":"http:\/\/www.movimientocaamanista.com\/index.php?rest_route=\/wp\/v2\/types\/post"}],"author":[{"embeddable":true,"href":"http:\/\/www.movimientocaamanista.com\/index.php?rest_route=\/wp\/v2\/users\/1"}],"replies":[{"embeddable":true,"href":"http:\/\/www.movimientocaamanista.com\/index.php?rest_route=%2Fwp%2Fv2%2Fcomments&post=4596"}],"version-history":[{"count":1,"href":"http:\/\/www.movimientocaamanista.com\/index.php?rest_route=\/wp\/v2\/posts\/4596\/revisions"}],"predecessor-version":[{"id":4598,"href":"http:\/\/www.movimientocaamanista.com\/index.php?rest_route=\/wp\/v2\/posts\/4596\/revisions\/4598"}],"wp:featuredmedia":[{"embeddable":true,"href":"http:\/\/www.movimientocaamanista.com\/index.php?rest_route=\/wp\/v2\/media\/4597"}],"wp:attachment":[{"href":"http:\/\/www.movimientocaamanista.com\/index.php?rest_route=%2Fwp%2Fv2%2Fmedia&parent=4596"}],"wp:term":[{"taxonomy":"category","embeddable":true,"href":"http:\/\/www.movimientocaamanista.com\/index.php?rest_route=%2Fwp%2Fv2%2Fcategories&post=4596"},{"taxonomy":"post_tag","embeddable":true,"href":"http:\/\/www.movimientocaamanista.com\/index.php?rest_route=%2Fwp%2Fv2%2Ftags&post=4596"}],"curies":[{"name":"wp","href":"https:\/\/api.w.org\/{rel}","templated":true}]}}