{"id":4602,"date":"2021-05-28T10:50:26","date_gmt":"2021-05-28T10:50:26","guid":{"rendered":"http:\/\/www.movimientocaamanista.com\/?p=4602"},"modified":"2021-05-28T10:50:27","modified_gmt":"2021-05-28T10:50:27","slug":"un-terremoto-politico-sacude-chile","status":"publish","type":"post","link":"http:\/\/www.movimientocaamanista.com\/?p=4602","title":{"rendered":"Un terremoto pol\u00edtico sacude Chile"},"content":{"rendered":"\n<p>Pablo Torres<\/p>\n\n\n\n<p>Fuente: <a href=\"https:\/\/rebelion.org\/un-terremoto-politico-sacude-chile\/\">Rebeli\u00f3n<\/a><\/p>\n\n\n\n<p>Las llamadas \u201cmega-elecciones\u201d produjeron un terremoto pol\u00edtico en Chile, y tambi\u00e9n repercutieron en el conjunto Am\u00e9rica Latina.<\/p>\n\n\n\n<h3 class=\"wp-block-heading\">Los resultados<\/h3>\n\n\n\n<p>Pese a la alta abstenci\u00f3n (vot\u00f3 un 43% del padr\u00f3n electoral, con voto voluntario) la primera cuesti\u00f3n clave es que se trat\u00f3 de&nbsp;<em>la derrota electoral m\u00e1s grande de la Derecha (Chile Vamos) y la ex Concertaci\u00f3n (Unidad Constituyente) en los \u00faltimos 30 a\u00f1os de \u201ctransici\u00f3n democr\u00e1tica\u201d<\/em>.<\/p>\n\n\n\n<p>Chile Vamos, coalici\u00f3n de Pi\u00f1era (20,56%), obtuvo 37 constituyentes electos. Muy lejos de sacar \u201cun tercio\u201d (52 constituyentes) que les aseguraba el \u201cbloqueo\u201d de todas aquellas medidas que estuvieran en contra&nbsp;[<a href=\"https:\/\/www.laizquierdadiario.com\/Un-terremoto-politico-sacude-Chile?utm_source=newsletter&amp;utm_medium=email&amp;utm_campaign=Newsletter#nb1\">1<\/a>]. La derecha obtuvo su peor resultado electoral desde 1964. La Concertaci\u00f3n, que iba como \u201cLista del Apruebo\u201d, qued\u00f3 en cuarto lugar (14,46%) obtuvo 25 constituyentes. La vieja Democracia Cristiana obtuvo solo 2 esca\u00f1os y quien mejor resisti\u00f3 la debacle fue el Partido Socialista con 15 constituyentes (aunque 5 son \u201cindependientes\u201d dentro del pacto).<\/p>\n\n\n\n<p>Las listas \u201cindependientes\u201d por un lado (con 48 esca\u00f1os) y por el otro, la coalici\u00f3n \u201cApruebo Digno\u201d del Partido Comunista (PC) y Frente Amplio (FA), con 28 esca\u00f1os, fueron los principales ganadores. Dentro de las listas independientes y ubicadas en la izquierda, la principal irrupci\u00f3n la tuvo la \u201cLista del Pueblo\u201d que sac\u00f3 27 constituyentes. De listas de los \u201cmovimientos sociales\u201d hay 7 esca\u00f1os (entre ellas de la Coordinadora 8 marzo). \u201cIndependientes no neutrales\u201d mucho m\u00e1s ligados a sectores del viejo r\u00e9gimen, obtuvieron 11 esca\u00f1os.<\/p>\n\n\n\n<p>En el caso del pacto entre el PC y el FA, bajo la lista \u201cApruebo Digno\u201d, obtuvieron (18,74%), superando a la vieja Concertaci\u00f3n con 28 constituyentes, repartidos de la siguiente forma: PC 7 esca\u00f1os; Revoluci\u00f3n Democr\u00e1tica (FA) 9; Convergencia Social (FA) 6; Comunes (FA) 1; FRVS 4 y 1 Partido Igualdad. Adem\u00e1s, el bloque del \u201cApruebo Digno\u201d gan\u00f3 alcald\u00edas en comunas claves de la regi\u00f3n metropolitana y del pa\u00eds&nbsp;[<a href=\"https:\/\/www.laizquierdadiario.com\/Un-terremoto-politico-sacude-Chile?utm_source=newsletter&amp;utm_medium=email&amp;utm_campaign=Newsletter#nb2\">2<\/a>].<\/p>\n\n\n\n<p>Las elecciones expresaron los alcances y l\u00edmites de la rebeli\u00f3n popular. Por un lado, la derrota de los partidos del viejo r\u00e9gimen y en particular de la derecha que no logra conseguir el tercio para bloquear. Desde este punto de vista, la regla de los \u201cdos tercios\u201d queda virtualmente en jaque, a menos que la propia mayor\u00eda quiera rescatarla para los \u201cconsensos\u201d. Esta sola cuesti\u00f3n pone de nervios a importantes sectores de la clase capitalista nacional y del capital financiero extranjero en el pa\u00eds. La ca\u00edda del IPSA (bolsa local) y la corrida con la moneda los primeros d\u00edas de la semana, expres\u00f3 la incertidumbre que volvi\u00f3 a capear en el gran capital.<\/p>\n\n\n\n<p>Desde ese punto de vista, los resultados de la convenci\u00f3n no han cerrado la etapa pol\u00edtica abierta el 18 de octubre en la rebeli\u00f3n, y continuar\u00e1 la crisis pol\u00edtica abierta, traslad\u00e1ndola, junto con el relativo \u201cestado de movilizaci\u00f3n\u201d, a las alturas de la Convenci\u00f3n constitucional, as\u00ed como a las elecciones parlamentarias y presidenciales de noviembre. Un clima de altas expectativas en lo que pueda hacer la Convenci\u00f3n se ha abierto, sumado al re-impulso de la candidatura de Daniel Jadue del PC y de Gabriel Boric del FA, que competir\u00e1n en primarias los pr\u00f3ximos meses para ver quien encabeza la candidatura de un gobierno \u201cpopular\u201d y de \u201ctransformaciones\u201d.<\/p>\n\n\n\n<p>Con la situaci\u00f3n de pandemia y crisis social las expectativas en la convenci\u00f3n se han profundizado, y la propia convenci\u00f3n actuar\u00e1 como una caja de resonancia de las contradicciones sociales. Genaro Arriagada, un viejo pol\u00edtico burgu\u00e9s dem\u00f3crata-cristiano, ve con preocupaci\u00f3n el escenario creado.<\/p>\n\n\n\n<h3 class=\"wp-block-heading\">\u00bfC\u00f3mo llegamos hasta aqu\u00ed?<\/h3>\n\n\n\n<p>El 18 de octubre del 2019 la rebeli\u00f3n popular sacudi\u00f3 Chile desde sus cimientos. Fue un cuestionamiento al Chile heredado de la dictadura militar, y uno de los procesos de lucha de clases m\u00e1s profundos en la historia nacional. El punto m\u00e1s alto de la rebeli\u00f3n fue el 12 de noviembre con la huelga general y la movilizaci\u00f3n de calles que puso en jaque al Gobierno de Pi\u00f1era. Fren\u00e9ticamente, despu\u00e9s de varios d\u00edas de negociaciones en los pasillos del parlamento, los partidos del viejo r\u00e9gimen de la derecha y la Concertaci\u00f3n, esta vez junto al Frente Amplio, firmaron a las 2 de la madrugada del 15 de noviembre el llamado&nbsp;<em>Acuerdo por la Paz y la Nueva Constituci\u00f3n<\/em>&nbsp;que abri\u00f3 el actual proceso constituyente. A esto se le llam\u00f3 \u201cla cocina\u201d. El Partido Comunista no firm\u00f3 el Acuerdo pero desde la CUT (principal central sindical del pa\u00eds) desarroll\u00f3 una tregua y desmovilizaci\u00f3n mientras ped\u00edan \u201cnegociaciones\u201d con el gobierno.<\/p>\n\n\n\n<p>Este acuerdo de salvataje a Pi\u00f1era intent\u00f3 impedir que el paro se desarrollara hacia la huelga general y entrara la fuerza de la clase trabajadora para que cayera el gobierno criminal, que a ese momento ten\u00eda en su haber m\u00e1s de 30 muertes, cientos de personas con ojos mutilados, y miles de presos. Con ese acuerdo, que marc\u00f3 un \u201cpunto de inflexi\u00f3n\u201d, se intent\u00f3 canalizar el descontento \u201cde las calles al palacio\u201d abriendo un proceso constituyente tutelado por el viejo r\u00e9gimen. Adem\u00e1s del poder de veto de los dos tercios, sus reglas plantean el respeto a los tratados internacionales, la revisi\u00f3n de sus decisiones por la Corte Suprema, y que no puede interferir con ninguna de las prerrogativas de las instituciones existentes del viejo r\u00e9gimen, como el gobierno de Pi\u00f1era, el parlamento o el poder judicial. Vale decir, no es soberana.<\/p>\n\n\n\n<p>Con la pandemia se abri\u00f3 una crisis social, y el descontento se ha agudizado contra el gobierno de Pi\u00f1era que est\u00e1 virtualmente liquidado, con menos del 10% de aprobaci\u00f3n popular, as\u00ed como frente a los viejos partidos, y se ha agudizado el descr\u00e9dito de las viejas instituciones. Esta crisis ha empujado no obstante, a importantes eventos en la lucha de clases, sobre todo frente al \u201cretiro\u201d de las pensiones para enfrentar la crisis social&nbsp;[<a href=\"https:\/\/www.laizquierdadiario.com\/Un-terremoto-politico-sacude-Chile?utm_source=newsletter&amp;utm_medium=email&amp;utm_campaign=Newsletter#nb3\">3<\/a>].<\/p>\n\n\n\n<p>Con la situaci\u00f3n de pandemia y crisis social las expectativas en la convenci\u00f3n&nbsp;[<a href=\"https:\/\/www.laizquierdadiario.com\/Un-terremoto-politico-sacude-Chile?utm_source=newsletter&amp;utm_medium=email&amp;utm_campaign=Newsletter#nb4\">4<\/a>] se han profundizado, y la propia convenci\u00f3n actuar\u00e1 como una caja de resonancia de las contradicciones sociales.<\/p>\n\n\n\n<p>Pero justamente porque no se ha resuelto a\u00fan ninguna de las grandes demandas de octubre, es que este episodio no cierra la etapa que se abri\u00f3 en octubre. La salud precaria con la pandemia ha estado al borde del colapso y en las poblaciones la gente se muere esperando listas de atenci\u00f3n; las pensiones de miseria encuentran el odio nacional contra las AFP; m\u00e1s de un mill\u00f3n de empleos perdidos y cientos de miles suspendidos. Las causas por las cuales millones salieron a las calles a decir \u201cno son 30 pesos son 30 a\u00f1os\u201d siguen m\u00e1s vigentes que nunca.<\/p>\n\n\n\n<h3 class=\"wp-block-heading\">La irrupci\u00f3n de la Lista del Pueblo y el Bloque Anti-neoliberal PC-FA<\/h3>\n\n\n\n<p>La principal novedad fue la irrupci\u00f3n de los \u201cindependientes\u201d y en particular de la \u201cLista del Pueblo\u201d que conquist\u00f3 27 esca\u00f1os en la convenci\u00f3n. Nacieron al calor del proceso a la convenci\u00f3n constitucional, formando \u201clistas de independientes\u201d que una reforma constitucional les habilit\u00f3 en estas elecciones. Usando un golpe medi\u00e1tico con las franjas televisivas, el despliegue del apoyo de numerosos rostros del mundo de la cultura y las artes, y lideradas sus listas por figuras carism\u00e1ticas como \u201cT\u00eda pikachu\u201d&nbsp;[<a href=\"https:\/\/www.laizquierdadiario.com\/Un-terremoto-politico-sacude-Chile?utm_source=newsletter&amp;utm_medium=email&amp;utm_campaign=Newsletter#nb5\">5<\/a>] y conformada por sectores heterog\u00e9neos surgidas de \u201cplazas\u201d y calles, en un sentido fueron quienes m\u00e1s capitalizaron la ruptura con la vieja casta pol\u00edtica de los partidos tradicionales y la b\u00fasqueda de nuevos referentes independientes y \u201cpopulares\u201d.<\/p>\n\n\n\n<p>Con un discurso muy fuerte contra \u201clos partidos\u201d (en un momento de descr\u00e9dito general), se ubicaron a la izquierda del bloque PC-FA denunciando el acuerdo de paz del 15 de noviembre de 2019, y por la positiva su discurso estuvo centrado en la recuperaci\u00f3n de los derechos sociales con un programa moderado muy parecido al PC-FA, hacia la conquista de un \u201cEstado constitucional, ambiental, igualitario y participativo\u201d de convivencia entre \u201cel Estado y el mercado\u201d y que avance a garantizar derechos sociales. Por ahora se trata de la emergencia de un nuevo fen\u00f3meno pol\u00edtico de base \u201cpopular\u201d que estar\u00e1 presionado por izquierda y por derecha.<\/p>\n\n\n\n<p>\u00bfCu\u00e1l ser\u00e1 su rol en la convenci\u00f3n? Por ahora las apariciones de su vocero nacional plantean que no negociar\u00e1n con la derecha ni con el PC ni el FA, sino con \u201cpersonas que est\u00e9n con las demandas del pueblo\u201d y que no negociar\u00e1n mientras sigan existiendo presos pol\u00edticos de la rebeli\u00f3n. Sin embargo, su constituyente m\u00e1s votado tambi\u00e9n dijo que est\u00e1 a favor de \u201cacuerdos m\u00ednimos\u201d con todos los sectores.<\/p>\n\n\n\n<p>Gabriel Boric, que representar\u00e1 al FA en estas primarias presidenciales enfrentando a Jadue del PC (del cual saldr\u00e1 un candidato presidencial com\u00fan) es uno de los principales art\u00edfices de la \u201ccocina\u201d, es decir, del Acuerdo por la Paz y la Nueva Constituci\u00f3n del 15 de noviembre del 2019, que salv\u00f3 a Pi\u00f1era. Jadue es alcalde de Recoleta, y el PC dirige la principal central sindical del pa\u00eds, la CUT, que ha sido clave en establecer la tregua con el gobierno y desmovilizaci\u00f3n.<\/p>\n\n\n\n<p>Si bien este bloque buscar\u00e1 hacer pol\u00edtica, como ya lo han se\u00f1alado, sobre la Lista del Pueblo y los independientes, ser\u00e1 para llevar todo a los brazos de la \u201cunidad de la izquierda y la oposici\u00f3n\u201d para \u201cderrotar a la derecha\u201d y por un gobierno \u201ctransformador\u201d o \u201cpopular\u201d. Este camino es con una alianza con sectores social-neoliberales de la vieja concertaci\u00f3n como el Partido Socialista, que encabez\u00f3 3 de los 6 gobiernos de estos \u00faltimos 30 a\u00f1os. El propio PC ya fue parte junto a la Concertaci\u00f3n de la coalici\u00f3n llamada \u201cNueva Mayor\u00eda\u201d en el segundo gobierno de Bachelet, que incluso lleg\u00f3 a asesinar a un obrero minero en una huelga del cobre. Todo su objetivo se trata de \u201cdesmontar el modelo\u201d hacia un Estado de derechos sociales y que democratice las instituciones, en los marcos del capitalismo.<\/p>\n\n\n\n<p>Si bien por ahora, por razones secundarias, no se alcanz\u00f3 un acuerdo con el PS para las \u201cprimarias\u201d, todo el objetivo del bloque PC-FA es gobernar junto a ellos, un partido clave de la profundizaci\u00f3n de las herencias de la dictadura, con las privatizaciones de recursos estrat\u00e9gicos, de la educaci\u00f3n y la salud, con el endeudamiento a los estudiantes con los bancos, con la represi\u00f3n y asesinatos al pueblo mapuche, con la impunidad a los genocidas y un largo etc\u00e9tera.<\/p>\n\n\n\n<h3 class=\"wp-block-heading\">\u00a1No puede sesionar la Convenci\u00f3n si hay presos pol\u00edticos de la rebeli\u00f3n!<\/h3>\n\n\n\n<p>Una de las cuestiones de por qu\u00e9 no es un \u201ctriunfo hist\u00f3rico\u201d es que a\u00fan quedan cientos de presos pol\u00edticos de la revuelta. Las y los protagonistas de la rebeli\u00f3n, de la primera l\u00ednea, luchadores en much\u00edsimos casos bajo montajes de la polic\u00eda y del Estado siguen con cientos de compa\u00f1eros en las c\u00e1rceles del Estado, sin mencionar los presos mapuches. Y esto mientras contin\u00faa la impunidad a los represores, responsables pol\u00edticos y materiales de muertes, mutilaciones, torturas, abusos.<\/p>\n\n\n\n<p>La Convenci\u00f3n Constitucional no puede sesionar mientras existan presos y procesados pol\u00edticos de la rebeli\u00f3n. La primera medida de la Convenci\u00f3n cuando se re\u00fana debe ser declarar una amnist\u00eda general a todos ellos, excluyendo a los represores y responsables pol\u00edticos de la represi\u00f3n que deben pagar por sus cr\u00edmenes.<\/p>\n\n\n\n<p>La derecha y la ex Concertaci\u00f3n no tienen poder de veto como s\u00ed lo tienen al interior del Parlamento. Pero tienen los poderes reales del Estado como Fiscal\u00eda, Poder Judicial, Gobierno, Carabineros o PDI, que se opondr\u00e1n a ello.<br>El PC-FA le pide a Pi\u00f1era un indulto, como si este fuera a otorgarlo, y ni siquiera convocan a las movilizaciones; un saludo a la bandera. La Lista del Pueblo lo ha se\u00f1alado como exigencia en la convenci\u00f3n. Para que se conquiste se debe impulsar desde ya la movilizaci\u00f3n y la organizaci\u00f3n de la clase trabajadora y el pueblo, exigiendo esta lucha tambi\u00e9n a las organizaciones sindicales como CUT (dirigida por el PC) y Unidad Social, portuarios, sindicatos y organizaciones sociales, y preparar un paro nacional en esa perspectiva, con miles en las calles, apenas inicie la convenci\u00f3n. Esta no puede sesionar con presos de la lucha.<\/p>\n\n\n\n<p>Esta es una primera batalla que se debe pelear en base a la movilizaci\u00f3n y constituyendo comit\u00e9s y coordinadoras amplias por la libertad de los presos. Los ejemplos de la Coordinadora Intersindical de Antofagasta o la Coordinadora Antirrepresiva de Puente Alto, donde participamos desde el Partido de Trabajadores Revolucionarios y tambi\u00e9n han participado candidatos de la Lista del Pueblo, entre decenas de sindicatos, organizaciones pol\u00edticas y sociales, pueden ser una base para desarrollar nuevos comit\u00e9s y coordinadoras donde miles podamos agruparnos para esta pelea. Es fundamental coordinar esta lucha.<\/p>\n\n\n\n<h3 class=\"wp-block-heading\">\u00a1La convenci\u00f3n debe asumir todos los poderes! \u00a1Abajo las reglas del Acuerdo por la Paz! \u00a1A desarrollar la movilizaci\u00f3n y auto-organizaci\u00f3n para terminar con toda la herencia de la dictadura!<\/h3>\n\n\n\n<p>Pero hay que ir m\u00e1s all\u00e1. Gabriel Boric del FA dijo que ahora ya no hay excusas para los cambios porque no hay el tercio de la derecha. Recordemos que eso siempre fue la clave del chantaje concertacionista, que como no hab\u00eda mayor\u00eda ni dos tercios para cambios, no se pod\u00eda hacer nada.<\/p>\n\n\n\n<p>Si se suman los resultados de las listas del PC y el FA (28), la Lista del Pueblo (27), Movimientos Sociales e Independientes (8) se obtienen 63 esca\u00f1os. Seg\u00fan varios sectores si se suman los cupos de pueblos originarios, que seg\u00fan varios analistas ser\u00edan parte de este bloque, se podr\u00eda alcanzar la mayor\u00eda simple de la convenci\u00f3n.<\/p>\n\n\n\n<p>La pelea por la amnist\u00eda a los presos por luchar y el juicio y castigo a los represores debe ser parte de la lucha por la exigencia para que la Convenci\u00f3n asuma todos los poderes (ejecutivo, legislativo y judicial) mientras funciona, y que se rompa con todas las reglas del Acuerdo por la Paz y la Nueva Constituci\u00f3n. Por supuesto que esto implicar\u00eda un choque con los poderes \u201cconstituidos\u201d del viejo r\u00e9gimen. Por ejemplo, con los presos pol\u00edticos de la rebeli\u00f3n, porque implica cuestionar a todo el poder judicial y estatal y su funci\u00f3n de meter presos a los cabros que luchan en las calles. Y as\u00ed, con todas las demandas de octubre, como el juicio y castigo frente a los represores, pensiones y No + AFP, Salud y Educaci\u00f3n p\u00fablica gratuita, terminar con la precarizaci\u00f3n laboral, no pueden quedar bajo las reglas de la cocina de los \u00abAcuerdos de Paz\u00bb. Y m\u00e1s all\u00e1, estableciendo medidas que terminen con los grandes poderes de este pa\u00eds, como ser\u00eda la nacionalizaci\u00f3n de los grandes recursos naturales y estrat\u00e9gicos, sin indemnizaci\u00f3n, y ponerlos al servicio del pueblo bajo la gesti\u00f3n de los trabajadores y las comunidades.<\/p>\n\n\n\n<p>De tomar medidas de fondo, los \u201cpoderes reales\u201d que siguen gobernando d\u00eda a d\u00eda van a buscar resistirlas, como lo han hecho hist\u00f3ricamente los grandes empresarios, los medios de comunicaci\u00f3n, los militares, etc. Por eso la \u00fanica garant\u00eda para llevarlas adelante y conquistar nuestras demandas es mediante la movilizaci\u00f3n y auto-organizaci\u00f3n de la clase trabajadora y el pueblo, construyendo comit\u00e9s como lo fue en Antofagasta durante la rebeli\u00f3n el Comit\u00e9 de Emergencia y Resguardo, y expandiendo formas de coordinaci\u00f3n entre trabajadores, j\u00f3venes, pobladores, mujeres.<\/p>\n\n\n\n<p>Los compa\u00f1eros de la Lista del Pueblo plantean una perspectiva de transformar y democratizar el propio Estado bajo el capitalismo, que en Chile lo corporizan las grandes empresarios, las empresas imperialistas y las FFAA asesinas. Nosotros creemos que solo con una transformaci\u00f3n revolucionaria, anticapitalista, con un gobierno de trabajadores, se podr\u00e1n lograr nuestras demandas de fondo. Por esto fuimos en listas separadas en las elecciones.<\/p>\n\n\n\n<p>Pese a estas diferencias, nos parece una tarea de primer orden impulsar estas coordinadoras, que deben apuntar a transformarse en verdaderas instancias de coordinaci\u00f3n obrera y popular desde donde luchar por todas las demandas de la rebeli\u00f3n y lograr imponer la huelga general a las direcciones sindicales.<\/p>\n\n\n\n<p>Estas organizaciones para la lucha tienen que unir a las organizaciones de la clase trabajadora, sus bases, con las poblaciones y sus asambleas, funcionando de forma democr\u00e1tica. Sin la fuerza organizada de la clase trabajadora, como la que mostraron los portuarios en la \u00faltima lucha por el 10% o como se tendi\u00f3 a expresar en la huelga general del 2019, no tendremos la fuerza y el poder necesarios como para quebrar el poder del Estado y la clase dominante, que continu\u00f3 ejerci\u00e9ndolo desde la dictadura de Pinochet. Es la \u00fanica base para conquistar un gobierno de las y los trabajadores de ruptura con el capitalismo.<\/p>\n\n\n\n<p>De avanzar la clase obrera y el pueblo de forma independiente, enfrentar\u00e1 la resistencia del gran capital, como ya mostr\u00f3 en otros eventos hist\u00f3ricos; nada menos que en 1973. Por eso debemos prepararnos desde ya formando comit\u00e9s y coordinadoras para luchar por nuestras demandas, como la que intentamos hacer en la rebeli\u00f3n en Antofagasta, que cumpli\u00f3 un papel fundamental en la ciudad minera durante la rebeli\u00f3n de 2019. Que la situaci\u00f3n profundice sus rasgos pre-revolucionarios depender\u00e1 en gran parte de si las altas expectativas se traducir\u00e1n en fen\u00f3menos de lucha o procesos de organizaci\u00f3n con peso de la clase trabajadora. Eso es lo que apostamos.<\/p>\n\n\n\n<h3 class=\"wp-block-heading\">La pelea por un partido revolucionario de la clase trabajadora<\/h3>\n\n\n\n<p>Desde el Partido de Trabajadores Revolucionarios (PTR) participamos en las elecciones para defender las banderas de la rebeli\u00f3n de octubre y la necesidad de sacar a este gobierno con la huelga general y planteando con claridad que la Convenci\u00f3n Constitucional fue pactada en la \u201ccocina\u201d del Acuerdo por la Paz y la Nueva Constituci\u00f3n, desde la UDI al Frente Amplio, para salvar a Pi\u00f1era, algo que no hubiese sido posible si el Partido Comunista, desde la CUT, no le hubiese declarado una tregua en las calles. Un programa totalmente independiente de los grandes empresarios y sus partidos, para terminar de ra\u00edz con este r\u00e9gimen y toda la herencia de la dictadura. Planteamos la necesidad de acabar con el saqueo de estos 30 a\u00f1os, poner fin a las AFP, la educaci\u00f3n y salud de mercado, nacionalizar el cobre, el agua y el litio bajo gesti\u00f3n de los trabajadores.<\/p>\n\n\n\n<p>Presentamos listas en 8 distritos del pa\u00eds. Con 52.340 votos, present\u00e1ndonos como partido en la convenci\u00f3n y sumando 87.083 votos con concejales y gobernador. En Antofagasta, capital minera del pa\u00eds y uno de los centros de concentraci\u00f3n de la clase trabajadora chilena, Lester Calder\u00f3n, como candidato a gobernador regional, emergi\u00f3 como uno de los principales referentes pol\u00edticos del movimiento obrero en la regi\u00f3n, con 21.387 votos (12,78%). A nivel de convencionales constituyentes, nuestra lista encabezada por Daniel Vargas obtuvo cerca de un 7% e incluso super\u00f3 a varios partidos individualmente como el PS y el PC. En las poblaciones obreras y combativas del norte de la ciudad sacamos miles de votos. En la misma ciudad, Natalia S\u00e1nchez, organizadora de las brigadas de salud en la rebeli\u00f3n y del Comit\u00e9 de Emergencia y Resguardo, sali\u00f3 electa como concejal por la comuna de Antofagasta conquistando una banca municipal. En la categor\u00eda de concejales, la lista del PTR obtuvo 13.356 votos present\u00e1ndose en solo 3 comunas del pa\u00eds: Antofagasta, Santiago y San Miguel. Nuestra tarea es desarrollar una alternativa pol\u00edtica independiente de los trabajadores y construir un partido de combate para la revoluci\u00f3n socialista.<\/p>\n\n\n\n<p>Otras organizaciones como el Movimiento Internacional de Trabajadores (secci\u00f3n chilena de la LIT) se sumaron oportunistamente a la marea \u00abindependiente\u00bb y \u00abcontra los partidos\u00bb, entrando a la Lista del Pueblo con un programa sin delimitaci\u00f3n de clase, ni socialista, que a pesar de las importantes expectativas que este atrae, no se diferencia del programa del PC-FA. Ir a la elecci\u00f3n con banderas claras y sin ocultar nuestra perspectiva de la construcci\u00f3n de un partido revolucionario de la clase trabajadora es clave para preparar las peleas que se vienen.<\/p>\n\n\n\n<p>En un mes m\u00e1s, la Constituyente deber\u00eda abrirse. Tendr\u00e1 un a\u00f1o para su redacci\u00f3n. Se abrir\u00e1 as\u00ed un a\u00f1o de mucha disputa y agitaci\u00f3n pol\u00edtica. Se avecinan tiempos de duras crisis y luchas. Se abre una etapa de experiencia de las masas y la clase trabajadora con la propia Convenci\u00f3n y el reformismo, dentro de la etapa pre-revolucionaria abierta el 18 de octubre. Para ayudar a acelerar esa experiencia hay que dirigir reclamos y exigir a la Convenci\u00f3n todas nuestras demandas que peleamos en octubre, impulsando la movilizaci\u00f3n, coordinaci\u00f3n y auto-organizaci\u00f3n, apuntando a la huelga general para sacar a Pi\u00f1era y acabar con todo este r\u00e9gimen podrido, y no \u201crenovarlo\u201d como pretende el reformismo.<br><\/p>\n","protected":false},"excerpt":{"rendered":"<p>Pablo Torres Fuente: Rebeli\u00f3n Las llamadas \u201cmega-elecciones\u201d produjeron un terremoto pol\u00edtico en Chile, y tambi\u00e9n repercutieron en el conjunto Am\u00e9rica Latina. Los resultados Pese a la alta abstenci\u00f3n (vot\u00f3 un 43% del padr\u00f3n electoral, con voto voluntario) la primera cuesti\u00f3n clave es que se trat\u00f3 de&nbsp;la derrota electoral m\u00e1s grande de la Derecha (Chile Vamos) [&hellip;]<\/p>\n","protected":false},"author":1,"featured_media":3234,"comment_status":"open","ping_status":"open","sticky":false,"template":"","format":"standard","meta":{"footnotes":""},"categories":[5,3],"tags":[],"_links":{"self":[{"href":"http:\/\/www.movimientocaamanista.com\/index.php?rest_route=\/wp\/v2\/posts\/4602"}],"collection":[{"href":"http:\/\/www.movimientocaamanista.com\/index.php?rest_route=\/wp\/v2\/posts"}],"about":[{"href":"http:\/\/www.movimientocaamanista.com\/index.php?rest_route=\/wp\/v2\/types\/post"}],"author":[{"embeddable":true,"href":"http:\/\/www.movimientocaamanista.com\/index.php?rest_route=\/wp\/v2\/users\/1"}],"replies":[{"embeddable":true,"href":"http:\/\/www.movimientocaamanista.com\/index.php?rest_route=%2Fwp%2Fv2%2Fcomments&post=4602"}],"version-history":[{"count":1,"href":"http:\/\/www.movimientocaamanista.com\/index.php?rest_route=\/wp\/v2\/posts\/4602\/revisions"}],"predecessor-version":[{"id":4603,"href":"http:\/\/www.movimientocaamanista.com\/index.php?rest_route=\/wp\/v2\/posts\/4602\/revisions\/4603"}],"wp:featuredmedia":[{"embeddable":true,"href":"http:\/\/www.movimientocaamanista.com\/index.php?rest_route=\/wp\/v2\/media\/3234"}],"wp:attachment":[{"href":"http:\/\/www.movimientocaamanista.com\/index.php?rest_route=%2Fwp%2Fv2%2Fmedia&parent=4602"}],"wp:term":[{"taxonomy":"category","embeddable":true,"href":"http:\/\/www.movimientocaamanista.com\/index.php?rest_route=%2Fwp%2Fv2%2Fcategories&post=4602"},{"taxonomy":"post_tag","embeddable":true,"href":"http:\/\/www.movimientocaamanista.com\/index.php?rest_route=%2Fwp%2Fv2%2Ftags&post=4602"}],"curies":[{"name":"wp","href":"https:\/\/api.w.org\/{rel}","templated":true}]}}