{"id":465,"date":"2019-10-03T14:36:05","date_gmt":"2019-10-03T14:36:05","guid":{"rendered":"http:\/\/www.movimientocaamanista.com\/?p=465"},"modified":"2019-11-05T23:39:25","modified_gmt":"2019-11-05T23:39:25","slug":"marcha-hacia-el-cambio-radical","status":"publish","type":"post","link":"http:\/\/www.movimientocaamanista.com\/?p=465","title":{"rendered":"MARCHA HACIA EL CAMBIO RADICAL"},"content":{"rendered":"\n<p> IZQUIERDA REVOLUCIONARIA-MANDO <\/p>\n\n\n\n<p><strong>\u00a1NINGUN CORRUPTO!<\/strong><\/p>\n\n\n\n<p><strong>\u00a1PODER CONSTITUYENTE!<\/strong><\/p>\n\n\n\n<p>Va en\nfirme nuestra decisi\u00f3n de convocar y realizar exitosamente una MARCHA de las\nizquierdas y movimientos sociales transformadores por los barrios de la Zona\nNorte de la Capital el d\u00eda 4 de noviembre, arrancando del combativo Barrio\nCapotillo.<\/p>\n\n\n\n<p>Partiremos\nde la Josefa Brea esquina Ovando, frente al Hospital Moscoso Puello, a las 10\nde la ma\u00f1ana.<\/p>\n\n\n\n<p>El 4\nde noviembre es lunes, pero d\u00eda festivo, porque oficialmente se conmemora el\nD\u00eda de la Primera Constituci\u00f3n republicana. <\/p>\n\n\n\n<p>Ese\nd\u00eda comenzaremos a MARCHAR HACIA UN CAMBIO RADICAL, que en esa ocasi\u00f3n vamos a\nproponer de manera precisa. <\/p>\n\n\n\n<p>Vamos a\nrechazar todas las opciones neoliberales y corruptas presentes en el escenario electoral\nenarbolando a la vez la consigna \u00a1NING\u00daN CORRUPTO! (que se vayan todos), y\nvamos a expresar nuestra determinaci\u00f3n de abolir la CONSTITUCI\u00d3N PELEDEISTA DEL\n2010 y crear desde la lucha de calle un PODER CONSTITUYENTE que impulse un\nproceso constituyente, inicie el CAMBIO RADICAL, elabore y sustente una NUEVA\nCONSTITUCI\u00d3N. <\/p>\n\n\n\n<p>Ese\ncontenido pol\u00edtico estar\u00e1 acompa\u00f1ado de todas las demandas transformadoras de\nlos movimientos sociales en lucha frente a la insoportable crisis econ\u00f3mica,\nsocial, ambiental, pol\u00edtico institucional, de salud, educaci\u00f3n, alimentaci\u00f3n,\nviolencia de g\u00e9nero, transporte, electricidad, combustible y seguridad\nciudadana. <\/p>\n\n\n\n<p>Exigiremos\nc\u00e1rcel para los corruptos y recuperaci\u00f3n lo robado <\/p>\n\n\n\n<p>Repudiaremos\nlos jorocones de la partidocracia corrupta y a los tutumpotes desalmados y al\npoder imperialista (al T\u00edo San) que los tutela. <\/p>\n\n\n\n<p>La\nsolidaridad internacionalista, anti-imperialista, con los pueblos en lucha\nestar\u00e1 muy presente: Cuba, Venezuela, Colombia, M\u00e9xico, Argentina, Brasil,\nPalestina, Siria\u2026<\/p>\n\n\n\n<p>La\nPROCLAMA ser\u00e1 le\u00edda al finalizar la Marcha en un acto simb\u00f3lico de clausura,\nesperanzador e innovador.<\/p>\n\n\n\n<p>&nbsp;\u00a1Habr\u00e1 sorpresas!<\/p>\n\n\n\n<p>Marcharemos\ndignamente con una bandera roja com\u00fan, unitaria\u2026 gorras y s\u00edmbolos unitarios,\nque contribuyan a identificar el polo, bloque o corriente revolucionaria que\nrepresentamos.<\/p>\n\n\n\n<p>Esto\nnos exige un gran esfuerzo de convocatoria, trabajo previo en barrios y\ncomunidades, autofinanciamientos, gestiones de transporte, relacionamientos con\nel pueblo trabajador, sectores explotados y excluidos, estudiantes,\nprofesionales y capas medias hastiados de tantos abusos y sufrimientos. Para\neso vale que reestructurar ya las coordinaciones intermedias y locales<\/p>\n\n\n\n<p>Tenemos\nque ir m\u00e1s all\u00e1 de nuestras militancias, atraer y movilizar simpat\u00edas, incluir\nsectores sociales radicalizados. En todo el pa\u00eds, en todos los lugares donde\ntengamos presencia y donde podemos llegar.<\/p>\n\n\n\n<p>Las\nmembres\u00edas de MANDO, MPD, MC, LST, FELABEL, FALPO, FEPAV, nuestros\ntrabajadores, mujeres, nuestros j\u00f3venes, nuestras influencias en la Sede\nCentral y Centros Regionales de la UASD, hay que activarlas a mill\u00f3n.<\/p>\n\n\n\n<p>El\ntema de los recursos y de los medios de transporte no se debe dejar para \u00faltima\nhora. Hay que tocar todas las fuentes posibles persistentemente.<\/p>\n\n\n\n<p>\u00a1Cuando\nse quiere, se puede!<\/p>\n\n\n\n<p>\u00a1Las convicciones, los ideales de justicia mueven monta\u00f1as! <\/p>\n\n\n\n<p>EL \u00c9XITO ESTA GARANTIZADO SI NOS DISPONEMOS A CONQUISTARLO IMBUIDO DE UNA GRAN PASI\u00d3N REVOLUCIONARIA <\/p>\n","protected":false},"excerpt":{"rendered":"<p>IZQUIERDA REVOLUCIONARIA-MANDO \u00a1NINGUN CORRUPTO! \u00a1PODER CONSTITUYENTE! Va en firme nuestra decisi\u00f3n de convocar y realizar exitosamente una MARCHA de las izquierdas y movimientos sociales transformadores por los barrios de la Zona Norte de la Capital el d\u00eda 4 de noviembre, arrancando del combativo Barrio Capotillo. Partiremos de la Josefa Brea esquina Ovando, frente al Hospital [&hellip;]<\/p>\n","protected":false},"author":1,"featured_media":480,"comment_status":"open","ping_status":"open","sticky":false,"template":"","format":"standard","meta":{"footnotes":""},"categories":[5,16],"tags":[],"_links":{"self":[{"href":"http:\/\/www.movimientocaamanista.com\/index.php?rest_route=\/wp\/v2\/posts\/465"}],"collection":[{"href":"http:\/\/www.movimientocaamanista.com\/index.php?rest_route=\/wp\/v2\/posts"}],"about":[{"href":"http:\/\/www.movimientocaamanista.com\/index.php?rest_route=\/wp\/v2\/types\/post"}],"author":[{"embeddable":true,"href":"http:\/\/www.movimientocaamanista.com\/index.php?rest_route=\/wp\/v2\/users\/1"}],"replies":[{"embeddable":true,"href":"http:\/\/www.movimientocaamanista.com\/index.php?rest_route=%2Fwp%2Fv2%2Fcomments&post=465"}],"version-history":[{"count":2,"href":"http:\/\/www.movimientocaamanista.com\/index.php?rest_route=\/wp\/v2\/posts\/465\/revisions"}],"predecessor-version":[{"id":467,"href":"http:\/\/www.movimientocaamanista.com\/index.php?rest_route=\/wp\/v2\/posts\/465\/revisions\/467"}],"wp:featuredmedia":[{"embeddable":true,"href":"http:\/\/www.movimientocaamanista.com\/index.php?rest_route=\/wp\/v2\/media\/480"}],"wp:attachment":[{"href":"http:\/\/www.movimientocaamanista.com\/index.php?rest_route=%2Fwp%2Fv2%2Fmedia&parent=465"}],"wp:term":[{"taxonomy":"category","embeddable":true,"href":"http:\/\/www.movimientocaamanista.com\/index.php?rest_route=%2Fwp%2Fv2%2Fcategories&post=465"},{"taxonomy":"post_tag","embeddable":true,"href":"http:\/\/www.movimientocaamanista.com\/index.php?rest_route=%2Fwp%2Fv2%2Ftags&post=465"}],"curies":[{"name":"wp","href":"https:\/\/api.w.org\/{rel}","templated":true}]}}