{"id":4686,"date":"2021-06-08T10:49:04","date_gmt":"2021-06-08T10:49:04","guid":{"rendered":"http:\/\/www.movimientocaamanista.com\/?p=4686"},"modified":"2021-06-14T11:30:45","modified_gmt":"2021-06-14T11:30:45","slug":"una-metodologia-en-la-que-toda-mentira-vale","status":"publish","type":"post","link":"http:\/\/www.movimientocaamanista.com\/?p=4686","title":{"rendered":"Una metodolog\u00eda en la que toda mentira vale"},"content":{"rendered":"\n<p>Rodolfo Bueno<\/p>\n\n\n\n<p>Fuente: <a href=\"https:\/\/rebelion.org\/una-metodologia-en-la-que-toda-mentira-vale\/\">Rebeli\u00f3n<\/a><\/p>\n\n\n\n<p>n 1078, San Anselmo de Canterbury expuso en el Proslogion el primer argumento ontol\u00f3gico cristiano. Defini\u00f3 a Dios como \u201caquel del que nada m\u00e1s grande puede ser pensado\u201d, que debe existir incluso en la mente de quien lo niega; por lo tanto, si el ser mayor posible existe en la mente, se debe concluir que tambi\u00e9n existe en la realidad.<\/p>\n\n\n\n<p>La esencia del argumento ontol\u00f3gico consiste en que demuestra la existencia de Dios a partir concepto de Dios, o sea, su existencia es un componente de su esencia.<\/p>\n\n\n\n<p>Santo Tom\u00e1s de Aquino rechaz\u00f3 la tesis ontol\u00f3gica con el argumento de que los seres humanos no pueden conocer la naturaleza de Dios, cuya existencia se puede llegar a percibir con el uso adecuado y l\u00f3gico de la raz\u00f3n. En la escol\u00e1stica de santo Tom\u00e1s, el pensamiento se enmarca en estructuras r\u00edgidas, en las que el intelecto se somete a la fe que, finalmente, revela la verdad. As\u00ed, de esta manera, el conocimiento filos\u00f3fico se somete a la teolog\u00eda y se aleja de la ciencia.<\/p>\n\n\n\n<p>En 1637, el fil\u00f3sofo franc\u00e9s Ren\u00e9 Descartes escribe el Discurso del m\u00e9todo, obra en la que desarrolla la manera correcta de razonar para buscar la verdad en las ciencias y que constituye el pilar b\u00e1sico del pensamiento filos\u00f3fico de Occidente. Se trata de un tratado moderno de filosof\u00eda que establece el valor de la matem\u00e1tica, rompe con el medioevo y configura un mundo nuevo y actual, que plantea la necesidad de la investigaci\u00f3n libre, lejos de la ense\u00f1anza escol\u00e1stica que a Descartes le impartieron en las universidades y cuya inutilidad critica. Para lograr \u00e9l mismo el conocimiento verdadero, Descartes reprueba el saber de su \u00e9poca, exceptuando la matem\u00e1tica, y pone en duda lo que ha aprendido a lo largo de su vida, luego de lo cual concluye que la verdad se encuentra en uno mismo.<\/p>\n\n\n\n<p>Esto permite suponer que si durante la Edad de las Tinieblas, cuando vivi\u00f3 san Anselmo, una idea tan aceptada por el hombre, como la de Dios, para que sea sustentada requiri\u00f3 del pensamiento racional y l\u00f3gico; si Descartes, para encontrar la manera correcta de razonar y as\u00ed buscar la verdad, debi\u00f3 desarrollar un m\u00e9todo; si para defender sus ideas, los grandes pensadores de Occidente crearon la dial\u00e9ctica y dem\u00e1s formas de raciocinar, es razonable pensar que algo semejante pase en la actualidad. Pero no, aunque parezca mentira, hoy esto no es as\u00ed. Para engatusar a la opini\u00f3n p\u00fablica mundial, las grandes corporaciones informativas usan un m\u00e9todo fantasioso, m\u00e1s obstruso que los dogmas escol\u00e1sticos del medioevo.<\/p>\n\n\n\n<p>As\u00ed, la CIA emite una moneda para conmemorar su victoria en Playa Gir\u00f3n, que fue en realidad su primera derrota en Latinoam\u00e9rica; los pa\u00edses del Grupo de Lima, junto con EEUU, reconocen como presidente de Venezuela al impostor Juan Guaid\u00f3 y le dan su total apoyo; el Ministro de Defensa de Colombia acusa a Rusia de causar el levantamiento popular en su pa\u00eds; EEUU culpa a China de haber provocado la pandemia del coronavirus; los pol\u00edticos de Occidente dictan c\u00e1tedra sobre una democracia que jam\u00e1s han practicado; la UE inculpa a Rusia de agresi\u00f3n por movilizar sus tropas dentro de su propio territorio; el Presidente Biden predica sobre los derechos humanos, que el mundo debe observar, cuando en su propio pa\u00eds no los respetan para nada; juntos, EEUU y UE, castigan a Bielorrusia, por hacer caso a una llamada de alerta enviada desde Suiza\u2026 Para colmo de los colmos, en Ecuador se evita que el pueblo se entere de otra versi\u00f3n de estos eventos, clausurando la emisi\u00f3n de TeleSur.<\/p>\n\n\n\n<p>De tanto infundio mencionado, se va a analizar s\u00f3lo uno: El aterrizaje de emergencia en Minsk, la detenci\u00f3n de un opositor bielorruso y la ola de cr\u00edticas y sanciones desatadas por parte de Occidente. \u00bfQu\u00e9 pas\u00f3 en realidad?<\/p>\n\n\n\n<p>El 23 de mayo, un avi\u00f3n de la aerol\u00ednea Ryanair, que volaba de Atenas a Vilna, hizo un aterrizaje de emergencia en el aeropuerto de Minsk. La decisi\u00f3n fue tomada por el piloto del avi\u00f3n de Ryanair luego de que un controlador a\u00e9reo del aeropuerto de Minsk le recomendara aterrizar, porque el servicio de seguridad de dicho aeropuerto hab\u00eda recibido un correo electr\u00f3nico que advert\u00eda sobre la existencia de una bomba en esa aeronave; el piloto pregunt\u00f3 cu\u00e1l era la fuente del aviso de la bomba y el controlador a\u00e9reo le respondi\u00f3 que un correo electr\u00f3nico recibido por el servicio de seguridad del aeropuerto. Bielorrusia envi\u00f3 un MiG-29 para que escoltara el vuelo hasta Minsk y public\u00f3 la transcripci\u00f3n de esa conversaci\u00f3n.<\/p>\n\n\n\n<p>El aviso de bomba result\u00f3 falso, pues en el avi\u00f3n no se encontr\u00f3 ning\u00fan artefacto explosivo. Vesna, ONG bielorrusa de derechos humanos, inform\u00f3 sobre la detenci\u00f3n de Rom\u00e1n Protas\u00e9vich, fundador del canal opositor Telegram Nexta, que se encontraba a bordo del avi\u00f3n; a Protas\u00e9vich, el KGB de Bielorrusia lo hab\u00eda incluido tiempo atr\u00e1s en el registro de personas vinculadas a actividades terroristas y lo hab\u00eda acusado de varios delitos, uno de ellos, la organizaci\u00f3n de disturbios luego de la victoria de Alexandr Lukashenko en las elecciones presidenciales de 2020, lo que le podr\u00eda acarrear una condena de hasta 15 a\u00f1os de c\u00e1rcel. Protas\u00e9vich se declar\u00f3 culpable de haber organizado dichas protestas, que son una herramienta de presi\u00f3n pol\u00edtica y dijo \u201cque las sanciones son necesarias para que la econom\u00eda de Bielorrusia se desplome lo antes posible. Y si la econom\u00eda se desploma, la gente saldr\u00e1 a las calles. Ser\u00e1n revueltas provocadas por el hambre. Y esto, b\u00e1sicamente, es uno de los objetivos de las sanciones econ\u00f3micas que se siguen imponiendo\u201d.<\/p>\n\n\n\n<p>Por su parte, Gitanas Nauseda, presidente de Lituania, pidi\u00f3 que Protas\u00e9vich sea liberado inmediatamente; el Ministro de Exteriores de Grecia calific\u00f3 el aterrizaje del avi\u00f3n de Ryanair en Minsk de acto de pirater\u00eda a\u00e9rea y recalc\u00f3 la importancia de defender la democracia, la prevalencia de la ley y los derechos humanos; Ursula von der Leyen, presidenta de la Comisi\u00f3n Europea, expres\u00f3: \u201cCualquier violaci\u00f3n de las reglas internacionales sobre el transporte a\u00e9reo debe acarrear consecuencias\u201d; Jos\u00e9 Borrell, jefe de la diplomacia europea, anunci\u00f3 que el Consejo Europeo examinar\u00e1 las acciones de Bielorrusia; Charles Michel, presidente del Consejo Europeo, indic\u00f3 que el incidente no quedar\u00e1 sin consecuencias; David Sassoli, presidente del Parlamento Europeo, exigi\u00f3 que las autoridades bielorrusas expliquen por qu\u00e9 el avi\u00f3n aterriz\u00f3 en Minsk y por qu\u00e9 detuvieron a Protas\u00e9vich; Svetlana Tijan\u00f3vskaya, excandidata a la presidencia de Bielorrusia, exigi\u00f3 que la Organizaci\u00f3n Internacional de Aviaci\u00f3n Civil tome medidas, incluyendo la exclusi\u00f3n de Bielorrusia de la entidad.<\/p>\n\n\n\n<p>Todos argumentan pr\u00e1cticamente lo mismo, como si se tratara de un mon\u00f3logo que ya han ensayado muchas veces antes y lo conocen al dedillo. Ninguno sigue el consejo de Descartes de no admitir nada como verdadero sin tener la evidencia de que as\u00ed mismo es; de analizar todas las partes posibles de un hecho, que este an\u00e1lisis debe ser integral, sin omitir nada, y dudar de todo para llegar al verdadero conocimiento.<\/p>\n\n\n\n<p>En cambio, para Mar\u00eda Zaj\u00e1rova, portavoz de la Canciller\u00eda de Rusia: \u201cEs impactante que Occidente califique de \u2018impactante\u2019 lo sucedido en el espacio a\u00e9reo de Bielorrusia\u201d. Record\u00f3 que en 2013, Occidente no se mostr\u00f3 sorprendido despu\u00e9s de que la aeronave del expresidente Evo Morales, que regresaba de Rusia, debi\u00f3 realizar un aterrizaje forzoso en Austria, porque EEUU pidi\u00f3 revisar el avi\u00f3n pues sospechaba que Edward Snowden se encontraba a bordo. Sobre el mismo tema, el Presidente Putin record\u00f3 que a Evo Morales \u201cle pidieron que se bajara del avi\u00f3n y lo registraron. El avi\u00f3n de un jefe de Estado.&nbsp;<strong>Nadie lo recuerda, como si nunca hubiera sucedido. Pero sucedi\u00f3<\/strong>. Y por cierto, los aterrizajes forzosos tuvieron lugar m\u00e1s de una vez, y no s\u00f3lo con el avi\u00f3n de este presidente\u201d.<\/p>\n\n\n\n<p>Alex\u00e1nder Lukashenko, presidente de Bielorrusia, declar\u00f3 que Occidente reaccion\u00f3 demasiado r\u00e1pido, que apenas el avi\u00f3n aterriz\u00f3 en Minsk empezaron las acusaciones de Occidente y las prohibiciones de vuelo. \u201cSi no les gusta volar a trav\u00e9s de una Bielorrusia segura, que vuelen all\u00ed donde murieron 300 personas\u201d, se refer\u00eda al derribo del Boeing 777 de Malaysia Airlines en el este de Ucrania en 2014. Indic\u00f3 que enemigos de dentro y fuera del pa\u00eds han cambiado de m\u00e9todos, pasaron de atacar al Estado a organizar disturbios para estrangularlo. Luego se pregunt\u00f3: \u201c\u00bfPor qu\u00e9 el capit\u00e1n decidi\u00f3 aterrizar en Minsk, cuando se quedaban unos 70 kil\u00f3metros hasta Vilna? \u00bfPor qu\u00e9 nadie quiso recibir el avi\u00f3n cuando informamos sobre los explosivos colocados: ni Vilna, adonde estaba volando, ni Varsovia, ni Le\u00f3polis ni tampoco Kiev. \u00bfTen\u00edan miedo de responsabilidad? \u00bfO alguien realmente necesitaba que aterrizara en Minsk?\u201d En las respuestas a estas preguntas se agazapan los verdaderos responsables.<\/p>\n\n\n\n<p>Por eso, para que exista una real democracia es necesario que el gran capital no tenga la posibilidad de fabricar mentiras, de corromper periodistas y escritores, de comprar intelectuales, que ilusionen al c\u00e1ndido sobre las bondades del capitalismo, con lo que en realidad adquieren una patente de corso para explotar sin misericordia al pueblo y que unos pocos disfruten de lujos inimaginables mientras millones de personas viven en la pobreza m\u00e1s abyecta. A buena hora, las campanas doblan por el fin del capitalismo.<\/p>\n","protected":false},"excerpt":{"rendered":"<p>Rodolfo Bueno Fuente: Rebeli\u00f3n n 1078, San Anselmo de Canterbury expuso en el Proslogion el primer argumento ontol\u00f3gico cristiano. Defini\u00f3 a Dios como \u201caquel del que nada m\u00e1s grande puede ser pensado\u201d, que debe existir incluso en la mente de quien lo niega; por lo tanto, si el ser mayor posible existe en la mente, [&hellip;]<\/p>\n","protected":false},"author":1,"featured_media":1982,"comment_status":"open","ping_status":"open","sticky":false,"template":"","format":"standard","meta":{"footnotes":""},"categories":[5,3],"tags":[],"_links":{"self":[{"href":"http:\/\/www.movimientocaamanista.com\/index.php?rest_route=\/wp\/v2\/posts\/4686"}],"collection":[{"href":"http:\/\/www.movimientocaamanista.com\/index.php?rest_route=\/wp\/v2\/posts"}],"about":[{"href":"http:\/\/www.movimientocaamanista.com\/index.php?rest_route=\/wp\/v2\/types\/post"}],"author":[{"embeddable":true,"href":"http:\/\/www.movimientocaamanista.com\/index.php?rest_route=\/wp\/v2\/users\/1"}],"replies":[{"embeddable":true,"href":"http:\/\/www.movimientocaamanista.com\/index.php?rest_route=%2Fwp%2Fv2%2Fcomments&post=4686"}],"version-history":[{"count":1,"href":"http:\/\/www.movimientocaamanista.com\/index.php?rest_route=\/wp\/v2\/posts\/4686\/revisions"}],"predecessor-version":[{"id":4687,"href":"http:\/\/www.movimientocaamanista.com\/index.php?rest_route=\/wp\/v2\/posts\/4686\/revisions\/4687"}],"wp:featuredmedia":[{"embeddable":true,"href":"http:\/\/www.movimientocaamanista.com\/index.php?rest_route=\/wp\/v2\/media\/1982"}],"wp:attachment":[{"href":"http:\/\/www.movimientocaamanista.com\/index.php?rest_route=%2Fwp%2Fv2%2Fmedia&parent=4686"}],"wp:term":[{"taxonomy":"category","embeddable":true,"href":"http:\/\/www.movimientocaamanista.com\/index.php?rest_route=%2Fwp%2Fv2%2Fcategories&post=4686"},{"taxonomy":"post_tag","embeddable":true,"href":"http:\/\/www.movimientocaamanista.com\/index.php?rest_route=%2Fwp%2Fv2%2Ftags&post=4686"}],"curies":[{"name":"wp","href":"https:\/\/api.w.org\/{rel}","templated":true}]}}