{"id":4707,"date":"2021-06-11T11:03:22","date_gmt":"2021-06-11T11:03:22","guid":{"rendered":"http:\/\/www.movimientocaamanista.com\/?p=4707"},"modified":"2021-06-11T11:03:24","modified_gmt":"2021-06-11T11:03:24","slug":"mariategui-y-la-eleccion-de-pedro-castillo-en-peru","status":"publish","type":"post","link":"http:\/\/www.movimientocaamanista.com\/?p=4707","title":{"rendered":"Mari\u00e1tegui y la elecci\u00f3n de Pedro Castillo en Per\u00fa"},"content":{"rendered":"\n<p>Gilberto Calil<\/p>\n\n\n\n<p>Fuente: <a href=\"https:\/\/rebelion.org\/mariategui-y-la-eleccion-de-pedro-castillo-en-peru\/\">Rebeli\u00f3n<\/a><\/p>\n\n\n\n<p>La divisi\u00f3n regional, sociol\u00f3gica y \u00e9tnica de Per\u00fa, expresada en los resultados de las elecciones del domingo, muestra la vigencia de Jos\u00e9 Carlos Mari\u00e1tegui. El desprecio de la elite lime\u00f1a por los ind\u00edgenas no pudo evitar la victoria de un candidato pobre, campesino y postulado por un partido mariateguista.<\/p>\n\n\n\n<p>La divisi\u00f3n regional, sociol\u00f3gica y \u00e9tnica de Per\u00fa expresada en los resultados de las elecciones que terminaron ayer subraya la relevancia de la reflexi\u00f3n de Jos\u00e9 Carlos Mari\u00e1tegui (1894-1930). Considerado el fundador del marxismo latinoamericano, en el sentido de que fue el primer marxista que realiz\u00f3 una interpretaci\u00f3n original de la realidad latinoamericana desde el marxismo, el revolucionario peruano se\u00f1al\u00f3 hace casi un siglo que Per\u00fa era un pa\u00eds fracturado por las divisiones producidas por su clase dominante.<\/p>\n\n\n\n<p>As\u00ed, adem\u00e1s de la divisi\u00f3n entre campo y ciudad, la escasa integraci\u00f3n nacional cre\u00f3 una brecha que separa la costa, la sierra (andina) y la regi\u00f3n amaz\u00f3nica. En su an\u00e1lisis, la \u00e9lite lime\u00f1a despreci\u00f3 profundamente la identidad ind\u00edgena, en lo que fue acompa\u00f1ada por sectores urbanos medios. Esto expresaba su perspectiva subordinada y la ausencia de un proyecto nacional: \u201c<a href=\"https:\/\/www.marxists.org\/espanol\/mariateg\/oc\/ideologia_y_politica\/paginas\/punto%20de%20vista.htm\" target=\"_blank\" rel=\"noreferrer noopener\">las burgues\u00edas nacionales<\/a>, que ven en la cooperaci\u00f3n con el imperialismo la mejor fuente de provechos, se sienten lo bastante due\u00f1as del poder pol\u00edtico para no preocuparse seriamente de la soberan\u00eda nacional.\u201d<\/p>\n\n\n\n<p>En su interpretaci\u00f3n, esto indicaba que no habr\u00eda revoluci\u00f3n burguesa en el Per\u00fa, dado que no hab\u00eda ning\u00fan sujeto social interesado en ella, y que por lo tanto la \u00fanica alternativa concreta de transformaci\u00f3n ser\u00eda una revoluci\u00f3n socialista. A esto Mari\u00e1tegui a\u00f1adi\u00f3 la centralidad de la cuesti\u00f3n de la tierra (la necesidad de la reforma agraria y la liquidaci\u00f3n del latifundio) y de la cuesti\u00f3n ind\u00edgena, profundamente imbricada con la cuesti\u00f3n de la tierra. Para \u00e9l, s\u00f3lo pod\u00eda haber revoluci\u00f3n socialista en el Per\u00fa si se incorporaba a los ind\u00edgenas como parte fundamental del sujeto revolucionario.<\/p>\n\n\n\n<h3 class=\"wp-block-heading\"><strong>La actualidad de Mari\u00e1tegui<\/strong><\/h3>\n\n\n\n<p>El reci\u00e9n elegido presidente del Per\u00fa, Pedro Castillo, fue elegido a trav\u00e9s del&nbsp;<a href=\"https:\/\/es.wikipedia.org\/wiki\/Per%C3%BA_Libre\" target=\"_blank\" rel=\"noreferrer noopener\">Partido Nacional Per\u00fa Libre<\/a>&nbsp;(PNPL), que se define como \u201cmarxista-leninista-mariateguista\u201d y como una \u201cizquierda del campo\u201d que expresa el \u201c<a href=\"https:\/\/jacobinlat.com\/2021\/06\/03\/cuando-emerge-el-peru-profundo\/\" target=\"_blank\" rel=\"noreferrer noopener\">Per\u00fa profundo<\/a>\u201c. Sabemos que incluso Sendero Luminoso se present\u00f3 como mariateguista, lo cual es enteramente injustificable.<\/p>\n\n\n\n<p>Pero Per\u00fa Libre es efectivamente coherente con la propuesta mariateguista al poner la centralidad en las demandas concretas de los campesinos peruanos: reforma agraria, derechos sociales, educaci\u00f3n y salud. Tambi\u00e9n es profundamente mariateguista en la radicalidad con la que ha apoyado -hasta ahora- los elementos centrales de esta agenda reivindicativa, no renunciando a su defensa ni siquiera en el contexto de una segunda vuelta en la que ten\u00eda a pr\u00e1cticamente todos los medios de comunicaci\u00f3n y a los principales partidos pol\u00edticos en contra.<\/p>\n\n\n\n<p>Las elecciones peruanas tienen una enorme importancia. Per\u00fa es el cuarto pa\u00eds m\u00e1s poblado del continente, el m\u00e1s devastado por la pandemia en el mundo (con la reciente correcci\u00f3n de los datos, pasa de la incre\u00edble cifra de cinco mil muertos por mill\u00f3n), y es probablemente el \u00fanico pa\u00eds del mundo que ha llevado la locura de la inmunidad por contaminaci\u00f3n m\u00e1s all\u00e1 de Brasil, con el agravante de que su sistema sanitario es muy precario.<\/p>\n\n\n\n<p>No fueron unas elecciones normales, sino unas elecciones que se celebraron en un contexto de crisis org\u00e1nica y de profunda crisis de representaci\u00f3n de los principales partidos. En la primera vuelta, los cuatro candidatos m\u00e1s votados -Castillo, Keiko Fujumori, L\u00f3pez Aliaga (el \u201cBolsonaro peruano\u201d) y Hernando de Soto (tecn\u00f3crata ultraliberal)- se presentaron, desde diferentes perspectivas ideol\u00f3gicas, como candidatos antisistema.<\/p>\n\n\n\n<p>El candidato de Acci\u00f3n Popular qued\u00f3 en quinto lugar con el 9 por ciento y la candidata de centro-izquierda Ver\u00f3nika Mendoza (Nuevo Per\u00fa), que lideraba la carrera al inicio del proceso, termin\u00f3 en sexto lugar con el 7,6 por ciento. En la segunda vuelta, los principales candidatos (excepto Ver\u00f3nika Mendoza, que apoy\u00f3 a Castillo, y Yonhi Lescano, de Acci\u00f3n Popular, que no apoy\u00f3 a ning\u00fan candidato) se unieron a Keiko. Bendecidos por Vargas Llosa, los liberales abrazaron a la hija del dictador contra el fantasma del comunismo.<\/p>\n\n\n\n<h3 class=\"wp-block-heading\"><strong>Una victoria ind\u00edgena<\/strong><\/h3>\n\n\n\n<p>Los resultados confirman un pa\u00eds profundamente fracturado. Keiko gan\u00f3 por un amplio margen en la regi\u00f3n de Lima (65%) y en la ciudad del Callao (67%), sacando una diferencia de m\u00e1s de dos millones de votos. De las 23 regiones del interior del pa\u00eds, Keiko s\u00f3lo gan\u00f3 en siete: las provincias amaz\u00f3nicas de Loreto y Ucayali y las costeras de Tumbes, Piura, Lambayeque, La Libertad e Ica \u2013 e incluso en estas regiones, la victoria se debe a los resultados obtenidos en las ciudades m\u00e1s grandes.<\/p>\n\n\n\n<p>En cambio, Castillo gan\u00f3 en las otras 16, pero adem\u00e1s, obtuvo \u00edndices impresionantes en las principales provincias andinas: 89% en Puno, 83% en Cusco, 81% en Apur\u00edmac, 82% en Ayacucho, 85% en Huancavelica, 73% en Moquegua, 68% en Hu\u00e1nuco, 66% en Pasco y 71% en Cajamarca. 3] Se trata de diferencias impresionantes obtenidas en regiones fuertemente ind\u00edgenas, marcadas por culturas tradicionales y formas de organizaci\u00f3n social que resisten sistem\u00e1ticamente los efectos de la devastaci\u00f3n neoliberal.<\/p>\n\n\n\n<p>En un pa\u00eds en el que el 40% de la poblaci\u00f3n se concentra en la regi\u00f3n de Lima (incluido el Callao), parec\u00eda imposible que un candidato ganara las elecciones sin tener bases significativas en la capital, sin hacer amplias alianzas pol\u00edticas, manteniendo un programa econ\u00f3mico muy radical y siendo atacado ostensiblemente por los medios de comunicaci\u00f3n. Sin embargo, en un contexto de crisis org\u00e1nica, ocurri\u00f3 lo contrario, y probablemente fue el radicalismo con el que defendi\u00f3 su programa y se mantuvo fiel a su base social organizada lo que determin\u00f3 su victoria.<\/p>\n\n\n\n<hr class=\"wp-block-separator\"\/>\n\n\n\n<p><em>En el momento de terminar este texto, todav\u00eda hab\u00eda votos sin contabilizar en varias provincias. Como son b\u00e1sicamente votos rurales, la tendencia es que el porcentaje de Castillo aumente.<\/em><\/p>\n","protected":false},"excerpt":{"rendered":"<p>Gilberto Calil Fuente: Rebeli\u00f3n La divisi\u00f3n regional, sociol\u00f3gica y \u00e9tnica de Per\u00fa, expresada en los resultados de las elecciones del domingo, muestra la vigencia de Jos\u00e9 Carlos Mari\u00e1tegui. El desprecio de la elite lime\u00f1a por los ind\u00edgenas no pudo evitar la victoria de un candidato pobre, campesino y postulado por un partido mariateguista. La divisi\u00f3n [&hellip;]<\/p>\n","protected":false},"author":1,"featured_media":1703,"comment_status":"open","ping_status":"open","sticky":false,"template":"","format":"standard","meta":{"footnotes":""},"categories":[5,3],"tags":[],"_links":{"self":[{"href":"http:\/\/www.movimientocaamanista.com\/index.php?rest_route=\/wp\/v2\/posts\/4707"}],"collection":[{"href":"http:\/\/www.movimientocaamanista.com\/index.php?rest_route=\/wp\/v2\/posts"}],"about":[{"href":"http:\/\/www.movimientocaamanista.com\/index.php?rest_route=\/wp\/v2\/types\/post"}],"author":[{"embeddable":true,"href":"http:\/\/www.movimientocaamanista.com\/index.php?rest_route=\/wp\/v2\/users\/1"}],"replies":[{"embeddable":true,"href":"http:\/\/www.movimientocaamanista.com\/index.php?rest_route=%2Fwp%2Fv2%2Fcomments&post=4707"}],"version-history":[{"count":1,"href":"http:\/\/www.movimientocaamanista.com\/index.php?rest_route=\/wp\/v2\/posts\/4707\/revisions"}],"predecessor-version":[{"id":4708,"href":"http:\/\/www.movimientocaamanista.com\/index.php?rest_route=\/wp\/v2\/posts\/4707\/revisions\/4708"}],"wp:featuredmedia":[{"embeddable":true,"href":"http:\/\/www.movimientocaamanista.com\/index.php?rest_route=\/wp\/v2\/media\/1703"}],"wp:attachment":[{"href":"http:\/\/www.movimientocaamanista.com\/index.php?rest_route=%2Fwp%2Fv2%2Fmedia&parent=4707"}],"wp:term":[{"taxonomy":"category","embeddable":true,"href":"http:\/\/www.movimientocaamanista.com\/index.php?rest_route=%2Fwp%2Fv2%2Fcategories&post=4707"},{"taxonomy":"post_tag","embeddable":true,"href":"http:\/\/www.movimientocaamanista.com\/index.php?rest_route=%2Fwp%2Fv2%2Ftags&post=4707"}],"curies":[{"name":"wp","href":"https:\/\/api.w.org\/{rel}","templated":true}]}}