{"id":4728,"date":"2021-06-12T11:23:53","date_gmt":"2021-06-12T11:23:53","guid":{"rendered":"http:\/\/www.movimientocaamanista.com\/?p=4728"},"modified":"2021-06-12T11:23:54","modified_gmt":"2021-06-12T11:23:54","slug":"colombia-aid-live-para-cuando","status":"publish","type":"post","link":"http:\/\/www.movimientocaamanista.com\/?p=4728","title":{"rendered":"Colombia Aid Live \u00bfPara cu\u00e1ndo?"},"content":{"rendered":"\n<p>Al\u00ed Ram\u00f3n Rojas Olaya<\/p>\n\n\n\n<p>\u00a1\u00c9pale, es con ustedes, s\u00ed, no se hagan los locos! Juanes, Shakira, Carlos Vives, Maluma, Bad Bunny, Alejandro Sanz, Luis Fonsi, Man\u00e1, Paulina Rubio, Alesso, Ricardo Montaner, Diego Torres, Nacho, Reik, Carlos Baute, Danny Ocean, Miguel Bos\u00e9, Jorge Villamizar, Mau y Ricky, Chyno, Gusi, Jencarlos Canela, Farruko, Karol G, Anuel AA, Natti Natasha, Becky G, Prince Royce, Rosal\u00eda, Daddy Yankee, Lele Pons y Daniel Habif \u00bfPara cu\u00e1ndo el megaconcierto Colombia Aid Live? \u00a1\u00c9pale, Richard Branson y Rub\u00e9n Blades, es con ustedes tambi\u00e9n! \u00a1Y t\u00fa, Marta G\u00f3mez, no te hagas la neutra! \u00bfO es que ustedes no saben que est\u00e1n asesinando personas en Colombia y que el 42,5 % de su poblaci\u00f3n se muere de hambre seg\u00fan estad\u00edsticas publicadas el 29 de abril de 2021 por el Departamento Administrativo Nacional de Estad\u00edstica (DANE)? \u00bfO es que ustedes ignoran que uno de cada diez colombianos emigra por pobreza, violencia e inseguridad debido al paramilitarismo? \u00bfO es que ustedes olvidan que Colombia es el segundo pa\u00eds del mundo (el primero es Afganist\u00e1n) que m\u00e1s emplea minas matapersonas? \u00bfO es que ustedes ignoran que Colombia es el segundo pa\u00eds con el mayor nivel de desigualdad de Latinoam\u00e9rica, medida a partir del coeficiente de Gini (0.538)? \u00bfO es que ustedes se hacen la vista gorda con la Ley de Solidaridad Sostenible, reforma tributaria que el ministro de Hacienda, Alberto Carrasquilla, explic\u00f3 que: &#8220;el recaudo vendr\u00e1 en un 73% de las personas naturales (trabajadores) y el resto, de las empresas&#8221;?<\/p>\n\n\n\n<p>\u00bfSab\u00edan ustedes, artistas del entertainment, que Colombia hasta el 30 de abril de 2021 super\u00f3 las 500 muertes diarias por Covid-19 y que ocupa el puesto 11 en muertes por esta pandemia con 74.477?<\/p>\n\n\n\n<p>\u00bfSab\u00edan ustedes, bufones de la escabrosidad, que desde 2003, Colombia est\u00e1 entre los 10 pa\u00edses del mundo con m\u00e1s desplazados dentro del pa\u00eds por violencia de acuerdo con el Centro de Seguimiento de Desplazados Internos?<\/p>\n\n\n\n<p>\u00bfSab\u00edan ustedes, esquiroles de la indignidad, que el Instituto de Estudios para el Desarrollo y la Paz inform\u00f3 que en el primer trimestre de 2021 hubo 23 masacres que dejaron un saldo de 84 asesinados y que en el a\u00f1o 2020 hubo 76 masacres con 292 personas asesinadas, seg\u00fan la Oficina de la Alta Comisionada de la ONU para los Derechos Humanos?<\/p>\n\n\n\n<p>\u00bfSab\u00edan ustedes, gui\u00f1oles de la vanidad, que el 22 de febrero de 2021, el medio brit\u00e1nico Financial Times inform\u00f3 que en Colombia \u201cse produce m\u00e1s coca que en la \u00e9poca de Pablo Escobar\u201d y que en 2017, la ONU anunci\u00f3 que Colombia produce cerca del 70% de la coca\u00edna mundial, lo que lo convierte en el mayor productor de drogas? \u00bfSab\u00edan que el n\u00famero de muertes por sobredosis sobrepas\u00f3 las 70.000, de acuerdo con el Informe Mundial de Drogas de la Oficina de Naciones Unidas contra la Droga y el Delito presentado el 26 de junio de 2020?<\/p>\n\n\n\n<p>\u00bfSab\u00edan ustedes, fetiches de las masas ignaras, que est\u00e1 activado el Plan Colombia, acuerdo bilateral que fue suscrito en 1999 entre Andr\u00e9s Pastrana y Bill Clinton cuyos tres objetivos: generar una revitalizaci\u00f3n social y econ\u00f3mica, terminar el conflicto armado y crear una estrategia antidroga, son alcanzados, pero en sentido contrario? \u00bfSab\u00edan ustedes que en el a\u00f1o 2009, bajo los gobiernos de \u00c1lvaro Uribe V\u00e9lez y Barack Obama, Estados Unidos instal\u00f3 siete bases militares en Colombia y se increment\u00f3 el n\u00famero de misiones militares, as\u00ed como la realizaci\u00f3n ejercicios conjuntos entre ambas naciones que han centrado su juego de guerra en Venezuela como potencial enemigo, sobre todo porque la patria de Bol\u00edvar ocupa el cuarto lugar en la incautaci\u00f3n de drogas y en el desmantelamiento de laboratorios? \u00bfSab\u00edan ustedes que el 16 de agosto de 2009, el presidente Hugo Ch\u00e1vez habl\u00f3 acertadamente sobre el verdadero objetivo de este plan: \u201cLa econom\u00eda de Colombia depende hoy en gran medida de la producci\u00f3n y distribuci\u00f3n de narc\u00f3ticos y especialmente todo eso lo hace Colombia para abastecer al gran consumidor mundial que se llama Estados Unidos\u201d?<\/p>\n\n\n\n<p>\u00bfSab\u00edan ustedes, \u201c\u00eddolos de multitudes\u201d, que la Jurisdicci\u00f3n Especial para la Paz (JEP) maneja estad\u00edsticas de 6402 personas asesinadas entre 2002 y 2008 v\u00edctimas de \u201cfalsos positivos\u201d, es decir, asesinatos de civiles no beligerantes por parte de militares haci\u00e9ndolos pasar como bajas en combate, pero cuyo objetivo es mostrar resultados de la lucha contra la guerrilla con los que los asesinos obtienen retribuciones de car\u00e1cter econ\u00f3mico, d\u00edas de descanso, condecoraciones y ascensos?<\/p>\n\n\n\n<p>\u00bfSab\u00edan ustedes, albardanes de las catervas, que el 1\u00ba de junio de 1830, en el peri\u00f3dico El Dem\u00f3crata, vocero del santanderismo, se public\u00f3 una nota alusiva al vencedor de Pichincha y Ayacucho, que dice: \u201cAcabamos de saber con asombro, por cartas que hemos recibido por el Correo del Sur que el general Antonio Jos\u00e9 de Sucre ha salido de Bogot\u00e1, ejecutando fielmente las \u00f3rdenes de su amo, cuando no para elevarlo otra vez, a lo menos para su propia exaltaci\u00f3n (\u2026) Puede ser que Obando haga con Sucre lo que no hicimos con Bol\u00edvar\u201d?<\/p>\n\n\n\n<p>\u00bfSab\u00edan ustedes, caricatos de las muchedumbres, que en 1858 el periodista y pol\u00edtico Florentino Gonz\u00e1lez Vargas consideraba ideal &#8220;ser parte de la Uni\u00f3n Americana&#8221; porque &#8220;los Estados Granadinos se hallar\u00edan en la misma condici\u00f3n que los Estados de Nueva York, Pensilvania y los dem\u00e1s de la Confederaci\u00f3n&#8221; ya que &#8220;gozar\u00edan de la protecci\u00f3n que en el exterior puede darles el poder de aquel gran pueblo, y conservar\u00edan su gobierno propio y los medios de mejorar su condici\u00f3n interior, sin los riesgos de esas incursiones vand\u00e1licas de que ahora estamos amenazados&#8221;, ya que para \u00e9l &#8220;Perder\u00edamos una nacionalidad nominal para adquirir una real, potente y considerada por todos los pueblos&#8221;, as\u00ed &#8220;nuestra raza se mezclar\u00eda gradualmente con la raza anglosajona&#8221;?<\/p>\n\n\n\n<p>\u00bfSab\u00edan ustedes, arlequines de fanfarrias, que el canciller Julio Cesar Turbay para el a\u00f1o 1959 dijo: &#8220;los Estados Unidos tienen la doble condici\u00f3n de ser nuestro m\u00e1s grande y poderoso vecino y la primera potencia econ\u00f3mica, cient\u00edfica y militar de los tiempos modernos. Nos movemos en la misma \u00f3rbita y con ellos compartimos nosotros en la peque\u00f1a porci\u00f3n que corresponde a nuestras reducidas y limitadas capacidades la defensa de la civilizaci\u00f3n occidental&#8221;?<\/p>\n\n\n\n<p>\u00bfSab\u00edan ustedes, chanceros, que Colombia tiene el r\u00e9cord mundial en magnicidios: Jos\u00e9 Antonio Anzo\u00e1tegui, Antonio Jos\u00e9 de Sucre, Jorge Eli\u00e9cer Gait\u00e1n, Jaime Pardo Leal, Bernardo Jaramillo, Luis Carlos Gal\u00e1n, Carlos Pizarro, Fernando Landaz\u00e1bal Reyes y \u00c1lvaro G\u00f3mez Hurtado?<\/p>\n\n\n\n<p>\u00bfSer\u00e1 que ustedes, acostumbrados a vivir de sus parodias y sus circos de mojigangas, ignoran que el pueblo pide transformaciones serias en materia laboral y de salud, que las campesinas y campesinos luchan porque sus siembras no sean asperjadas con glifosato y que cese a los asesinatos a lideresas y l\u00edderes sociales?<\/p>\n\n\n\n<p>\u00bfSer\u00e1 que ustedes, \u201cartistas\u201d al servicio de las oligarqu\u00edas, no pueden organizar un megaconcierto porque el establishment de la industria contracultural a la que ustedes pertenecen no se los permite? \u00bfSe habr\u00e1n preguntado si ustedes son en verdad artistas o son fantoches del negocio de la trivializaci\u00f3n y la insustancialidad? \u00bfSer\u00e1 que para ustedes es m\u00e1s importante el show que el arte, la far\u00e1ndula que la sensibilidad art\u00edstica, el esti\u00e9rcol que la cultura, el espect\u00e1culo que la creaci\u00f3n? \u00bfSab\u00edan ustedes que la palabra far\u00e1ndula significa exactamente palabrer\u00eda barata para distraer? \u00bfPrefieren ustedes ser parte de los poderes creadores del pueblo o prefieren seguir permitiendo que les seleccionen y fragmenten los mensajes, y les homogenicen los contenidos? \u00bfSe imaginan por un momento ustedes entreg\u00e1ndose al pueblo y no a las masas receptoras y consumidoras? \u00bfSe imaginan por un momento ustedes respetando a su p\u00fablico cant\u00e1ndole y toc\u00e1ndole para evocar sentimientos? \u00bfSe imaginan ustedes dando mensajes de libertad, justicia, grandeza y hermosura, en vez de vomitar la moral del \u00e9xito como valor fundamental?<\/p>\n\n\n\n<p>Recuerden las palabras de Policarpa Salavarrieta \u201cLa Pola\u201d, segundos antes de ser fusilada por abrigar la causa bolivariana en la plaza Mayor de Santaf\u00e9 el 14 de noviembre de 1817 cuando apenas contaba 20 a\u00f1os: \u201cViles soldados, volved las armas a los enemigos de vuestra patria. \u00a1Pueblo indolente! \u00a1Cu\u00e1n distinta ser\u00eda hoy vuestra suerte si conocierais el precio de la libertad! Pero no es tarde: ved que, aunque mujer y joven, me sobra valor para sufrir la muerte y mil muertes m\u00e1s. No olvid\u00e9is este ejemplo. Miserable pueblo, yo os compadezco. \u00a1Alg\u00fan d\u00eda tendr\u00e9is m\u00e1s dignidad! Muero por defender los derechos de mi patria\u201d.<\/p>\n\n\n\n<p>Lean las pancartas de las protestas en Colombia, una de ellas dice. \u201cSi un pueblo sale a protestar en medio de una pandemia, es porque el gobierno es m\u00e1s peligroso que el virus&#8221;.<\/p>\n\n\n\n<p>Ah, una \u00faltima cosa, \u00bfsab\u00edan ustedes, badulaques, que Colombia no est\u00e1 bloqueada por Estados Unidos ni es v\u00edctima de medidas coercitivas unilaterales, esas que llaman \u201csanciones\u201d?<\/p>\n","protected":false},"excerpt":{"rendered":"<p>Al\u00ed Ram\u00f3n Rojas Olaya \u00a1\u00c9pale, es con ustedes, s\u00ed, no se hagan los locos! Juanes, Shakira, Carlos Vives, Maluma, Bad Bunny, Alejandro Sanz, Luis Fonsi, Man\u00e1, Paulina Rubio, Alesso, Ricardo Montaner, Diego Torres, Nacho, Reik, Carlos Baute, Danny Ocean, Miguel Bos\u00e9, Jorge Villamizar, Mau y Ricky, Chyno, Gusi, Jencarlos Canela, Farruko, Karol G, Anuel AA, [&hellip;]<\/p>\n","protected":false},"author":1,"featured_media":4506,"comment_status":"open","ping_status":"open","sticky":false,"template":"","format":"standard","meta":{"footnotes":""},"categories":[5,3],"tags":[],"_links":{"self":[{"href":"http:\/\/www.movimientocaamanista.com\/index.php?rest_route=\/wp\/v2\/posts\/4728"}],"collection":[{"href":"http:\/\/www.movimientocaamanista.com\/index.php?rest_route=\/wp\/v2\/posts"}],"about":[{"href":"http:\/\/www.movimientocaamanista.com\/index.php?rest_route=\/wp\/v2\/types\/post"}],"author":[{"embeddable":true,"href":"http:\/\/www.movimientocaamanista.com\/index.php?rest_route=\/wp\/v2\/users\/1"}],"replies":[{"embeddable":true,"href":"http:\/\/www.movimientocaamanista.com\/index.php?rest_route=%2Fwp%2Fv2%2Fcomments&post=4728"}],"version-history":[{"count":1,"href":"http:\/\/www.movimientocaamanista.com\/index.php?rest_route=\/wp\/v2\/posts\/4728\/revisions"}],"predecessor-version":[{"id":4729,"href":"http:\/\/www.movimientocaamanista.com\/index.php?rest_route=\/wp\/v2\/posts\/4728\/revisions\/4729"}],"wp:featuredmedia":[{"embeddable":true,"href":"http:\/\/www.movimientocaamanista.com\/index.php?rest_route=\/wp\/v2\/media\/4506"}],"wp:attachment":[{"href":"http:\/\/www.movimientocaamanista.com\/index.php?rest_route=%2Fwp%2Fv2%2Fmedia&parent=4728"}],"wp:term":[{"taxonomy":"category","embeddable":true,"href":"http:\/\/www.movimientocaamanista.com\/index.php?rest_route=%2Fwp%2Fv2%2Fcategories&post=4728"},{"taxonomy":"post_tag","embeddable":true,"href":"http:\/\/www.movimientocaamanista.com\/index.php?rest_route=%2Fwp%2Fv2%2Ftags&post=4728"}],"curies":[{"name":"wp","href":"https:\/\/api.w.org\/{rel}","templated":true}]}}