{"id":4751,"date":"2021-06-18T00:41:08","date_gmt":"2021-06-18T00:41:08","guid":{"rendered":"http:\/\/www.movimientocaamanista.com\/?p=4751"},"modified":"2021-06-18T00:41:09","modified_gmt":"2021-06-18T00:41:09","slug":"volver-a-los-tiempos-prepandemia","status":"publish","type":"post","link":"http:\/\/www.movimientocaamanista.com\/?p=4751","title":{"rendered":"\u00bf\u201dVolver\u201d a los tiempos prepandemia?"},"content":{"rendered":"\n<p>Marcos Salgado<\/p>\n\n\n\n<p>Fuente: <a href=\"https:\/\/rebelion.org\/volver-a-los-tiempos-pre-pandemia\/\">Rebeli\u00f3n<\/a><\/p>\n\n\n\n<p>Am\u00e9rica Latina es, por estos d\u00edas, el epicentro de la pandemia de la COVID-19, que ya lleva m\u00e1s de un a\u00f1o en la regi\u00f3n, un a\u00f1o y tres meses, pero est\u00e1 todav\u00eda bastante lejos de terminar. Parece noticia repetida, pero no lo es, porque por la pandemia se apagan miles de vidas cada d\u00eda.<\/p>\n\n\n\n<p>En estos d\u00edas de junio Sudam\u00e9rica en particular presenta la mayor tasa de muertes por mill\u00f3n de habitantes, m\u00e1s de 8 cada mill\u00f3n. Alrededor de unos 3.800 muertos por d\u00eda. Ya casi un mill\u00f3n de personas fallecidas. S\u00f3lo en Sudam\u00e9rica.&nbsp;<\/p>\n\n\n\n<p>El subcontinente ostenta tambi\u00e9n por estos d\u00edas el triste r\u00e9cord de los 5 pa\u00edses de todo el planeta con m\u00e1s mortalidad en funci\u00f3n de la cantidad de habitantes: Paraguay, Surinam, Per\u00fa, Colombia y Uruguay. En el \u201ctop 15\u201d de esta triste estad\u00edstica aparecen otros sudamericanos: Chile, Argentina, Brasil y Bolivia.&nbsp;<\/p>\n\n\n\n<p>A pesar de la gravedad de esta situaci\u00f3n, el discurso medi\u00e1tico y publicitario, privado y p\u00fablico, en la regi\u00f3n cambi\u00f3. Cada vez m\u00e1s empresas de esas que necesitan estar siempre en la pauta publicitaria de los canales de televisi\u00f3n m\u00e1s vistos estructuran un discurso donde se asegura que vamos a \u201cvolver\u201d a tiempos mejores. Los gobiernos tambi\u00e9n siguen la misma l\u00ednea.&nbsp;<\/p>\n\n\n\n<p>\u201cVolver\u201d, en este contexto, claramente, significa ir hacia terrenos conocidos. A lugares que conocemos. \u201cVolver\u201d, en t\u00e9rminos pand\u00e9micos, ser\u00eda volver a los tiempos sin tapabocas, a los tiempos en que \u00edbamos al trabajo apretujados en el Metro sin temer contagiarnos nada, o que \u00edbamos a la escuela, a la facultad, al estadio, a una fiesta, a la cancha a un partido, o que llev\u00e1bamos sin temor a los ni\u00f1os y las ni\u00f1as a la escuela, etc\u00e9tera, etc\u00e9tera.&nbsp;<\/p>\n\n\n\n<p>Este anhelo de \u201cvolver\u201d est\u00e1 muy presente en el discurso de los gobiernos sudamericanos, ligado por lo general al avance en la vacunaci\u00f3n contra la COVID-19 en la regi\u00f3n, que sigue siendo muy deficiente si se lo compara con Europa y los Estados Unidos, acaparadores de vacunas y de espalda al mundo.&nbsp;<\/p>\n\n\n\n<p>Esta publicidad, estatal o privada, flotando en ese nosotros inclusivo, universal, es un poco superficial, por decir lo menos. Porque a ese nosotros de la publicidad le falta gente. Le faltan los y las que se murieron, y se mueren, ahora, ma\u00f1ana y pasado ma\u00f1ana por la COVID-19. Que se mueren solos y solas en los hospitales, o se mueren desamparados y desamparadas por ah\u00ed.&nbsp;<\/p>\n\n\n\n<p>Por la COVID-19 murieron hasta ahora 3 millones 800 personas por lo menos en todo el mundo desde que comenz\u00f3 la pandemia. Pero la misma Organizaci\u00f3n Mundial de la Salud advierte que estas cifras pueden no ser precisas, y que los muertos y casos ser\u00edan muchos m\u00e1s, incluso, multiplicados por diez.&nbsp;<\/p>\n\n\n\n<p>A\u00fan as\u00ed, a\u00fan con la gravedad del momento, los medios de comunicaci\u00f3n, hace tiempo que dejaron de centran su atenci\u00f3n en los muertos, y ponen los reflectores en las vacunas. El discurso de la publicidad y tambi\u00e9n de los Estados relaciona directamente a la vacunaci\u00f3n con la soluci\u00f3n del problema, con el \u201cvolver\u201d.&nbsp;<\/p>\n\n\n\n<p>Pero la vacunaci\u00f3n como panacea tambi\u00e9n est\u00e1 lejos de completarse, y all\u00ed se ve con claridad la distribuci\u00f3n injusta entre los pa\u00edses centrales y las periferias. Se habr\u00edan administrado hasta ahora en todo el mundo cerca de 2.400 millones de dosis de alguna vacuna contra la COVID-19 y de estos, 400 millones ya completaron dos dosis. El mapa mundial de la vacunaci\u00f3n es el mapa de la pobreza al rev\u00e9s.&nbsp;<\/p>\n\n\n\n<p>Parece claro que en Am\u00e9rica Latina y en especial en Am\u00e9rica del Sur se est\u00e1 verificando la peor combinaci\u00f3n posible en esta pandemia: terminar con el aislamiento y las restricciones de circulaci\u00f3n y apostar todo a las vacunas, justo en una nueva ola de la enfermedad, en lugar de explorar en paralelo otros tratamientos, preventivos o paliativos, como la Invermectina, un antiparasitario barato y de uso desde hace d\u00e9cadas, que est\u00e1 dando buenos resultados en la prevenci\u00f3n y en la superaci\u00f3n de los cuadros graves del nuevo coronavirus en India, M\u00e9xico, algunas regiones de Argentina, y que se usa en una decena de pa\u00edses m\u00e1s o menos formalmente. Pero de eso casi no se habla. \u00bfSer\u00e1 porque no es negocio para los laboratorios y sus vacunas que, a pesar del clamor mundial, siguen sin liberar las patentes de producci\u00f3n?<\/p>\n\n\n\n<p>\u201cFalta menos\u201d dicen los gobiernos y dicen las empresas, que necesitan su mano de obra circulando, sin limitaciones, produciendo. Produci\u00e9ndoles ganancia. Pero la verdad es que no sabemos cu\u00e1nto falta. Lo que s\u00ed sabemos, seguro, es que faltan, que ya no est\u00e1n, millones. Un mont\u00f3n de gente.&nbsp;<\/p>\n\n\n\n<p><em>*Periodista argentino del equipo fundacional de Telesur. Corresponsal de HispanTv en Venezuela. Analista asociado al Centro Latinoamericano de An\u00e1lisis Estrat\u00e9gico (CLAE,&nbsp;<a rel=\"noreferrer noopener\" href=\"http:\/\/estrategia.la\/\" target=\"_blank\">estrategia.la<\/a>)<\/em><\/p>\n","protected":false},"excerpt":{"rendered":"<p>Marcos Salgado Fuente: Rebeli\u00f3n Am\u00e9rica Latina es, por estos d\u00edas, el epicentro de la pandemia de la COVID-19, que ya lleva m\u00e1s de un a\u00f1o en la regi\u00f3n, un a\u00f1o y tres meses, pero est\u00e1 todav\u00eda bastante lejos de terminar. Parece noticia repetida, pero no lo es, porque por la pandemia se apagan miles de [&hellip;]<\/p>\n","protected":false},"author":1,"featured_media":0,"comment_status":"open","ping_status":"open","sticky":false,"template":"","format":"standard","meta":{"footnotes":""},"categories":[1],"tags":[],"_links":{"self":[{"href":"http:\/\/www.movimientocaamanista.com\/index.php?rest_route=\/wp\/v2\/posts\/4751"}],"collection":[{"href":"http:\/\/www.movimientocaamanista.com\/index.php?rest_route=\/wp\/v2\/posts"}],"about":[{"href":"http:\/\/www.movimientocaamanista.com\/index.php?rest_route=\/wp\/v2\/types\/post"}],"author":[{"embeddable":true,"href":"http:\/\/www.movimientocaamanista.com\/index.php?rest_route=\/wp\/v2\/users\/1"}],"replies":[{"embeddable":true,"href":"http:\/\/www.movimientocaamanista.com\/index.php?rest_route=%2Fwp%2Fv2%2Fcomments&post=4751"}],"version-history":[{"count":1,"href":"http:\/\/www.movimientocaamanista.com\/index.php?rest_route=\/wp\/v2\/posts\/4751\/revisions"}],"predecessor-version":[{"id":4752,"href":"http:\/\/www.movimientocaamanista.com\/index.php?rest_route=\/wp\/v2\/posts\/4751\/revisions\/4752"}],"wp:attachment":[{"href":"http:\/\/www.movimientocaamanista.com\/index.php?rest_route=%2Fwp%2Fv2%2Fmedia&parent=4751"}],"wp:term":[{"taxonomy":"category","embeddable":true,"href":"http:\/\/www.movimientocaamanista.com\/index.php?rest_route=%2Fwp%2Fv2%2Fcategories&post=4751"},{"taxonomy":"post_tag","embeddable":true,"href":"http:\/\/www.movimientocaamanista.com\/index.php?rest_route=%2Fwp%2Fv2%2Ftags&post=4751"}],"curies":[{"name":"wp","href":"https:\/\/api.w.org\/{rel}","templated":true}]}}