{"id":4798,"date":"2021-06-23T11:14:00","date_gmt":"2021-06-23T11:14:00","guid":{"rendered":"http:\/\/www.movimientocaamanista.com\/?p=4798"},"modified":"2021-06-23T11:14:02","modified_gmt":"2021-06-23T11:14:02","slug":"la-comuna-kisan-campesina-en-india","status":"publish","type":"post","link":"http:\/\/www.movimientocaamanista.com\/?p=4798","title":{"rendered":"La Comuna Kisan (campesina) en India"},"content":{"rendered":"\n<p>Vijay Prashad<\/p>\n\n\n\n<p>Fuente: <a href=\"https:\/\/rebelion.org\/la-comuna-kisan-campesina-en-india\/\">Rebeli\u00f3n<\/a><\/p>\n\n\n\n<p>El 26 de junio de 2021, decenas de miles de campesinxs se reunir\u00e1n frente a los edificios de gobierno de los veintiocho estados de India. Se congregar\u00e1n para conmemorar que se cumplen siete meses de la gran protesta a nivel nacional contra el gobierno de extrema derecha del primer ministro Narendra Modi y el Partido Bharatiya Janata (BJP por su sigla en ingl\u00e9s).<\/p>\n\n\n\n<p>Esta concentraci\u00f3n ser\u00e1 parte de un largo ciclo de protestas que comenz\u00f3 el 26 de noviembre de 2020 como parte de una jornada de huelga general a la que se plegaron 250 millones de trabajadorxs y campesinxs. Desde noviembre, decenas de miles de trabajadorxs, o&nbsp;<em>kisans<\/em>, han rodeado la capital de India, Nueva Delhi, formando la Comuna Kisan (\u2018campesina\u2019). Esta Comuna se ha formado 150 a\u00f1os despu\u00e9s de la&nbsp;<a rel=\"noreferrer noopener\" href=\"https:\/\/leftword.us11.list-manage.com\/track\/click?u=6a79324d3b4acfde1e7e546c6&amp;id=6151a538be&amp;e=19a3a4bb5f\" target=\"_blank\">Comuna de Par\u00eds<\/a>, a partir de cuya derrota,&nbsp;<a rel=\"noreferrer noopener\" href=\"https:\/\/leftword.us11.list-manage.com\/track\/click?u=6a79324d3b4acfde1e7e546c6&amp;id=f061d8637a&amp;e=19a3a4bb5f\" target=\"_blank\">escribi\u00f3<\/a>&nbsp;Marx, se alzar\u00eda el pr\u00f3ximo experimento de democracia socialista. La Comuna Kisan, junto a las comunas de Venezuela y las ocupaciones de tierra en Sud\u00e1frica, es uno de esos experimentos.<\/p>\n\n\n\n<p>Las y los campesinos desafiaron el invierno indio. Lo que desencaden\u00f3 estas protestas fue la aprobaci\u00f3n de tres leyes en septiembre de 2020 que entregan la agricultura india a manos de un pu\u00f1ado de grandes empresas multinacionales. El Samyukta Kisan Morcha (\u2018Frente Campesino Unido\u2019), compuesto por m\u00e1s de cuarenta sindicatos campesinos y de trabajadorxs, est\u00e1 convocando a esta protesta en junio. La consigna sintetiza muy bien la lucha campesina:&nbsp;<em>Kheti Bachao, Loktantra Bachao<\/em>&nbsp;(\u2018Salvar la agricultura. Salvar la democracia\u2019).<\/p>\n\n\n\n<figure class=\"wp-block-image\"><img decoding=\"async\" src=\"https:\/\/ci6.googleusercontent.com\/proxy\/z7vKtRKur1PsbGmtCwCt_cxgpAMOlBVGomkJ034Z7kVqob8IWMDHCGBCPE2fJhdBdMcEi-rGH_qczf4jCBN3-u3SJjGV5OP5IHdIfX6iU6K1tXctm6sq4ch_=s0-d-e1-ft#https:\/\/thetricontinental.org\/wp-content\/uploads\/2021\/06\/13052021-2.jpg\" alt=\"Una pareja de campesinos pasa una noche de invierno en su camioneta en la frontera entre Singhu y Delhi, 28 de diciembre de 2020\"\/><figcaption><em>Una pareja de campesinos pasa una noche de invierno en su camioneta en la frontera entre Singhu y Delhi, 28 de diciembre de 2020.<\/em><\/figcaption><\/figure>\n\n\n\n<p>Cuando el gobierno de Modi aprob\u00f3 esas leyes, el campesinado y lxs trabajadorxs agr\u00edcolas supieron inmediatamente que las grandes empresas multinacionales tomar\u00edan control de los&nbsp;<em>mandis<\/em>, las plazas de mercado para los productos agr\u00edcolas. Las leyes debilitaron la intervenci\u00f3n del Estado y entregaron los mecanismos de precios a grandes empresas monop\u00f3licas que tienen una estrecha relaci\u00f3n con Modi y su partido. La supervivencia de la vida campesina est\u00e1 en juego. No es una exageraci\u00f3n. Lxs campesinxs conocen bien el impacto de las pol\u00edticas neoliberales: desde 1991, cuando India adopt\u00f3 esas pol\u00edticas en todos los aspectos de la vida econ\u00f3mica, incluyendo la India rural, m\u00e1s de&nbsp;<a rel=\"noreferrer noopener\" href=\"https:\/\/leftword.us11.list-manage.com\/track\/click?u=6a79324d3b4acfde1e7e546c6&amp;id=edf5239ea3&amp;e=19a3a4bb5f\" target=\"_blank\">300.000<\/a>&nbsp;campesinos y campesinas se han suicidado. Este movimiento de protesta, esta Comuna Kisan, es un grito contra el suicidio.<\/p>\n\n\n\n<p>El Censo de 2011&nbsp;<a href=\"https:\/\/leftword.us11.list-manage.com\/track\/click?u=6a79324d3b4acfde1e7e546c6&amp;id=710d5286b1&amp;e=19a3a4bb5f\" target=\"_blank\" rel=\"noreferrer noopener\">dice<\/a>&nbsp;que 833,1 millones de personas, de un total de 1.200 millones, viven en la India rural, lo que significa que dos de cada tres personas viven en el campo. No todas esas personas son campesinxs o trabajadorxs agr\u00edcolas, pero todas est\u00e1n conectadas de un modo u otro con la vitalidad de la econom\u00eda rural. Hay artesanxs y tejedorxs, trabajadrxs forestales y carpinterxs, minerxs y trabajadorxs industriales. Todo un mundo social sustentado en una econom\u00eda agr\u00edcola sana y sustentable est\u00e1 en peligro de ser arrasado. Esto es lo que el campesinado sabe: que el ataque capitalista socavar\u00e1 la existencia de lxs trabajadorxs de la India rural y su capacidad para alimentar a la creciente poblaci\u00f3n urbana.<\/p>\n\n\n\n<figure class=\"wp-block-image\"><img decoding=\"async\" src=\"https:\/\/ci4.googleusercontent.com\/proxy\/dEMgWbHPFNWeceg0zp8b6FHGTmMBAulK_AD_swL9aXW8caHlhvBcyjIGJSvSzH9tB4nd9dG0eyWvJR1Bm9JttcrF6uKb7M50qgcsfAMsmrZ2LUyXmrYkAO98cw=s0-d-e1-ft#https:\/\/thetricontinental.org\/wp-content\/uploads\/2021\/06\/19052021-11.jpg\" alt=\"Un contingente de tractores en la carretera GT Karnal rompe las barricadas y entra en Delhi, iniciando un enfrentamiento entre lxs manifestantes y la polic\u00eda, 26 de enero de 2021.\"\/><figcaption><em>Un contingente de tractores en la carretera GT Karnal rompe las barricadas y entra en Delhi, iniciando un enfrentamiento entre lxs manifestantes y la polic\u00eda, 26 de enero de 2021.<\/em><\/figcaption><\/figure>\n\n\n\n<p>A los dos meses de protestas, lxs campesinxs entraron en masa en Delhi. La fecha que eligieron para su entrada en la ciudad fue el 26 de enero, el D\u00eda de la Rep\u00fablica, cuando la reci\u00e9n independizada India adopt\u00f3 su Constituci\u00f3n de 1950. Un grupo de campesinxs se dirigi\u00f3 en 200.000 tractores al centro de la capital, mientras otros llegaron a caballo o a pie. La polic\u00eda los detuvo en las principales carreteras. La banda sonora para este enfrentamiento entre quienes alimentan al pueblo y quienes se alimentan del pueblo la puso en 1971 el poeta Sahir Ludhianvi en su meditaci\u00f3n sobre el D\u00eda de la Rep\u00fablica:<\/p>\n\n\n\n<p>\u00bfQu\u00e9 pas\u00f3 con nuestros hermosos sue\u00f1os?<\/p>\n\n\n\n<p>Si la riqueza del pa\u00eds aument\u00f3, \u00bfpor qu\u00e9 aumenta la pobreza?<\/p>\n\n\n\n<p>\u00bfQu\u00e9 pas\u00f3 con el camino hacia la prosperidad de las personas comunes?<\/p>\n\n\n\n<p>Aquellos que una vez caminaron con nosotros a la horca,<\/p>\n\n\n\n<p>\u00bfD\u00f3nde est\u00e1n esos amigos, esos compa\u00f1eros, esas personas amadas?<\/p>\n\n\n\n<p>(\u2026)<\/p>\n\n\n\n<p>Cada calle est\u00e1 en llamas, cada ciudad es un campo de batalla.<\/p>\n\n\n\n<p>\u00bfQu\u00e9 pas\u00f3 con nuestra solidaridad?<\/p>\n\n\n\n<p>La vida nos arrastra por desiertos de penumbra.<\/p>\n\n\n\n<p>\u00bfD\u00f3nde se fue la luna que una vez se alz\u00f3 en el horizonte?<\/p>\n\n\n\n<p>Si yo soy culpable, t\u00fa tambi\u00e9n eres un pecador.<\/p>\n\n\n\n<p>L\u00edderes de nuestro pa\u00eds, ustedes tambi\u00e9n son culpables.<\/p>\n\n\n\n<figure class=\"wp-block-image\"><img decoding=\"async\" src=\"https:\/\/ci3.googleusercontent.com\/proxy\/E-G3YPuUdK-BlfsQMaoEX0LkkoI109jmeUYvX05jtA4GY4iRgpemLO0Vxd87FWnO7WoajtN9C57liPQxYBFe4EeOn7sFwpPj6if96IAfEqj5yJItGziQKtXyVov2ZiP1=s0-d-e1-ft#https:\/\/thetricontinental.org\/wp-content\/uploads\/2021\/06\/09062021-farmer2.jpg\" alt=\"Un campesino de Punjab protesta durante una marcha de tractores en el D\u00eda de la Rep\u00fablica en la carretera de circunvalaci\u00f3n GT Karnal en Delhi, 26 de enero de 2021.\"\/><figcaption><em>Un campesino de Punjab protesta durante una marcha de tractores en el D\u00eda de la Rep\u00fablica en la carretera de circunvalaci\u00f3n GT Karnal en Delhi, 26 de enero de 2021.<\/em><\/figcaption><\/figure>\n\n\n\n<p>Los Servicios de Investigaci\u00f3n de Tricontinental (Delhi) elaboraron un&nbsp;<a rel=\"noreferrer noopener\" href=\"https:\/\/leftword.us11.list-manage.com\/track\/click?u=6a79324d3b4acfde1e7e546c6&amp;id=2a6273b97c&amp;e=19a3a4bb5f\" target=\"_blank\">dossier<\/a>&nbsp;notable,&nbsp;<em>La revuelta campesina en India<\/em>&nbsp;(Dossier n\u00ba 41, junio de 2021), que plantea dos simples preguntas: \u00bfqu\u00e9 ha pasado con la agricultura en India? Y \u00bfpor qu\u00e9 el campesinado est\u00e1 en una revuelta? El n\u00facleo del dossier explora la crisis agraria, una condici\u00f3n cr\u00f3nica con variados s\u00edntomas: las fluctuaciones de la agricultura, incluidas las p\u00e9rdidas de cosechas, que producen ingresos bajos o negativos; el endeudamiento, el subempleo; la desposesi\u00f3n; y el suicidio. Las ra\u00edces de la crisis no son inevitables, pueden encontrarse en la estructura del dominio colonial brit\u00e1nico, en los fracasos del nuevo Estado de India tras 1947 (un Estado que se rindi\u00f3 a los terratenientes y burgueses), y en la seguidilla de fracasos del periodo neoliberal desde 1991 al presente.<\/p>\n\n\n\n<p>Una cosa es reconocer la revuelta campesina; su presencia activa en las afueras de Nueva Delhi no puede ser ignorada del todo. Otra cosa es tratar de comprender por qu\u00e9 est\u00e1n ah\u00ed, comprender las profundas ra\u00edces de la crisis a la que responden con tanta firmeza. Este dossier incorpora las perspectivas de los sindicatos campesinos y ofrece una evaluaci\u00f3n resumida de la completa entrega de la econom\u00eda india por parte del gobierno de Modi a la clase multimillonaria, especialmente a sus amigotes m\u00e1s cercanos, las familias Adanis y Ambanis. En enero de 2020, la Oxfam&nbsp;<a href=\"https:\/\/leftword.us11.list-manage.com\/track\/click?u=6a79324d3b4acfde1e7e546c6&amp;id=2fddf3ba62&amp;e=19a3a4bb5f\" target=\"_blank\" rel=\"noreferrer noopener\">inform\u00f3<\/a>&nbsp;que el 1% m\u00e1s rico de la India posee cuatro veces m\u00e1s riqueza que la riqueza total de 953 millones de personas, el 70% de la poblaci\u00f3n, que en su mayor\u00eda viven en zonas rurales.<\/p>\n\n\n\n<p>Esta desigualdad solo ha empeorado durante la pandemia. Entre marzo y octubre de 2020, Mukesh Ambani, el hombre m\u00e1s rico de India,&nbsp;<a href=\"https:\/\/leftword.us11.list-manage.com\/track\/click?u=6a79324d3b4acfde1e7e546c6&amp;id=fb7eec088a&amp;e=19a3a4bb5f\" target=\"_blank\" rel=\"noreferrer noopener\">duplic\u00f3<\/a>&nbsp;su riqueza hasta alcanzar 78.300 millones de d\u00f3lares, lo que lo instala como la sexta persona m\u00e1s rica del mundo. En cuatro d\u00edas, Ambani gan\u00f3 m\u00e1s que el total de los salarios de sus 195.000 empleados. Durante este periodo, el gobierno de Modi&nbsp;<a href=\"https:\/\/leftword.us11.list-manage.com\/track\/click?u=6a79324d3b4acfde1e7e546c6&amp;id=9cc65d0fe1&amp;e=19a3a4bb5f\" target=\"_blank\" rel=\"noreferrer noopener\">destin\u00f3<\/a>&nbsp;apenas un 0,8-1,2% del PIB para la ayuda de la poblaci\u00f3n. Las familias campesinas respondieron a esta guerra de clases abierta con la formaci\u00f3n de su inquebrantable Comuna Kisan.<\/p>\n\n\n\n<p>Modi no puede retractarse f\u00e1cilmente de su compromiso con las grandes empresas, mientras lxs campesinxs y trabajadorxs agr\u00edcolas no pueden renunciar a sus vidas. El conflicto no tiene una salida f\u00e1cil. Grandes sectores de la poblaci\u00f3n urbana simpatizan con quienes los alimentan. Ha habido intentos de utilizar la fuerza, a menudo ejercido bajo el pretexto de cumplir el confinamiento, pero han fracasado. \u00bfSe arriesgar\u00e1 el gobierno de Modi a usar la fuerza de manera m\u00e1s brutal? Si lo hace, \u00bfel pueblo lo tolerar\u00e1? No hay una respuesta f\u00e1cil a estas preguntas.<\/p>\n\n\n\n<p>Un&nbsp;<a href=\"https:\/\/leftword.us11.list-manage.com\/track\/click?u=6a79324d3b4acfde1e7e546c6&amp;id=06e5048928&amp;e=19a3a4bb5f\" target=\"_blank\" rel=\"noreferrer noopener\">estudio<\/a>&nbsp;importante de la Sociedad para la Investigaci\u00f3n Social y Econ\u00f3mica (Society for Social and Economic Research) de Vikas Rawal y Vaishali Bansal muestra que la agricultura india est\u00e1 asolada por una desigualdad econ\u00f3mica gigantesca. M\u00e1s de la mitad de los hogares de la India rural carecen de tierras, mientras que unos pocos terratenientes no solo tienen la mayor cantidad de superficie, sino tambi\u00e9n los mejores terrenos. Rawal y Bansal demuestran que las personas sin tierra y la desigualdad en el acceso a la misma han aumentado en las \u00faltimas d\u00e9cadas, y las relaciones inseguras de alquiler se han vuelto cada vez m\u00e1s comunes. El estudio muestra que el campo indio \u201cse caracteriza por una vasta masa de capesinxs y trabajadorxs rurales que viven en una pobreza brutal, no tienen acceso a educaci\u00f3n y atenci\u00f3n sanitaria decentes, y no tienen acceso a los servicios b\u00e1sicos para llevar una vida digna\u201d. Esta es la raz\u00f3n por la que protestan. Es por esto, sostienen Rawal y Bansal, que las reformas agrarias son una precondici\u00f3n para su libertad.<\/p>\n\n\n\n<figure class=\"wp-block-image\"><img decoding=\"async\" src=\"https:\/\/ci4.googleusercontent.com\/proxy\/2ZoQchQQJoAElB9PG8unhRsxPJLk5eOJ2ghRyNBBhbfphMqT9fu4JrRASWsWtQfbpVqbLSUTH2Em_xCNgL6HUBhpvDDSFsjv5vmfLYVkC3kSvejnvTv8AMB2UM_s2GxTvxBbb4FdmDmZqeFhSFkx7jw0qhFWvSYx6Tbfi78ExKBuswIw1HJ5iu1Dj6m6PwWuPOjhjWOvP9fBwmPOuJ-anZwXnAzGWeXyVZrDaO3LhgdfHA=s0-d-e1-ft#https:\/\/thetricontinental.org\/wp-content\/uploads\/2021\/06\/20210614-Full_Aswath-Young-Socialist-Artists-India-Marching-with-the-Peasants-2021-e1623885573858.jpg\" alt=\"Aswath Madhavan (Young Socialist Artists, India), Marching with the Peasants (\u2018Marchando con el campesinado\u2019), 2021.\"\/><figcaption>Aswath (Young Socialist Artists, India),&nbsp;<em>Marching with the Peasants<\/em>&nbsp;(\u2018Marchando con el campesinado\u2019), 2021.<\/figcaption><\/figure>\n\n\n\n<p>Las fotograf\u00edas en este bolet\u00edn provienen del dossier. Son de autor\u00eda de Vikas Thakur, quien es miembro del departamento de arte del Instituto Tricontinental de Investigaci\u00f3n Social. Sobre estas fotos, Vikas dice: \u201cEstos son retratos de seres humanos con nombres, luchas, deseos, un modo de vida. Son retratos de una clase. Son retratos de una protesta hist\u00f3rica\u201d.<\/p>\n","protected":false},"excerpt":{"rendered":"<p>Vijay Prashad Fuente: Rebeli\u00f3n El 26 de junio de 2021, decenas de miles de campesinxs se reunir\u00e1n frente a los edificios de gobierno de los veintiocho estados de India. Se congregar\u00e1n para conmemorar que se cumplen siete meses de la gran protesta a nivel nacional contra el gobierno de extrema derecha del primer ministro Narendra [&hellip;]<\/p>\n","protected":false},"author":1,"featured_media":4799,"comment_status":"open","ping_status":"open","sticky":false,"template":"","format":"standard","meta":{"footnotes":""},"categories":[5,3],"tags":[],"_links":{"self":[{"href":"http:\/\/www.movimientocaamanista.com\/index.php?rest_route=\/wp\/v2\/posts\/4798"}],"collection":[{"href":"http:\/\/www.movimientocaamanista.com\/index.php?rest_route=\/wp\/v2\/posts"}],"about":[{"href":"http:\/\/www.movimientocaamanista.com\/index.php?rest_route=\/wp\/v2\/types\/post"}],"author":[{"embeddable":true,"href":"http:\/\/www.movimientocaamanista.com\/index.php?rest_route=\/wp\/v2\/users\/1"}],"replies":[{"embeddable":true,"href":"http:\/\/www.movimientocaamanista.com\/index.php?rest_route=%2Fwp%2Fv2%2Fcomments&post=4798"}],"version-history":[{"count":1,"href":"http:\/\/www.movimientocaamanista.com\/index.php?rest_route=\/wp\/v2\/posts\/4798\/revisions"}],"predecessor-version":[{"id":4800,"href":"http:\/\/www.movimientocaamanista.com\/index.php?rest_route=\/wp\/v2\/posts\/4798\/revisions\/4800"}],"wp:featuredmedia":[{"embeddable":true,"href":"http:\/\/www.movimientocaamanista.com\/index.php?rest_route=\/wp\/v2\/media\/4799"}],"wp:attachment":[{"href":"http:\/\/www.movimientocaamanista.com\/index.php?rest_route=%2Fwp%2Fv2%2Fmedia&parent=4798"}],"wp:term":[{"taxonomy":"category","embeddable":true,"href":"http:\/\/www.movimientocaamanista.com\/index.php?rest_route=%2Fwp%2Fv2%2Fcategories&post=4798"},{"taxonomy":"post_tag","embeddable":true,"href":"http:\/\/www.movimientocaamanista.com\/index.php?rest_route=%2Fwp%2Fv2%2Ftags&post=4798"}],"curies":[{"name":"wp","href":"https:\/\/api.w.org\/{rel}","templated":true}]}}