{"id":4809,"date":"2021-06-26T11:11:47","date_gmt":"2021-06-26T11:11:47","guid":{"rendered":"http:\/\/www.movimientocaamanista.com\/?p=4809"},"modified":"2021-06-26T11:11:48","modified_gmt":"2021-06-26T11:11:48","slug":"pnud-mayorias-populares-perciben-son-gobernadas-para-favorecer-minorias","status":"publish","type":"post","link":"http:\/\/www.movimientocaamanista.com\/?p=4809","title":{"rendered":"PNUD: MAYOR\u00cdAS POPULARES PERCIBEN \u201cSON GOBERNADAS PARA FAVORECER MINORIAS\u201d"},"content":{"rendered":"\n<p>Narciso Isa Conde<\/p>\n\n\n\n<p>&#8221; En fin, Estados y Gobiernos imposibilitados de reformarse y hacer reformas en funci\u00f3n del \u201cbien com\u00fan\u201d y clase dominante imposibilitada de entender esos consejos del PNUD; Clase Capitalista de la que por el contrario brota, m\u00e1s all\u00e1 del neoliberalismo que la impregna, la reacci\u00f3n neofascista.<\/p>\n\n\n\n<p>El Informe Regional Sobre Desarrollo Humano del PROGRAMA DE LAS NACIONES UNIDAS PARA EL DESARROLLO-PNUD del 2021, presentado en d\u00edas recientes, concluye afirmado que  no pocos pueblos de Nuestra Am\u00e9rica creen que sus pa\u00edses \u201cest\u00e1n gobernados para favorecer una minor\u00eda\u201d.<\/p>\n\n\n\n<p>Las encuestas incluidas en la referida investigaci\u00f3n revelan que el \u00fanico pa\u00eds de la regi\u00f3n donde esa percepci\u00f3n no super\u00f3 el 50% es El Salvador; mientras los dem\u00e1s sobrepasan el 55% y naciones como Paraguay, Costa Rica y Chile pasan del 90%, y muchas otras el 80%.<\/p>\n\n\n\n<p>El viraje de un a\u00f1o a otro ha sido muy significativo, ya que en el informe del 2020 esa percepci\u00f3n representaba al m\u00e1ximo un 77% de los encuestados\/as y ahora llega hasta el 95%.<\/p>\n\n\n\n<p>Los resultados de ese indicador muestran que ya la ilegitimidad de los gobiernos, a consecuencia de servir solo de instrumentos de los grandes capitales, es sumamente alta; y esto tiene un gran significado para el presente y futuro de la lucha de clase en la regi\u00f3n m\u00e1s desigual del planeta, donde lo nuevo es un salto en la toma de conciencia sobre las fatales consecuencias del control de los Estados y Gobierno por elites mega-capitalistas cuya voracidad crece sin cesar.<\/p>\n\n\n\n<p>De ser as\u00ed, y parece que lo es -dado que el PNUD no tiene pinta de inspirarse en un fanatismo subversivo- hay razones para la alarma poco com\u00fan dentro del sistema de organismos internacionales que brota de esa instituci\u00f3n y que ha sido expresada sin rodeos en esta ocasi\u00f3n.<\/p>\n\n\n\n<p><strong>\u2022 DESIGUALDADES QUE ALARMAN Y MAYOR CONCIENCIA DE SUS CAUSAS.<\/strong><\/p>\n\n\n\n<p>Al presentar el Informe a la prensa, Marcela Mel\u00e9ndez, economista jefe del PNUD en la regi\u00f3n latino-caribe\u00f1a, declar\u00f3 que <em>\u201cse encuentra con mucha frecuencia en la regi\u00f3n a grandes grupos  empresariales que tienen intereses en muchos sectores y extienden sus intereses con frecuencia al sector de los medios\u201d<\/em>  y que ya <em>\u201cuna abrumadora mayor\u00eda entiende que la concentraci\u00f3n de poder en manos de unos pocos que defienden el inter\u00e9s privado, en vez del bien com\u00fan, es uno de los factores que conectan la alta desigualdad y el bajo crecimiento, ya que a menudo resulta en pol\u00edticas distorsionadas, miopes e ineficientes, y en instituciones d\u00e9biles\u201d.<\/em> (DIARIO LIBRE 22-06-2021, p\u00e1g. 6)<\/p>\n\n\n\n<p>El reporte titulado \u201cAtrapados: alta desigualdad y bajo crecimiento en Am\u00e9rica Latina y el Caribe\u201d destaca, por un lado, que <em>\u201clos mercados de la regi\u00f3n est\u00e1n controlados por un peque\u00f1o n\u00famero de empresas gigantes\u201d y,  por el otro, que al mismo tiempo \u201cla gente se siente frustrada no solo por la injusticia en sus resultados, sino tambi\u00e9n en los procesos, por la enorme influencia pol\u00edtica de unos pocos grupos poderosos\u201d. <\/em>(DIARIO LIBRE 22-06-2021, p\u00e1g. 6)<\/p>\n\n\n\n<p>La alarma se entiende muy bien, en tanto en s\u00ed misma procura alertar sobre el peligro que implica esa realidad para la estabilidad de una dominaci\u00f3n clasista adversa a todo lo reformador y opuesta a todo lo signifique reformas fiscales progresivas o lo que implique medidas de distribuci\u00f3n m\u00e1s justas del ingreso nacional, sobre todo cuando el poder constituido se va tornando altamente impopular, como est\u00e1 pasando. <\/p>\n\n\n\n<p>En este informe el PNUD se queja de que <em>\u201clas \u00e9lites econ\u00f3micas raras veces han utilizado el poder pol\u00edtico para impulsar reformas que encaminen a estos pa\u00edses hacia el \u201cdesarrollo\u201d, pudiendo hacerlo&#8221;<\/em>. (DIARIO LIBRE 22-06-2021, p\u00e1g. 6)<\/p>\n\n\n\n<p>Esa queja y tal recomendaci\u00f3n, despu\u00e9s de tal alarma, procura estimular a los opresores a corregir rumbos y reducir riegos; algo muy propio de quienes siguen defendiendo las ya marginales, inviables e ilusorias concepciones netamente socialdem\u00f3cratas, en el contexto de un capitalismo neo-liberalizado y endurecido, capitaneado por esas elites burguesas, sin vuelta atr\u00e1s en medio de su dominaci\u00f3n.<\/p>\n\n\n\n<p>Al PNUD le es muy dif\u00edcil admitir que estamos frente Estados y gobiernos cuasi privatizados, bajo el control de c\u00fapulas capitalistas s\u00faper-enriquecidas, cuya racionalidad es acumular m\u00e1s, ganar m\u00e1s y asaltar las funciones ejecutivas del Estado; convirti\u00e9ndose a s\u00ed mismos en gestores del Estado y ayudando a los pol\u00edticos a convertirse en elites empresariales corrompidas, relegando  a un plano secundario el rol tradicional de la \u201cclase pol\u00edtica\u201d. <\/p>\n\n\n\n<p>En fin, Estados y Gobiernos imposibilitados de reformarse y hacer reformas en funci\u00f3n del \u201cbien com\u00fan\u201d y clase dominante imposibilitada de entender esos consejos; Clasecapitalista de la que por el contrario brota, m\u00e1s all\u00e1 del neoliberalismo que la impregna, la reacci\u00f3n neofascista.<\/p>\n\n\n\n<p><strong>\u2022 EL CASO DOMINICANO<\/strong><\/p>\n\n\n\n<p>El PNUD sit\u00faa a la Rep\u00fablica Dominicana con una mayor\u00eda del 63% que percibe que aqu\u00ed se gobierna para una minor\u00eda, lo que es muy importante para el presente y el futuro de la lucha popular y de clase; obstruido su despliegue en mayor escala por el el rol alienante de los \u201cmass-media\u201d.<br> En verdad aqu\u00ed esto es m\u00e1s grave que como lo percibe el pueblo y por eso pronto va impactar mucho m\u00e1s en la conciencia colectiva y a elevar a porcentaje m\u00e1s altos esa percepci\u00f3n.<\/p>\n\n\n\n<p>El nuevo r\u00e9gimen, montado por la v\u00eda electoral a trav\u00e9s del Partido Revolucionario Moderno-PRM, otra fuerza de la derecha neoliberal,  presidido por un empresario multimillonario metido a pol\u00edtico, Luis Abinader, ha sido asaltado con su anuencia y compromisos mutuos por la elite capitalista local y la gran burgues\u00eda transnacional.<\/p>\n\n\n\n<p>A nivel de Estado y de Gobierno el mayor poder de ejecuci\u00f3n lo detenta y ejerce el conjunto de los 10 principales mega-capitalistas del pa\u00eds y las corporaciones transnacionales radicadas aqu\u00ed.<\/p>\n\n\n\n<p>Esto se agrega al inmenso poder que exhiben esas elites a nivel financiero, comercial, industrial y sobre el territorio nacional (suelo, subsuelo y sobresuelo) y  los grandes medios de comunicaci\u00f3n.<\/p>\n\n\n\n<p>El Estado, gobierno incluido, ha sido privatizado y opera como tal con un fuerte talante neo-colonial. Muy poco o nada puede hacerse desde ese Estado en materia fiscal, presupuestal, financiera, institucional, cultura, ideolog\u00eda\u2026 sin contar con la aprobaci\u00f3n del Consejo Nacional de la Empresa Privada-CONEP, la C\u00e1mara Minera, la C\u00e1mara Americana de Comercio, BM, FMI, Embajada estadounidense, USAID, CIA, FBI, Comando Sur del Pent\u00e1gono y alta jerarqu\u00eda de la Iglesia Cat\u00f3lica.<\/p>\n\n\n\n<p>Presidencia, Vicepresidencia, Ministerios claves, est\u00e1n bajo control directo del gran capital privado.<\/p>\n\n\n\n<p>Aqu\u00ed o se cambia todo, o todo ser\u00e1 el insoportable gobernar a favor de  los intereses espurios de ese conjunto minoritario, opulento y voraz, bajo el manto de una recolonizaci\u00f3n cada vez m\u00e1s endurecida.<\/p>\n\n\n\n<p>La esperanza est\u00e1 en que ese 63% no retroceda, ni se estanque, pase al 80\u2026 al 90\u2026se radicalice y profundice como conciencia impugnadora y se convierta en rebeld\u00eda organizada, indignaci\u00f3n multitudinaria y poder transformador. Y eso puede lograrse a los compases de la profundizaci\u00f3n de la crisis sist\u00e9mica acompa\u00f1ada de un accionar de vanguardia que articule todas las rebeld\u00edas en una propuesta pol\u00edtica de profundo calado y poder de atracci\u00f3n, todav\u00eda pendiente concreci\u00f3n en la agenda nacional.<\/p>\n","protected":false},"excerpt":{"rendered":"<p>Narciso Isa Conde &#8221; En fin, Estados y Gobiernos imposibilitados de reformarse y hacer reformas en funci\u00f3n del \u201cbien com\u00fan\u201d y clase dominante imposibilitada de entender esos consejos del PNUD; Clase Capitalista de la que por el contrario brota, m\u00e1s all\u00e1 del neoliberalismo que la impregna, la reacci\u00f3n neofascista. El Informe Regional Sobre Desarrollo Humano [&hellip;]<\/p>\n","protected":false},"author":1,"featured_media":4810,"comment_status":"open","ping_status":"open","sticky":false,"template":"","format":"standard","meta":{"footnotes":""},"categories":[5,16],"tags":[],"_links":{"self":[{"href":"http:\/\/www.movimientocaamanista.com\/index.php?rest_route=\/wp\/v2\/posts\/4809"}],"collection":[{"href":"http:\/\/www.movimientocaamanista.com\/index.php?rest_route=\/wp\/v2\/posts"}],"about":[{"href":"http:\/\/www.movimientocaamanista.com\/index.php?rest_route=\/wp\/v2\/types\/post"}],"author":[{"embeddable":true,"href":"http:\/\/www.movimientocaamanista.com\/index.php?rest_route=\/wp\/v2\/users\/1"}],"replies":[{"embeddable":true,"href":"http:\/\/www.movimientocaamanista.com\/index.php?rest_route=%2Fwp%2Fv2%2Fcomments&post=4809"}],"version-history":[{"count":1,"href":"http:\/\/www.movimientocaamanista.com\/index.php?rest_route=\/wp\/v2\/posts\/4809\/revisions"}],"predecessor-version":[{"id":4811,"href":"http:\/\/www.movimientocaamanista.com\/index.php?rest_route=\/wp\/v2\/posts\/4809\/revisions\/4811"}],"wp:featuredmedia":[{"embeddable":true,"href":"http:\/\/www.movimientocaamanista.com\/index.php?rest_route=\/wp\/v2\/media\/4810"}],"wp:attachment":[{"href":"http:\/\/www.movimientocaamanista.com\/index.php?rest_route=%2Fwp%2Fv2%2Fmedia&parent=4809"}],"wp:term":[{"taxonomy":"category","embeddable":true,"href":"http:\/\/www.movimientocaamanista.com\/index.php?rest_route=%2Fwp%2Fv2%2Fcategories&post=4809"},{"taxonomy":"post_tag","embeddable":true,"href":"http:\/\/www.movimientocaamanista.com\/index.php?rest_route=%2Fwp%2Fv2%2Ftags&post=4809"}],"curies":[{"name":"wp","href":"https:\/\/api.w.org\/{rel}","templated":true}]}}