{"id":4839,"date":"2021-07-11T11:07:33","date_gmt":"2021-07-11T11:07:33","guid":{"rendered":"http:\/\/www.movimientocaamanista.com\/?p=4839"},"modified":"2021-07-17T11:16:34","modified_gmt":"2021-07-17T11:16:34","slug":"organizarse-frente-a-lo-que-se-avecina-i-de-ii","status":"publish","type":"post","link":"http:\/\/www.movimientocaamanista.com\/?p=4839","title":{"rendered":"Organizarse frente a lo que se avecina (I de II)"},"content":{"rendered":"\n<p>I\u00f1aki Gil de San Vicente<\/p>\n\n\n\n<p>Fuente: <a href=\"https:\/\/rebelion.org\/organizarse-frente-a-lo-que-se-avecina-i-de-ii\/\">Rebeli\u00f3n<\/a><\/p>\n\n\n\n<p>\u00abHallarse por un momento en minor\u00eda con un programa correcto \u2013en tanto organizaci\u00f3n\u2013 es mejor que tener un gran n\u00famero de seguidores, que s\u00f3lo nominalmente pueden ser considerados como partidarios\u00bb<sup><a href=\"https:\/\/rebelion.org\/organizarse-frente-a-lo-que-se-avecina-i-de-ii\/#sdfootnote1sym\"><sup>1<\/sup><\/a><\/sup><\/p>\n\n\n\n<p>La pandemia cort\u00f3 de ra\u00edz un proceso de debates internacionalistas entre izquierdas de naciones oprimidas que avanzaba poco a poco. Desde hace un tiempo, se han retomado los contactos nunca rotos y, como es l\u00f3gico, los cambios habidos desde finales de 2019 han a\u00f1adido nuevas cuestiones sobre las que reflexionar en una ronda que empezar\u00e1 a mediados de julio en Galiza. En el art\u00edculo que ahora se presenta, que ser\u00e1 seguido por otro, se propondr\u00e1n algunas ideas a debatir sobre la crisis en su generalidad, sobre la situaci\u00f3n estatal y las dos grandes opciones del capital, y el papel que en ellas juegan las diferentes fuerzas ultraderechistas y fascistas, girando todas ellas alrededor de un punto cr\u00edtico: el problema de la organizaci\u00f3n revolucionaria. El segundo art\u00edculo intentar\u00e1 explorar los principales retos a superar por esas organizaciones independentistas en la fase post pand\u00e9mica.<\/p>\n\n\n\n<p>Hemos citado arriba a Engels no s\u00f3lo porque est\u00e1 siendo redescubierto como una de las mentes m\u00e1s brillantes del siglo XIX, sino porque adem\u00e1s hace casi 140 a\u00f1os, a finales de 1882, record\u00f3 una lecci\u00f3n que ya para entonces hab\u00eda adquirido el rango de teor\u00eda y que desde entonces vuelve con dram\u00e1tica frecuencia: la necesidad de la organizaci\u00f3n para prevenir severas derrotas. Lo hizo en medio de \u00e1speros debates sobre estrategia y t\u00e1ctica sostenidos entre varios bloques pol\u00edticos: posibilistas, marxistas, socialistas, anarquistas, etc. La Comuna de 1871 fue la excusa para golpear con m\u00e1s fuerza a las izquierdas. La primera Gran Depresi\u00f3n iniciada en 1873 endureci\u00f3 las represiones como se vio en 1878 con las leyes antisocialistas alemanas. En 1876 se clausur\u00f3 la I Internacional y habr\u00eda que esperar hasta 1889 para que surgiera la Segunda. Las persecuciones s\u00f3lo lograban retrasar por un tiempo la organizaci\u00f3n de grupos obreros.<\/p>\n\n\n\n<p>La crisis forzaba la introducci\u00f3n de nuevas industrias para derrotar a la clase obrera y destruir empresas obsoletas, por lo que la lucha de clases entraba en una nueva fase impulsada tambi\u00e9n por las reivindicaciones nacionales y anticoloniales, y de las mujeres trabajadoras. Los cr\u00edmenes del colonialismo eran denunciados por la mayor\u00eda de las izquierdas que a la vez exig\u00edan el desmantelamiento de los ej\u00e9rcitos. Estos y otros cambios se reflejaban en la elaboraci\u00f3n te\u00f3rica del marxismo. Fue en este contexto en el que Engels volvi\u00f3 a defender la necesidad de una organizaci\u00f3n revolucionaria diferenciada de las posibilistas, reformistas, radicales, utopistas\u2026, pero siempre inserta en la complejidad de las luchas concretas y nunca aislada de las masas. Era un criterio \u00e9ste defendido siempre por ambos amigos.<\/p>\n\n\n\n<p>En 2021 resurge en naciones oprimidas este debate urgente ante la nueva etapa en la crisis abierta por la tercera Gran Depresi\u00f3n de 2007 agravada desde 2020. Mientras, la lucha de clases rebrot\u00f3 con fuerza y el imperialismo multiplic\u00f3 sus salvajadas contra los pueblos; desde 2014-15 se agudizaron las pugnas entre el imperialismo y el bloque de potencias emergentes; desde 2016 los fugaces y d\u00e9biles repuntes econ\u00f3micos volvieron a caer; la pandemia de inicios de 2020 supuso un cambio cualitativo en la historia de las crisis del capital; seg\u00fan el informe de abril de 2021 del FMI la pandemia hab\u00eda supuesto una ca\u00edda de -3,3% del PIB mundial, que por el efecto rebote se recuperar\u00eda al 6,0% en 2021 para caer al 4,4% en 2022\u2026 Pero las perspectivas para el Sur Global son demoledoras, y las del proletariado del Norte son muy duras. Pero quienes m\u00e1s lo sufrimos y sufriremos somos las clases explotadas de los pueblos oprimidos porque, al imped\u00edrsenos por la fuerza crear Estados propios, la indefensi\u00f3n nos hunde en el fondo del temporal.<\/p>\n\n\n\n<p>Desde los \u201850 el capitalismo sufre una ca\u00edda de la productividad del trabajo, desde la d\u00e9cada los \u201870 una ca\u00edda de la tasa media de ganancia y una ca\u00edda en las inversiones en fuerzas productivas o activos fijos, as\u00ed como una sobreabundancia de capital ficticio y un aumento de la llamada \u00abeconom\u00eda criminal\u00bb para compensar con ganancias especulativas de alto riesgo e ilegales la ca\u00edda de los beneficios. A esta senil decrepitud<sup><a href=\"https:\/\/rebelion.org\/organizarse-frente-a-lo-que-se-avecina-i-de-ii\/#sdfootnote2sym\"><sup>2<\/sup><\/a><\/sup>&nbsp;se le suma ahora un inquietante aumento de la inflaci\u00f3n<sup><a href=\"https:\/\/rebelion.org\/organizarse-frente-a-lo-que-se-avecina-i-de-ii\/#sdfootnote3sym\"><sup>3<\/sup><\/a><\/sup>; un encarecimiento exponencial de las nuevas tecnolog\u00edas; una crisis socioecol\u00f3gica, sanitaria y de recursos al l\u00edmite; un aumento salvaje de los precios de los alimentos b\u00e1sicos: un 40% en la \u00faltima d\u00e9cada y el agua ya es el \u00aboro azul\u00bb, un empobrecimiento al alza y una concentraci\u00f3n y centralizaci\u00f3n de la propiedad mundial en poqu\u00edsimas personas, como lo confirma el reciente informe del Credit Suisse<sup><a href=\"https:\/\/rebelion.org\/organizarse-frente-a-lo-que-se-avecina-i-de-ii\/#sdfootnote4sym\"><sup>4<\/sup><\/a><\/sup><\/p>\n\n\n\n<p>El capitalismo espa\u00f1ol ha acrecentado sus debilidades<sup><a href=\"https:\/\/rebelion.org\/organizarse-frente-a-lo-que-se-avecina-i-de-ii\/#sdfootnote5sym\"><sup>5<\/sup><\/a><\/sup>&nbsp;en 2015\/21 enfrent\u00e1ndose a un \u00abescenario severo\u00bb<sup><a href=\"https:\/\/rebelion.org\/organizarse-frente-a-lo-que-se-avecina-i-de-ii\/#sdfootnote6sym\"><sup>6<\/sup><\/a><\/sup>. Vuelve a correr el riesgo de caer de la semiperiferia a la periferia de la UE, condenado a la dependencia del turismo y de los servicios, a ser base de segunda de la OTAN por el pacto entre EEUU y Marruecos, a una lenta desindustrializaci\u00f3n y a perder competitividad mundial\u2026 La \u00faltima vez que se manifest\u00f3 este peligro recurrente fue en la crisis de 1968-78\/82. A comienzos de los \u201970 la burgues\u00eda estaba a la defensiva frente a las luchas de las clases y de las naciones oprimidas. La facci\u00f3n burguesa menos franquista pas\u00f3 al ataque ayudada por el imperialismo, y la genuflexi\u00f3n del reformismo duro y de la izquierda blanda, m\u00e1s la solidez de las anclas irracionales forjadas por siglos de autoritarismo y cuarenta a\u00f1os de franquismo, dieron la vuelta a la tortilla en 1978\/82. La estructura del franquismo qued\u00f3 intacta sosteniendo con la monarqu\u00eda militar<sup><a href=\"https:\/\/rebelion.org\/organizarse-frente-a-lo-que-se-avecina-i-de-ii\/#sdfootnote7sym\"><sup>7<\/sup><\/a><\/sup>&nbsp;la \u00abdemocracia constitucional\u00bb. La izquierda estatalista empez\u00f3 a disolverse, manteniendo la lucha, sobre todo, aquellas que, inconciliables con el imperialismo espa\u00f1ol, ten\u00edan una estrategia pol\u00edtico-organizativa y \u00e9tica inasimilable por la monarqu\u00eda militar: la independencia socialista de sus pueblos trabajadores.<\/p>\n\n\n\n<p>La victoria burguesa de 1978-82 fue incapaz de \u00abmodernizar Espa\u00f1a\u00bb de modo que la tercera Gran Depresi\u00f3n mostr\u00f3 al \u00abrey desnudo\u00bb, nunca mejor dicho. Los golpes dados a las clases y naciones oprimidas para contener la crisis fueron tan duros que para 2010-11 se estaban fusionando las reivindicaciones socioecon\u00f3micas y laborales con las estrictamente pol\u00edticas, abriendo una etapa de movilizaciones que se sumaban a las internacionales. Pero a diferencia de 1968-1978\/82, en 2010, exceptuando meritorios colectivos revolucionarios, no exist\u00eda una izquierda pol\u00edtico-sindical y sociocultural de tal nombre en Estado, y la izquierda abertzale tambi\u00e9n giraba r\u00e1pidamente al pacifismo parlamentario siguiendo el sendero abierto a finales del siglo XIX, readaptado en la d\u00e9cada de 1970 por el eurocomunismo y los reformismos post.<\/p>\n\n\n\n<p>S\u00ed exist\u00edan grupos mayoritariamente j\u00f3venes de la peque\u00f1a burgues\u00eda, de la llamada \u00abclase media\u00bb \u2013fuerza de trabajo con salarios altos\u2013, franjas progres del funcionariado, \u00abtrabajadores de la cultura\u00bb, autoexplotados, etc., golpeados por la crisis y con sus certezas e ilusiones tan destrozadas que ansiaban la luz de un l\u00edder que les prometiese todo sin exigirles militancia revolucionaria alguna. Las clases proletarias, debilitadas desde la d\u00e9cada de 1980 por los reiterados golpes y traiciones del reformismo aguantaban como pod\u00edan en medio de un silenciamiento medi\u00e1tico de sus luchas. La casta intelectual se esforzaba al m\u00e1ximo por demostrar lo indemostrable: que el \u00abciudadano\u00bb hab\u00eda suplantado al proletario y que los derechos nacionales eran resolubles por la monarqu\u00eda militar.<\/p>\n\n\n\n<p>Asist\u00edamos al fin de una larga fase de lucha de clases y al inicio muy dificultoso de otra. El reformismo debe olvidar la historia o tergiversarla tanto que sea imposible extraer de ella lecciones cr\u00edticas. Se nos aseguraba que todo era tan novedoso que los \u00abviejos dogmas\u00bb estaban superados por la frescura del pragmatismo posibilista y del sentido com\u00fan: lo decisivo son los votos y el \u00abjuego parlamentario\u00bb. Contra tanta ceguera, en la coyuntura de 2011 se dieron debates<sup><a href=\"https:\/\/rebelion.org\/organizarse-frente-a-lo-que-se-avecina-i-de-ii\/#sdfootnote8sym\"><sup>8<\/sup><\/a><\/sup>&nbsp;a\u00fan minoritarios sobre la organizaci\u00f3n revolucionaria, cuyo objetivo no es otro que la destrucci\u00f3n del Estado burgu\u00e9s y la creaci\u00f3n del Estado obrero, din\u00e1mica en la que la organizaci\u00f3n ha de combatir contra al menos ocho tremendas fuerzas que sostienen al capital:<\/p>\n\n\n\n<p>1) La credulidad social en las promesas burguesas como efecto del fetichismo y de la alienaci\u00f3n. 2) La efectividad del machismo, del racismo, del opio religioso, etc., para reforzar al capital con su terror material y simb\u00f3lico. 3) La omnipresente manipulaci\u00f3n medi\u00e1tica<sup><a href=\"https:\/\/rebelion.org\/organizarse-frente-a-lo-que-se-avecina-i-de-ii\/#sdfootnote9sym\"><sup>9<\/sup><\/a><\/sup>. 4) Los l\u00edmites de la mera protesta m\u00e1s o menos espont\u00e1nea sin estrategia pol\u00edtica ni sost\u00e9n te\u00f3rico. 5) La capacidad burguesa para pudrir esas luchas en el pantano parlamentario. 6) La tendencia al reformismo burocr\u00e1tico de los partidos parlamentaristas. 7) La tendencia al pactismo economicista del sindicalismo. 8) La efectividad de las multifac\u00e9ticas represiones y violencias del Estado y de la \u00absorda coerci\u00f3n del capital\u00bb.<\/p>\n\n\n\n<p>Fueron debates entonces minoritarios porque a\u00fan se manten\u00edan vivas las esperanzas surgidas al calor de las movilizaciones en 2010\/15 y de las promesas reformistas. La ley del desarrollo desigual y combinado se volvi\u00f3 a demostrar cierta: la prensa burguesa reconoc\u00eda asustada que, por ejemplo, aumentaba el estudio de textos revolucionarios cl\u00e1sicos; en el Estado franc\u00e9s, en 2010 hubo intensas movilizaciones; en Grecia, Syriza parec\u00eda tocar el cielo con los dedos pocos instantes antes de su traici\u00f3n en 2015; en EEUU resurgieron grupos cr\u00edticos; en Euskal Herria se realizaron varias huelgas generales; los resultados electorales de Unidas-Podemos estaban a la vista pero ocultaban un c\u00e1ncer que ya empezaba a pudrirla internamente; en los Pa\u00efsos Catalans el independentismo cobraba fuerza\u2026<\/p>\n\n\n\n<p>Pero los grandes recursos del capital lograron que la desilusi\u00f3n e indiferencia empezaran de nuevo a debilitar a muchos de los movimientos sobre todo all\u00ed donde no exist\u00edan luchas independentistas. Si tras 1982 surgi\u00f3 el \u00abdesencanto\u00bb en la izquierda estatalista, que dej\u00f3 la v\u00eda libre al socio liberalismo del PSOE, a su terrorismo, a su aceptaci\u00f3n de la OTAN\u2026; si fue as\u00ed entonces, ahora, a partir de 2015 la desilusi\u00f3n empez\u00f3 a cundir en las bases al ver c\u00f3mo la burocracia evitaba el choque frontal con la burgues\u00eda. El reformismo blando apoy\u00f3 las Marchas por la Dignidad hasta 2014, a\u00f1o del canto del cisne de la \u00abindignaci\u00f3n\u00bb. Las marchas y otras movilizaciones reflejaban la potencia ciega de las masas no autoorganizadas fuera de la burocracia reformista. En Grecia sucedi\u00f3 lo mismo, por citar un solo ejemplo de c\u00f3mo por s\u00ed mismas las famosas \u00abcondiciones objetivas\u00bb para el estallido de la rebeli\u00f3n apenas sirven de mucho si no van internamente unidas a las no menos c\u00e9lebres \u00abcondiciones subjetivas\u00bb, entre las que destaca la organizaci\u00f3n revolucionaria.<\/p>\n\n\n\n<p>En este contexto, hay que hacer especial menci\u00f3n a tres de los ocho soportes del poder que se recrudecieron desde esa \u00e9poca. El punto 2), el aumento del terror patriarcal, del racismo y de los fascismos, que por otras v\u00edas reforzaban el miedo provocado por el punto 8), las represiones del Estado como la ley Mordaza que paraliza con multas a las ya empobrecidas clases trabajadoras y en especial a su precarizada juventud rebelde, la represi\u00f3n dura sobre Catalunya desde octubre de 2017, etc\u00e9tera.<\/p>\n\n\n\n<p>Y el punto 5) va cobrando fuerza conforme la corrupci\u00f3n hist\u00f3rico-estructural golpea al bloque de clases dominante sobre todo en Madrid, pero tambi\u00e9n en Catalunya, Euskal Herria, Castilla, Andaluc\u00eda\u2026 Se dice que el llamado \u00abr\u00e9gimen del \u201878\u00bb est\u00e1 en crisis, cuando en realidad ocurre que el capitalismo espa\u00f1ol vuelve a estar en riesgo de desplome. La insistencia en la crisis del \u00abr\u00e9gimen del \u201878\u00bb desv\u00eda a las clases y naciones explotadas del verdadero problema, enga\u00f1\u00e1ndolas para amansarlas en el redil parlamentario. La monarqu\u00eda militar se asfixia en su inmoralidad, y el Partido Podrido deja el gobierno en verano de 2018. El reformismo se lanza a crear esperanzas en el Parlamento como v\u00eda \u00fanica para superar el \u00abr\u00e9gimen del \u201878\u00bb y mediante una \u00absegunda transici\u00f3n\u00bb construir una \u00abdemocracia plena\u00bb.<\/p>\n\n\n\n<p>A inicios de 2020 se constituye el gobierno PSOE-UP y los reformismos, tambi\u00e9n los soberanistas, se lanzan a salvar la democracia espa\u00f1ola ante el peligro fascista al alza. Una facci\u00f3n del capital ha logrado as\u00ed recuperar el poder del gobierno para defender sus intereses cuando, como hemos visto, la tercera Gran Depresi\u00f3n vuelve a agravarse desde 2016. Y al muy poco tiempo, estalla la pandemia. Para entonces las bases con visi\u00f3n estatalista estaban desactivadas en casi todas las luchas pr\u00e1cticas, limit\u00e1ndose a votar cuando sonase la campana, y de la peque\u00f1a y honrosa izquierda estatal se escinde una ramita nacionalista que niega o restringe al m\u00e1ximo los derechos de los pueblos no espa\u00f1oles, y hasta niega Euskal Herria, Pa\u00efsos Catalans, Galiza\u2026 seamos naciones: s\u00f3lo existe Espa\u00f1a. Se retrocede as\u00ed al nacionalismo republicano del PC de Espa\u00f1a triunfante desde la primavera de 1937.<\/p>\n\n\n\n<p>Pero Catalunya resiste la represi\u00f3n; Euskal Herria comienza a recuperar la izquierda que no se ha pacificado; colectivos que luchan por los derechos de Galiza, Andaluc\u00eda, Castilla y otros pueblos responden de diversos modos, algunos desaparecen de facto, pero otros son capaces de iniciar debates internacionalistas cortados bruscamente por la pandemia y ahora recuperados. Y en barrios empobrecidos<sup><a href=\"https:\/\/rebelion.org\/organizarse-frente-a-lo-que-se-avecina-i-de-ii\/#sdfootnote10sym\"><sup>10<\/sup><\/a><\/sup>&nbsp;y precarizados resurgen resistencias pese a la dura represi\u00f3n: la propaganda primero las oculta, luego intenta desacreditarlas como negacionistas, delincuentes e irresponsables. El polivalente arsenal represivo, el fervor medi\u00e1tico y la pusilanimidad reformista imponen un clima de pasividad con dosis de colaboracionismo delator del pueblo contra s\u00ed mismo. Se infunde miedo e insolidaridad. A la derecha se le permite saltarse sus propias leyes, que, a su vez, machacan a los y las proletarias con el visto bueno del \u00abgobierno progresista\u00bb. Las elecciones auton\u00f3micas en Vascongadas, Galiza y Catalunya muestran diferencias con la media estatal, y la abstenci\u00f3n muestra el hast\u00edo cr\u00edtico de sectores populares.<\/p>\n\n\n\n<p>Al desastre econ\u00f3mico causado por la impotencia de la burocracia estatal para superar la pandemia se le suma la crisis que volv\u00eda a agravarse desde antes de 2020 de modo que, otra vez, ulula el fantasma del desplome espa\u00f1ol en la jerarqu\u00eda imperialista. Pero a diferencia del p\u00e1nico de los \u201970 y de 2007, ahora el contexto mundial es otro. El FMI ven\u00eda advirtiendo desde al menos 2015 que las crecientes desigualdades lastraban la econom\u00eda y con ella se multiplicaba el riesgo de estallidos sociales, como ya ocurr\u00eda. Sus advertencias fueron cada vez m\u00e1s alarmantes hasta la de comienzos de 2021: hay que suavizar algo insustancial del neoliberalismo y conceder alguna \u00abjusticia social\u00bb para salvar Occidente, amenazado tambi\u00e9n por el auge euroasi\u00e1tico.<\/p>\n\n\n\n<p>Pese a sus diferencias, los planes de EEUU y Bruselas para evitar el desastre tienen en com\u00fan: una intensa propaganda en la nueva \u00abera de justicia\u00bb para recuperar la credulidad pasiva de las clases explotadas; una gigantesca inversi\u00f3n p\u00fablica a fondo perdido en nuevas tecnolog\u00edas e infraestructuras b\u00e1sicas que beneficiar\u00e1n a la gran burgues\u00eda<sup><a href=\"https:\/\/rebelion.org\/organizarse-frente-a-lo-que-se-avecina-i-de-ii\/#sdfootnote11sym\"><sup>11<\/sup><\/a><\/sup>&nbsp;y a la casta militar-polic\u00edaca sobre todo en EEUU<sup><a href=\"https:\/\/rebelion.org\/organizarse-frente-a-lo-que-se-avecina-i-de-ii\/#sdfootnote12sym\"><sup>12<\/sup><\/a><\/sup>; una adaptaci\u00f3n del sistema educativo y pol\u00edtico para crear una fuerza de trabajo altamente productiva y obediente; un ligero aumento del control del fraude fiscal, del lavado de dinero, de los privilegios de las grandes corporaciones y de los para\u00edsos fiscales; un impulso limitado al capitalismo verde; un control m\u00e1s estricto de los Estados d\u00e9biles para que obedezcan a los fuertes; un intenso desprestigio de Eurasia y una potenciaci\u00f3n del occidentalismo para justificar la provocaci\u00f3n de guerras locales y regionales de saqueo, y normalizar el clima de terror subyacente si se endurece la tercera guerra fr\u00eda<sup><a href=\"https:\/\/rebelion.org\/organizarse-frente-a-lo-que-se-avecina-i-de-ii\/#sdfootnote13sym\"><sup>13<\/sup><\/a><\/sup>&nbsp;con Eurasia.<\/p>\n\n\n\n<p>La derecha sabe que si parte de esos planes llegan al Estado, se esfumar\u00e1n muchas de sus posibilidades de llegar al gobierno, por eso hace de las elecciones auton\u00f3micas de Madrid la punta de lanza para derribar al PSOE. Este se gu\u00eda por una estrategia centrada en obedecer a Bruselas para recibir esa masa de euros que modernizar\u00e1n el capitalismo espa\u00f1ol seg\u00fan dicen; negociar con los apoyos reformistas algunas medidas que contenga el empobrecimiento galopante para desactivar previsibles protestas populares; negociar con las burgues\u00edas regionalistas el reparto de un trozo del pastel europeo para evitar que giren hacia el PP; reintroducir a Catalunya en la democracia espa\u00f1ola suavizando un poquito la represi\u00f3n con los indultos y gan\u00e1ndose a la peque\u00f1a burgues\u00eda con otro trocito; fortalecer el gobierno y la monarqu\u00eda militar para, en su momento, aplicar las severas restricciones negociadas en secreto con Bruselas; rearmar<sup><a href=\"https:\/\/rebelion.org\/organizarse-frente-a-lo-que-se-avecina-i-de-ii\/#sdfootnote14sym\"><sup>14<\/sup><\/a><\/sup>&nbsp;al ej\u00e9rcito y fortalecer su papel en la OTAN; y ver la posibilidad de echar a Unidas-Podemos agradeci\u00e9ndole sus servicios al rey y a la patria. Entre otros principios irrenunciables destacan la negativa fan\u00e1tica a todo refer\u00e9ndum y a toda Amnist\u00eda.<\/p>\n\n\n\n<p>Por ahora parece que se est\u00e1n logrando los objetivos fundamentales: la burgues\u00eda feliz porque sabe que se va a quedar con la mejor parte de la tarta, la Iglesia comprada como Judas con las treinta monedas de las inmatriculaciones, el Ej\u00e9rcito contento con el rearme<sup><a href=\"https:\/\/rebelion.org\/organizarse-frente-a-lo-que-se-avecina-i-de-ii\/#sdfootnote15sym\"><sup>15<\/sup><\/a><\/sup>, y hasta el rey para agradecer el trato exquisito que recibe su padre, han aceptado los indultos, dejando en rid\u00edculo a la derecha; las fuerzas soberanistas reiteran una y mil veces su \u00abcompromiso con la democracia\u00bb; Bruselas empieza a abrir el grifo de euros y el gobierno guarda silencio sobre las condiciones de pago de la deuda, tambi\u00e9n silencia las nuevas claudicaciones ante la OTAN y las bases yanquis; retrasa todo lo posible las reformas tantas veces prometidas<sup><a href=\"https:\/\/rebelion.org\/organizarse-frente-a-lo-que-se-avecina-i-de-ii\/#sdfootnote16sym\"><sup>16<\/sup><\/a><\/sup>&nbsp;como inmediatas y urgentes como los desahucios<sup><a href=\"https:\/\/rebelion.org\/organizarse-frente-a-lo-que-se-avecina-i-de-ii\/#sdfootnote17sym\"><sup>17<\/sup><\/a><\/sup>; se nota la recuperaci\u00f3n econ\u00f3mica del efecto rebote aunque se centre en los servicios y apenas en la industria; las resistencias obreras y populares est\u00e1n tardando un tiempo en reactivarse si tomamos como referencia la oleada de 2010\/15.<\/p>\n\n\n\n<p>El gobierno espera que el rebote econ\u00f3mico, la lluvia de euros, la represi\u00f3n, la propaganda y el reformismo, apaguen las chispas sociales antes de que se propaguen como incendios. Para reforzar la imagen de una seriedad y visi\u00f3n estrat\u00e9gica que no existe en la derecha, el PSOE ha publicitado su Espa\u00f1a 2050<sup><a href=\"https:\/\/rebelion.org\/organizarse-frente-a-lo-que-se-avecina-i-de-ii\/#sdfootnote18sym\"><sup>18<\/sup><\/a><\/sup>&nbsp;astutamente ambiguo en su contenido que el vocero oficioso del socialiberalismo ya ha empezada a escribir ditirambos y sugerencias \u00abcr\u00edticas\u00bb para reforzar la precampa\u00f1a electoral. Uno de sus objetivos es que estas medidas, la represi\u00f3n<sup><a href=\"https:\/\/rebelion.org\/organizarse-frente-a-lo-que-se-avecina-i-de-ii\/#sdfootnote19sym\"><sup>19<\/sup><\/a><\/sup>&nbsp;sobre todo, impidan el crecimiento de organizaciones revolucionarias y dificulten la aparici\u00f3n otras nuevas. Como hemos visto, el problema de la organizaci\u00f3n es ahora m\u00e1s grave que en 1882, en especial para las naciones oprimidas, tema que trataremos en el siguiente art\u00edculo.<\/p>\n\n\n\n<p>EUSKAL HERRIA, 24 de junio de 2021<\/p>\n\n\n\n<p><a href=\"https:\/\/rebelion.org\/organizarse-frente-a-lo-que-se-avecina-i-de-ii\/#sdfootnote1anc\">1<\/a>&nbsp;Engels:&nbsp;<em>Carta a Bernstein<\/em>&nbsp;del 28 de noviembre de 1882. AA.VV.:&nbsp;<em>Teor\u00eda marxista del partido pol\u00edtico<\/em>. PyP. N\u00ba 7. C\u00f3rdoba. 1971. p.: 129.<\/p>\n\n\n\n<p><a href=\"https:\/\/rebelion.org\/organizarse-frente-a-lo-que-se-avecina-i-de-ii\/#sdfootnote2anc\">2<\/a>&nbsp;<a href=\"https:\/\/kaosenlared.net\/algunas-notas-sobre-la-situacion-de-la-economia-mundial\/\">https:\/\/kaosenlared.net\/algunas-notas-sobre-la-situacion-de-la-economia-mundial\/<\/a><\/p>\n\n\n\n<p><a href=\"https:\/\/rebelion.org\/organizarse-frente-a-lo-que-se-avecina-i-de-ii\/#sdfootnote3anc\">3<\/a>&nbsp;<a href=\"https:\/\/diario-octubre.com\/2021\/06\/19\/el-capitalismo-mundial-se-dirige-hacia-una-etapa-prolongada-de-inflacion-y-estancamiento\/\">https:\/\/diario-octubre.com\/2021\/06\/19\/el-capitalismo-mundial-se-dirige-hacia-una-etapa-prolongada-de-inflacion-y-estancamiento\/<\/a><\/p>\n\n\n\n<p><a href=\"https:\/\/rebelion.org\/organizarse-frente-a-lo-que-se-avecina-i-de-ii\/#sdfootnote4anc\">4<\/a>&nbsp;<a href=\"https:\/\/www.wsws.org\/es\/articles\/2021\/06\/24\/ineq-j24.html\">https:\/\/www.wsws.org\/es\/articles\/2021\/06\/24\/ineq-j24.html<\/a><\/p>\n\n\n\n<p><a href=\"https:\/\/rebelion.org\/organizarse-frente-a-lo-que-se-avecina-i-de-ii\/#sdfootnote5anc\">5<\/a>&nbsp;<a href=\"http:\/\/www.elcaptor.com\/economia\/quince-evidencias-economicas-no-se-debian-olvidar\">http:\/\/www.elcaptor.com\/economia\/quince-evidencias-economicas-no-se-debian-olvidar<\/a><\/p>\n\n\n\n<p><a href=\"https:\/\/rebelion.org\/organizarse-frente-a-lo-que-se-avecina-i-de-ii\/#sdfootnote6anc\">6<\/a>&nbsp;<a href=\"https:\/\/www.sinpermiso.info\/textos\/el-escenario-severo-del-banco-de-espana-y-que-su-nota-informativa-calla-una-deuda-publica-del-1226-y\">https:\/\/www.sinpermiso.info\/textos\/el-escenario-severo-del-banco-de-espana-y-que-su-nota-informativa-calla-una-deuda-publica-del-1226-y<\/a><\/p>\n\n\n\n<p><a href=\"https:\/\/rebelion.org\/organizarse-frente-a-lo-que-se-avecina-i-de-ii\/#sdfootnote7anc\">7<\/a>&nbsp;<a href=\"https:\/\/rebelion.org\/la-monarquia-militar-como-obstaculo\/\">https:\/\/rebelion.org\/la-monarquia-militar-como-obstaculo\/<\/a><\/p>\n\n\n\n<p><a href=\"https:\/\/rebelion.org\/organizarse-frente-a-lo-que-se-avecina-i-de-ii\/#sdfootnote8anc\">8<\/a>&nbsp;V\u00e9ase:&nbsp;<a href=\"https:\/\/www.lahaine.org\/est_espanol.php\/ipor-que-y-como-debemos-organizarnos\">https:\/\/www.lahaine.org\/est_espanol.php\/ipor-que-y-como-debemos-organizarnos<\/a><\/p>\n\n\n\n<p>y&nbsp;<a href=\"https:\/\/www.lahaine.org\/est_espanol.php\/ipara-que-y-como-debemos-organizarnos-y\">https:\/\/www.lahaine.org\/est_espanol.php\/ipara-que-y-como-debemos-organizarnos-y<\/a><\/p>\n\n\n\n<p><a href=\"https:\/\/rebelion.org\/organizarse-frente-a-lo-que-se-avecina-i-de-ii\/#sdfootnote9anc\">9<\/a>&nbsp;<a href=\"https:\/\/mpr21.info\/la-policia-espanola-esta-infiltrada-abiertamente-en-todos-los-medios-de-prensa\/\">https:\/\/mpr21.info\/la-policia-espanola-esta-infiltrada-abiertamente-en-todos-los-medios-de-prensa\/<\/a><\/p>\n\n\n\n<p><a href=\"https:\/\/rebelion.org\/organizarse-frente-a-lo-que-se-avecina-i-de-ii\/#sdfootnote10anc\">10<\/a>&nbsp;<a href=\"https:\/\/rebelion.org\/espana-segundo-pais-de-la-ue-con-mayor-pobreza-infantil\/\">https:\/\/rebelion.org\/espana-segundo-pais-de-la-ue-con-mayor-pobreza-infantil\/<\/a><\/p>\n\n\n\n<p><a href=\"https:\/\/rebelion.org\/organizarse-frente-a-lo-que-se-avecina-i-de-ii\/#sdfootnote11anc\">11<\/a>&nbsp;<a href=\"https:\/\/rebelion.org\/empresas-del-ibex-35-serian-las-grandes-beneficiarias-de-los-fondos-de-reconstruccion-europeos\/\">https:\/\/rebelion.org\/empresas-del-ibex-35-serian-las-grandes-beneficiarias-de-los-fondos-de-reconstruccion-europeos\/<\/a><\/p>\n\n\n\n<p><a href=\"https:\/\/rebelion.org\/organizarse-frente-a-lo-que-se-avecina-i-de-ii\/#sdfootnote12anc\">12<\/a>&nbsp;<a href=\"https:\/\/www.resumenlatinoamericano.org\/2021\/06\/21\/estados-unidos-desesperado-intento-de-revertir-el-ingente-desarrollo-chino\/\">https:\/\/www.resumenlatinoamericano.org\/2021\/06\/21\/estados-unidos-desesperado-intento-de-revertir-el-ingente-desarrollo-chino\/<\/a><\/p>\n\n\n\n<p><a href=\"https:\/\/rebelion.org\/organizarse-frente-a-lo-que-se-avecina-i-de-ii\/#sdfootnote13anc\">13<\/a>&nbsp;<a href=\"https:\/\/www.lahaine.org\/mundo.php\/encuentro-putin-biden-mas-parecido\">https:\/\/www.lahaine.org\/mundo.php\/encuentro-putin-biden-mas-parecido<\/a><\/p>\n\n\n\n<p><a href=\"https:\/\/rebelion.org\/organizarse-frente-a-lo-que-se-avecina-i-de-ii\/#sdfootnote14anc\">14<\/a>&nbsp;<a href=\"https:\/\/canarias-semanal.org\/art\/29967\/los-30000-desahucios-del-gobierno-mas-progresista-de-la-historia-durante-el-2020\">https:\/\/canarias-semanal.org\/art\/29967\/los-30000-desahucios-del-gobierno-mas-progresista-de-la-historia-durante-el-2020<\/a><\/p>\n\n\n\n<p><a href=\"https:\/\/rebelion.org\/organizarse-frente-a-lo-que-se-avecina-i-de-ii\/#sdfootnote15anc\">15<\/a>&nbsp;<a href=\"https:\/\/canarias-semanal.org\/art\/30297\/el-estado-espanol-destina-mas-de-30000-millones-a-gasto-militar-y-de-control-social\">https:\/\/canarias-semanal.org\/art\/30297\/el-estado-espanol-destina-mas-de-30000-millones-a-gasto-militar-y-de-control-social<\/a><\/p>\n\n\n\n<p><a href=\"https:\/\/rebelion.org\/organizarse-frente-a-lo-que-se-avecina-i-de-ii\/#sdfootnote16anc\">16<\/a>&nbsp;<a href=\"https:\/\/www.izquierdadiario.es\/El-Gobierno-alarga-la-edad-de-jubilacion-mientras-crece-el-desempleo-juvenil-esa-no-es-la-salida\">https:\/\/www.izquierdadiario.es\/El-Gobierno-alarga-la-edad-de-jubilacion-mientras-crece-el-desempleo-juvenil-esa-no-es-la-salida<\/a>&nbsp;Tambi\u00e9n:&nbsp;<a href=\"https:\/\/insurgente.org\/la-mochila-austriaca-otra-quita-de-derechos-a-los-trabajadores\/\">https:\/\/insurgente.org\/la-mochila-austriaca-otra-quita-de-derechos-a-los-trabajadores\/<\/a><\/p>\n\n\n\n<p><a href=\"https:\/\/rebelion.org\/organizarse-frente-a-lo-que-se-avecina-i-de-ii\/#sdfootnote17anc\">17<\/a>&nbsp;<a href=\"https:\/\/canarias-semanal.org\/art\/29967\/los-30000-desahucios-del-gobierno-mas-progresista-de-la-historia-durante-el-2020\">https:\/\/canarias-semanal.org\/art\/29967\/los-30000-desahucios-del-gobierno-mas-progresista-de-la-historia-durante-el-2020<\/a><\/p>\n\n\n\n<p><a href=\"https:\/\/rebelion.org\/organizarse-frente-a-lo-que-se-avecina-i-de-ii\/#sdfootnote18anc\">18<\/a>&nbsp;<a href=\"https:\/\/elpais.com\/opinion\/2021-05-21\/luces-largas.html\">https:\/\/elpais.com\/opinion\/2021-05-21\/luces-largas.html<\/a><\/p>\n\n\n\n<p><a href=\"https:\/\/rebelion.org\/organizarse-frente-a-lo-que-se-avecina-i-de-ii\/#sdfootnote19anc\">19<\/a>&nbsp;<a href=\"https:\/\/www.elsaltodiario.com\/asturias\/condenan-a-tres-anos-y-medio-de-carcel-a-siete-sindicalistas-de-la-cnt-por-concentraciones-delante-de-la-pasteleria-suiza-de-gijon\">https:\/\/www.elsaltodiario.com\/asturias\/condenan-a-tres-anos-y-medio-de-carcel-a-siete-sindicalistas-de-la-cnt-por-concentraciones-delante-de-la-pasteleria-suiza-de-gijon<\/a><\/p>\n","protected":false},"excerpt":{"rendered":"<p>I\u00f1aki Gil de San Vicente Fuente: Rebeli\u00f3n \u00abHallarse por un momento en minor\u00eda con un programa correcto \u2013en tanto organizaci\u00f3n\u2013 es mejor que tener un gran n\u00famero de seguidores, que s\u00f3lo nominalmente pueden ser considerados como partidarios\u00bb1 La pandemia cort\u00f3 de ra\u00edz un proceso de debates internacionalistas entre izquierdas de naciones oprimidas que avanzaba poco [&hellip;]<\/p>\n","protected":false},"author":1,"featured_media":1005,"comment_status":"open","ping_status":"open","sticky":false,"template":"","format":"standard","meta":{"footnotes":""},"categories":[4],"tags":[],"_links":{"self":[{"href":"http:\/\/www.movimientocaamanista.com\/index.php?rest_route=\/wp\/v2\/posts\/4839"}],"collection":[{"href":"http:\/\/www.movimientocaamanista.com\/index.php?rest_route=\/wp\/v2\/posts"}],"about":[{"href":"http:\/\/www.movimientocaamanista.com\/index.php?rest_route=\/wp\/v2\/types\/post"}],"author":[{"embeddable":true,"href":"http:\/\/www.movimientocaamanista.com\/index.php?rest_route=\/wp\/v2\/users\/1"}],"replies":[{"embeddable":true,"href":"http:\/\/www.movimientocaamanista.com\/index.php?rest_route=%2Fwp%2Fv2%2Fcomments&post=4839"}],"version-history":[{"count":1,"href":"http:\/\/www.movimientocaamanista.com\/index.php?rest_route=\/wp\/v2\/posts\/4839\/revisions"}],"predecessor-version":[{"id":4840,"href":"http:\/\/www.movimientocaamanista.com\/index.php?rest_route=\/wp\/v2\/posts\/4839\/revisions\/4840"}],"wp:featuredmedia":[{"embeddable":true,"href":"http:\/\/www.movimientocaamanista.com\/index.php?rest_route=\/wp\/v2\/media\/1005"}],"wp:attachment":[{"href":"http:\/\/www.movimientocaamanista.com\/index.php?rest_route=%2Fwp%2Fv2%2Fmedia&parent=4839"}],"wp:term":[{"taxonomy":"category","embeddable":true,"href":"http:\/\/www.movimientocaamanista.com\/index.php?rest_route=%2Fwp%2Fv2%2Fcategories&post=4839"},{"taxonomy":"post_tag","embeddable":true,"href":"http:\/\/www.movimientocaamanista.com\/index.php?rest_route=%2Fwp%2Fv2%2Ftags&post=4839"}],"curies":[{"name":"wp","href":"https:\/\/api.w.org\/{rel}","templated":true}]}}