{"id":4952,"date":"2021-07-27T22:16:37","date_gmt":"2021-07-27T22:16:37","guid":{"rendered":"http:\/\/www.movimientocaamanista.com\/?p=4952"},"modified":"2021-07-27T22:16:38","modified_gmt":"2021-07-27T22:16:38","slug":"26-de-julio-el-asalto-al-cuartel-moncada-en-la-historia-y-el-presente-mundial","status":"publish","type":"post","link":"http:\/\/www.movimientocaamanista.com\/?p=4952","title":{"rendered":"26 DE JULIO:   EL ASALTO AL CUARTEL MONCADA EN LA HISTORIA Y EL PRESENTE MUNDIAL"},"content":{"rendered":"\n<p>Una gran herej\u00eda seguida de m\u00faltiples haza\u00f1as.<\/p>\n\n\n\n<p>El asalto al Cuartel Moncada, un 26 de Julio del 1953, en  plena tiran\u00eda batistiana,  tiene el car\u00e1cter de una heroica herej\u00eda que subvirti\u00f3 el conservadurismo y el dogmatismo predominante en las izquierdas continentales de aquellos tiempos.<\/p>\n\n\n\n<p>Sus protagonistas, con Fidel al mando, tuvieron el valor extraordinario de atreverse a consumar una haza\u00f1a a riesgo de ser derrotados militarmente,  para inmediatamente despu\u00e9s transformar  el rev\u00e9s en victoria pol\u00edtica.<br> Esa  audaz acci\u00f3n  tuvo el  valor de vencer el miedo colectivo impuesto por el terror.<\/p>\n\n\n\n<p>El inmenso valor de la herej\u00eda pol\u00edtica consistente, no solo en asumir la lucha armada en  situaciones revolucionarias cl\u00e1sicas, sino tambi\u00e9n como intr\u00e9pido accionar capaz estremecer la tiran\u00eda y desatar procesos redentores in\u00e9ditos.<\/p>\n\n\n\n<p>Ese acontecimiento ejemplar abri\u00f3 un ciclo revolucionario en Cuba y en nuestra Am\u00e9rica que todav\u00eda perdura.<\/p>\n\n\n\n<p>A esa gran herej\u00eda revolucionaria le han sucedido m\u00faltiples haza\u00f1as cruzadas por la audacia, la firmeza y la creatividad revolucionaria: el desembarco del Granma, la Guerra de Guerrillas en Sierra Maestra, la huelga general, la toma de Santa Clara con el Che y Camilo al frente, la entrada triunfal de Fidel a la Habana, la derrota de la invasi\u00f3n mercenaria de Playa  Gir\u00f3n, el desaf\u00edo en ocasi\u00f3n de la crisis de los cohetes en aquel octubre.<\/p>\n\n\n\n<p>La reforma agraria, la reforma urbana, la siembra de socialismo, la lucha contra el racismo, el fin del analfabetismo, el fin del negocio con la salud y la educaci\u00f3n; salud, educaci\u00f3n y deporte gratuitos  para todos y todas; el fin  de las enormes desigualdades sociales, los extraordinarios avances cient\u00edficos y culturales, la larga resistencia al bloqueo y al terrorismo exportado por la CIA\u2026<\/p>\n\n\n\n<p>Las expediciones libertarias a \u00c1frica y el respaldo a los pueblos en lucha en Asia, \u00c1frica y Am\u00e9rica Latina.<\/p>\n\n\n\n<p>La sin par decisi\u00f3n de no derrumbarse cuando otros, con mucho m\u00e1s poder, se derrumbaban. El periodo especial para sobrevivir al embargo reforzado, las vacunas Abdala y Soberana, las brigadas internacionalistas de salud.<\/p>\n\n\n\n<p>Todo eso naci\u00f3 un 26 de Julio, 68 a\u00f1os atr\u00e1s.<\/p>\n\n\n\n<p>Gracias Cuba. <\/p>\n\n\n\n<p>Gracias Fidel, Ra\u00fal, Camilo,  Che, Vilma, Frank, Celia, Comandante Barba Roja, Haydee\u2026<\/p>\n\n\n\n<p>Gracias por el ejemplo y sobre todo por seguir de pie.<\/p>\n\n\n\n<p>Gracias a sus continuadores.<\/p>\n\n\n\n<p>Los pueblos del mundo, el nuestro tambi\u00e9n, les agradecen \u201cpalabras en acci\u00f3n y hechos que cantan\u201d.<\/p>\n\n\n\n<p>Estaremos junto a ustedes, en las mismas trincheras del honor.<\/p>\n\n\n\n<p>                                         \u00a1HASTA LA VICTORIA SIEMPRE!<\/p>\n\n\n\n<p style=\"text-align:center\">Por la COORDINACI\u00d3N CENTRAL del Movimiento Caama\u00f1ista (MC):<\/p>\n\n\n\n<p style=\"text-align:center\">Narciso Isa Conde, Elisabeth Mej\u00eda, Ra\u00fal Guerrero Y Rafael F\u00e9lix<\/p>\n","protected":false},"excerpt":{"rendered":"<p>Una gran herej\u00eda seguida de m\u00faltiples haza\u00f1as. El asalto al Cuartel Moncada, un 26 de Julio del 1953, en plena tiran\u00eda batistiana, tiene el car\u00e1cter de una heroica herej\u00eda que subvirti\u00f3 el conservadurismo y el dogmatismo predominante en las izquierdas continentales de aquellos tiempos. Sus protagonistas, con Fidel al mando, tuvieron el valor extraordinario de [&hellip;]<\/p>\n","protected":false},"author":1,"featured_media":4953,"comment_status":"open","ping_status":"open","sticky":false,"template":"","format":"standard","meta":{"footnotes":""},"categories":[20,24,5,16],"tags":[],"_links":{"self":[{"href":"http:\/\/www.movimientocaamanista.com\/index.php?rest_route=\/wp\/v2\/posts\/4952"}],"collection":[{"href":"http:\/\/www.movimientocaamanista.com\/index.php?rest_route=\/wp\/v2\/posts"}],"about":[{"href":"http:\/\/www.movimientocaamanista.com\/index.php?rest_route=\/wp\/v2\/types\/post"}],"author":[{"embeddable":true,"href":"http:\/\/www.movimientocaamanista.com\/index.php?rest_route=\/wp\/v2\/users\/1"}],"replies":[{"embeddable":true,"href":"http:\/\/www.movimientocaamanista.com\/index.php?rest_route=%2Fwp%2Fv2%2Fcomments&post=4952"}],"version-history":[{"count":1,"href":"http:\/\/www.movimientocaamanista.com\/index.php?rest_route=\/wp\/v2\/posts\/4952\/revisions"}],"predecessor-version":[{"id":4954,"href":"http:\/\/www.movimientocaamanista.com\/index.php?rest_route=\/wp\/v2\/posts\/4952\/revisions\/4954"}],"wp:featuredmedia":[{"embeddable":true,"href":"http:\/\/www.movimientocaamanista.com\/index.php?rest_route=\/wp\/v2\/media\/4953"}],"wp:attachment":[{"href":"http:\/\/www.movimientocaamanista.com\/index.php?rest_route=%2Fwp%2Fv2%2Fmedia&parent=4952"}],"wp:term":[{"taxonomy":"category","embeddable":true,"href":"http:\/\/www.movimientocaamanista.com\/index.php?rest_route=%2Fwp%2Fv2%2Fcategories&post=4952"},{"taxonomy":"post_tag","embeddable":true,"href":"http:\/\/www.movimientocaamanista.com\/index.php?rest_route=%2Fwp%2Fv2%2Ftags&post=4952"}],"curies":[{"name":"wp","href":"https:\/\/api.w.org\/{rel}","templated":true}]}}