{"id":4956,"date":"2021-07-27T22:28:35","date_gmt":"2021-07-27T22:28:35","guid":{"rendered":"http:\/\/www.movimientocaamanista.com\/?p=4956"},"modified":"2021-07-27T22:28:37","modified_gmt":"2021-07-27T22:28:37","slug":"anuncian-caravanas-solidarias-jacques-viau-renaud-en-apoyo-a-la-lucha-del-pueblo-haitiano-y-en-defensa-de-su-soberania","status":"publish","type":"post","link":"http:\/\/www.movimientocaamanista.com\/?p=4956","title":{"rendered":"ANUNCIAN CARAVANAS SOLIDARIAS \u201cJACQUES VIAU RENAUD\u201d EN APOYO A LA LUCHA DEL PUEBLO HAITIANO Y EN DEFENSA DE SU SOBERAN\u00cdA"},"content":{"rendered":"\n<figure class=\"wp-block-embed-youtube wp-block-embed is-type-video is-provider-youtube wp-embed-aspect-16-9 wp-has-aspect-ratio\"><div class=\"wp-block-embed__wrapper\">\n<iframe loading=\"lazy\" title=\"Anuncian Caravanas Solidarias en apoyo al Pueblo Haitiano | John Guillot TV\" width=\"640\" height=\"360\" src=\"https:\/\/www.youtube.com\/embed\/VJfC0GdWX5g?feature=oembed\" frameborder=\"0\" allow=\"accelerometer; autoplay; clipboard-write; encrypted-media; gyroscope; picture-in-picture\" allowfullscreen><\/iframe>\n<\/div><\/figure>\n\n\n\n<p>Un conjunto de organizaciones anunci\u00f3 hoy la realizaci\u00f3n de sendas caravanas simult\u00e1neas de solidaridad y hermandad con el pueblo haitiano y su lucha por una salida soberana a la crisis sociopol\u00edtica y estructural que vive el pa\u00eds, la cual se ha agravado tras el magnicidio del ex presidente de facto Jovenel Mo\u00cfse.<\/p>\n\n\n\n<p>Las caravanas se realizaran el pr\u00f3ximo s\u00e1bado 31 de julio y partir\u00e1n de manera simult\u00e1nea a las 6.00 de\u00a0 la ma\u00f1ana desde el Parque Enriquillo en Santo Domingo y el Monumento a los H\u00e9roes de la Restauraci\u00f3n en Santiago para arribar a las puertas fronterizas de Jiman\u00ed y Dajab\u00f3n alrededor de la una de la tarde,\u00a0 donde habr\u00e1 un abrazo solidario entre las comitivas de ambos pueblos, se entregaran MANIFIESTOS DE LA HERMANDAD a delegaciones de los movimientos sociales\u00a0 \u00a0populares haitianos que resisten la violencia de Estado, las masacres, la intromisi\u00f3n externa, la corrupci\u00f3n y la descomposici\u00f3n institucional, que mantiene a la sociedad haitiana desolada en medio de la desigualdad social y la pobreza extrema.<\/p>\n\n\n\n<p>El recorrido tambi\u00e9n ser\u00e1 en contra del muro del apartheid que construye el Gobierno Dominicano en la frontera con Hait\u00ed, y por lo contrario plantean una pol\u00edtica migratoria transparente y la promoci\u00f3n de la cooperaci\u00f3n econ\u00f3mica y social para beneficio de los pueblos y no exclusivamente para el enriquecimiento de las antipopulares oligarqu\u00edas de ambos pa\u00edses.<\/p>\n\n\n\n<p>\u201cDEJEN QUE HAIT\u00cd DECIDA\u201d, es la consigna principal de las caravanas que llevaran el nombre del H\u00e9roe Constitucionalista, JACQUES VIAU RENAUD y estar\u00e1n dedicadas a los h\u00e9roes y hero\u00ednas de la Guerra Restauradora dominicana organizada desde suelo haitiano, as\u00ed como a los m\u00e1rtires constitucionalistas del Comando Haitiano, que ofrendaron su sangre por la soberan\u00eda dominicana en 1965 contra la intervenci\u00f3n militar imperialista de Estados Unidos.\u00a0<\/p>\n\n\n\n<p>Porque amor con amor se paga, los trabajadores y sus organizaciones no nos dejaremos chantajear, ni hacer esclavos de la ignorancia y prejuicios con los que las elites de ambos lados de la Isla nos aplastan y se lucran econ\u00f3mica y pol\u00edticamente. Hoy, cuando desde el 2018 el pueblo haitiano se bate en las calles en medio de movilizaciones multitudinarias demandando su derecho a la autodeterminaci\u00f3n, sin m\u00e1s armas que su dignidad y coraje, es nuestro deber mostrar nuestra hermandad de clase y solidaridad incondicional cueste lo cueste, afirmaron las organizaciones.<\/p>\n\n\n\n<p>Los grupos mostraron su rechazo a la injerencia de EEUU, Francia, Canad\u00e1, la OEA, ONU y el CORE GROUP completo y expresaron su solidaridad con las organizaciones sociales y pol\u00edticas del pueblo haitiano movilizado que abogan por un gran consenso nacional para una transici\u00f3n democr\u00e1tica y estructural que ponga las bases soberanas para un desarrollo incluyente donde haitianas y haitianos puedan vivir con dignidad, sin tutela externa, sin corrupci\u00f3n y sin violencia.<\/p>\n\n\n\n<p>Los organizadores dijeron que las caravanas son tambi\u00e9n una contribuci\u00f3n a la recuperaci\u00f3n de la memoria hist\u00f3rica de dos pueblos que resisten. En las rutas sur y norte se realizar\u00e1n paradas en diferentes puntos como Ban\u00ed, Azua, Tamayo, Batey 4, Neiba, Los R\u00edos, Navarrete, Esperanza, Villa V\u00e1zquez, Monte Cristi para intercambiar con activistas comunitarios de esas poblaciones y promover el mensaje de solidaridad y hermandad. En varios puntos de ambos trayectos se har\u00e1n breves homenajes al cacique Guarocuya (Enriquillo), los cimarrones Sebasti\u00e1n Lemba y Ana Mar\u00eda (Rebeli\u00f3n Nigua), M\u00e1ximo G\u00f3mez- Jos\u00e9 Mart\u00ed, en Montecristi, y al padre Pedro Ruquoy (deportado por su defensa los empobrecidos de los Bateyes); s\u00edmbolos de la resistencia y la hermandad dominico-haitiana y caribe\u00f1a.<\/p>\n\n\n\n<p style=\"text-align:center\">FIRMADO<\/p>\n\n\n\n<p style=\"text-align:center\">UNI\u00d3N DE TRABAJADORES CA\u00d1EROS-UTC-.<br>MOVIMIENTO DE MUJERES DOM\u00cdNICO-HAITIANAS (MUDHA)<br>COORDINADORA DE ORGANIZACIONES SOCIALES, POPULARES Y FEMINISTAS DEL CIBAO.<br>RED DE ENCUENTRO DOMINICO-HAITIANO JACQUES VIAU (RED-JV).<br>JUBILEO SUR CARIBE.<br>FENATRANO \/ MUJERES TRANSPORTISTAS.<br>ARTICULACION NACIONAL CAMPESINA-ANC-<br>CENTRO CULTURAL DOM\u00cdNICO-HAITIANO (CCDH).<br>INSTITUTO DE DESARROLLO DE LA ECONOM\u00cdA ASOCIATIVA (IDEAC)<br>MOVIMIENTO SOCIOCULTURAL PARA LOS TRABAJADORES HAITIANOS (MOSCTHA).<br>AGENDA SOLIDARIDAD    <br>ACCION AFRO-DOMINICANA<br>MOVIMIENTO RECONOCI.DO<br>PARTIDO COMUNISTA DE TRABAJO -PCT-<br>ALBA MOVIMIENTOS<br>LA V\u00cdA CAMPESINA<br>COORDINADORA LATINOAMERICANA DE ORGANIZACIONES DEL CAMPO<br>SOLIDARIDAD DOMINICANA CON HAITI.<\/p>\n","protected":false},"excerpt":{"rendered":"<p>Un conjunto de organizaciones anunci\u00f3 hoy la realizaci\u00f3n de sendas caravanas simult\u00e1neas de solidaridad y hermandad con el pueblo haitiano y su lucha por una salida soberana a la crisis sociopol\u00edtica y estructural que vive el pa\u00eds, la cual se ha agravado tras el magnicidio del ex presidente de facto Jovenel Mo\u00cfse. Las caravanas se [&hellip;]<\/p>\n","protected":false},"author":1,"featured_media":4955,"comment_status":"open","ping_status":"open","sticky":false,"template":"","format":"standard","meta":{"footnotes":""},"categories":[5,2],"tags":[],"_links":{"self":[{"href":"http:\/\/www.movimientocaamanista.com\/index.php?rest_route=\/wp\/v2\/posts\/4956"}],"collection":[{"href":"http:\/\/www.movimientocaamanista.com\/index.php?rest_route=\/wp\/v2\/posts"}],"about":[{"href":"http:\/\/www.movimientocaamanista.com\/index.php?rest_route=\/wp\/v2\/types\/post"}],"author":[{"embeddable":true,"href":"http:\/\/www.movimientocaamanista.com\/index.php?rest_route=\/wp\/v2\/users\/1"}],"replies":[{"embeddable":true,"href":"http:\/\/www.movimientocaamanista.com\/index.php?rest_route=%2Fwp%2Fv2%2Fcomments&post=4956"}],"version-history":[{"count":1,"href":"http:\/\/www.movimientocaamanista.com\/index.php?rest_route=\/wp\/v2\/posts\/4956\/revisions"}],"predecessor-version":[{"id":4957,"href":"http:\/\/www.movimientocaamanista.com\/index.php?rest_route=\/wp\/v2\/posts\/4956\/revisions\/4957"}],"wp:featuredmedia":[{"embeddable":true,"href":"http:\/\/www.movimientocaamanista.com\/index.php?rest_route=\/wp\/v2\/media\/4955"}],"wp:attachment":[{"href":"http:\/\/www.movimientocaamanista.com\/index.php?rest_route=%2Fwp%2Fv2%2Fmedia&parent=4956"}],"wp:term":[{"taxonomy":"category","embeddable":true,"href":"http:\/\/www.movimientocaamanista.com\/index.php?rest_route=%2Fwp%2Fv2%2Fcategories&post=4956"},{"taxonomy":"post_tag","embeddable":true,"href":"http:\/\/www.movimientocaamanista.com\/index.php?rest_route=%2Fwp%2Fv2%2Ftags&post=4956"}],"curies":[{"name":"wp","href":"https:\/\/api.w.org\/{rel}","templated":true}]}}