{"id":4973,"date":"2021-07-31T11:06:41","date_gmt":"2021-07-31T11:06:41","guid":{"rendered":"http:\/\/www.movimientocaamanista.com\/?p=4973"},"modified":"2021-07-31T11:06:44","modified_gmt":"2021-07-31T11:06:44","slug":"michel-husson-un-militante-que-fue-economista-y-un-economista-que-se-comprometio-en-politica","status":"publish","type":"post","link":"http:\/\/www.movimientocaamanista.com\/?p=4973","title":{"rendered":"Michel Husson: un militante que fue economista y un economista que se comprometi\u00f3 en pol\u00edtica"},"content":{"rendered":"\n<p>Eric Toussaint<\/p>\n\n\n\n<p>Fuente: <a href=\"https:\/\/kaosenlared.net\/michel-husson-un-militante-que-fue-economista-y-un-economista-que-se-comprometio-en-politica\/\">Kaos en la Red<\/a><\/p>\n\n\n\n<p>Michel Husson (1949-2021), que ten\u00eda una s\u00f3lida formaci\u00f3n como economista, segu\u00eda muy de cerca la evoluci\u00f3n del sistema capitalista para contribuir a su ca\u00edda y a la emancipaci\u00f3n social.<\/p>\n\n\n\n<p>Michel siempre reivindic\u00f3, con total claridad, su acuerdo con la teor\u00eda econ\u00f3mica elaborada por Karl Marx, y procuraba aportar su contribuci\u00f3n estudiando el presente. Tuvo la influencia de los trabajos de&nbsp;<a href=\"https:\/\/www.ernestmandel.org\/\" target=\"_blank\" rel=\"noreferrer noopener\">Ernest Mandel<\/a>(1923-1995), dirigente de la&nbsp;<a href=\"https:\/\/fourth.international\/es\/\" target=\"_blank\" rel=\"noreferrer noopener\">Cuarta internacional<\/a>&nbsp;y economista, al que le dedic\u00f3 varios art\u00edculos, siendo el \u00faltimo redactado en 2020, durante la pandemia de la Covid-19. [<a href=\"https:\/\/elporteno.cl\/la-economia-de-ernest-mandel-ayer-y-hoy\/\" target=\"_blank\" rel=\"noreferrer noopener\">La econom\u00eda de Ernest Mandel, ayer y hoy<\/a>&nbsp;\u2013 El Porte\u00f1o (elporteno.cl),&nbsp;<a href=\"https:\/\/kaosenlared.net\/\" target=\"_blank\" rel=\"noreferrer noopener\">La econom\u00eda de Ernest Mandel, ayer y hoy \u2013 Kaos en la red \u2013 Noticias Anticapitalistas<\/a>)<\/p>\n\n\n\n<p>Michel Husson era internacionalista. En los a\u00f1os 1980 hab\u00eda seguido con atenci\u00f3n las luchas sociales y pol\u00edticas en Am\u00e9rica Latina en general y en M\u00e9xico en particular, donde hab\u00eda trabajado entre 1985 y 1987. Era la \u00e9poca del auge revolucionario en Centroam\u00e9rica (Nicaragua, El Salvador, Guatemala,\u2026) De su experiencia en M\u00e9xico result\u00f3 un libro:&nbsp;<em>La tourmente mexicaine<\/em>, [La tormenta mexicana] publicado en 1987. Est\u00e1 disponible, con libre acceso, en franc\u00e9s, en la p\u00e1gina web de Michel:&nbsp;<a href=\"http:\/\/hussonet.free.fr\/tourmente1987.pdf\" target=\"_blank\" rel=\"noreferrer noopener\">http:\/\/hussonet.free.fr\/tourmente1987.pdf<\/a>&nbsp;. Este libro constituye una buena introducci\u00f3n a la historia pol\u00edtico-econ\u00f3mica de M\u00e9xico a partir de comienzos del siglo XX.<\/p>\n\n\n\n<p>Michel Husson fue un activista de la Cuarta internacional y de su secci\u00f3n francesa, la&nbsp;<a href=\"https:\/\/es.wikipedia.org\/wiki\/Liga_Comunista_Revolucionaria_(Francia)\" target=\"_blank\" rel=\"noreferrer noopener\">Liga Comunista Revolucionaria<\/a>. En esa \u00e9poca, Michel se interesaba mucho por las cuestiones del Tercer Mundo, y con su camarada y amigo Thomas Coutrot, hab\u00eda escrito un peque\u00f1o libro pedag\u00f3gico:&nbsp;<em>Les destins du Tiers Monde<\/em>[Los destinos del Tercer Mundo], \u00e9ditions Nathan, Par\u00eds, 1993. Ese libro era una buena introducci\u00f3n para comprender la situaci\u00f3n econ\u00f3mica y social de los pa\u00edses del \u00abSur\u00bb, en su diversidad. Cuando el CADTM,&nbsp;<a href=\"https:\/\/www.cadtm.org\/Acerca-del-CADTM\">Comit\u00e9 para la anulaci\u00f3n de la deuda del Tercer Mundo<\/a>, creado en 1990, en B\u00e9lgica, inici\u00f3 sus actividades, Michel Husson, de inmediato, comenz\u00f3 a colaborar activamente, participando en encuentros internacionales y proveyendo art\u00edculos para sus publicaciones. Regularmente, Michel se preocupaba por enviar documentos que pod\u00edan ser \u00fatiles para los trabajos y actividades del CADTM.<\/p>\n\n\n\n<p>Michel Husson multiplicaba tambi\u00e9n sus exposiciones de formaci\u00f3n y la participaci\u00f3n en los seminarios econ\u00f3micos marxistas, especialmente en el Instituto Internacional de Investigaciones y Formaci\u00f3n, con sede en \u00c1msterdam&nbsp;<a href=\"https:\/\/www.iire.org\/es\/node\/9\" target=\"_blank\" rel=\"noreferrer noopener\">https:\/\/www.iire.org\/es\/node\/9<\/a>.<\/p>\n\n\n\n<p>A partir de la segunda mitad de los a\u00f1os 1990, Michel Husson public\u00f3 sucesivamente varios libros en los que analizaba la evoluci\u00f3n del sistema capitalista internacional:&nbsp;<em>Mis\u00e9ria do Capital<\/em>, Terramar ediciones, Buenos Aires, 1999 (en portugu\u00e9s);<em>&nbsp;<a href=\"http:\/\/hussonet.free.fr\/66616.pdf\" target=\"_blank\" rel=\"noreferrer noopener\">Six milliards sur la plan\u00e8te: sommes-nous trop ?<\/a><\/em>&nbsp;Les \u00c9ditions Textuel, Paris, 2000;&nbsp;<em>Le grand bluff capitaliste<\/em>, La Dispute \u00e9ditions, Paris, 2001;&nbsp;<em>Capitalismo puro<\/em>, Maia ediciones, Madrid, 2009;&nbsp;<em><a href=\"http:\/\/www.laovejaroja.es\/husson.htm\" target=\"_blank\" rel=\"noreferrer noopener\">El capitalismo en 10 lecciones. Breve curso ilustrado de econom\u00eda heterodoxa<\/a><\/em>. (Ilustrado por Charb), Los libros de Viento Sur- La Oveja Roja, Madrid 2013.<\/p>\n\n\n\n<p>Desde el comienzo, apoy\u00f3 la creaci\u00f3n de ATTAC en 1998 y fue uno de los miembros de su comit\u00e9 cient\u00edfico. A partir de 2001, particip\u00f3 en la din\u00e1mica del Foro Social Mundial y del Foro Social Europeo. Tambi\u00e9n particip\u00f3 en Am\u00e9rica Latina en las actividades de la&nbsp;<a href=\"https:\/\/sepla21.org\/\" target=\"_blank\" rel=\"noreferrer noopener\">Sociedad de econom\u00eda pol\u00edtica latinoamericana (SEPLA)<\/a>&nbsp;creada en 2005, en M\u00e9xico. \u00c9l y yo, junto a G\u00e9rard Dum\u00e9nil, fuimos invitados a la creaci\u00f3n de la SEPLA y participamos regularmente en los coloquios que esta sociedad organiza en diferentes partes del continente. En marzo de 2008, Haiman El Troudi, ministro de Planificaci\u00f3n econ\u00f3mica en el gobierno de Hugo Ch\u00e1vez,&nbsp;<a href=\"https:\/\/www.cadtm.org\/Respuestas-del-Sur-a-la-Crisis-de\">me hab\u00eda pedido hacer una serie de recomendaciones sobre la pol\u00edtica econ\u00f3mica a seguir<\/a>. Aprovechando esa coyuntura, organic\u00e9 en Caracas con Michael Lebowitz un seminario en el que Michel Husson acept\u00f3 participar. El seminario dur\u00f3 4 d\u00edas, durante los cuales escuchamos una serie de testimonios de primera mano sobre el estado real de la econom\u00eda a partir de los cuales procuramos elaborar una serie de propuestas para producir un cambio en la pol\u00edtica que se ejerc\u00eda. Era necesario ese cambio de rumbo que habr\u00eda implicado una mayor participaci\u00f3n de los trabajadores y las trabajadoras, en particular, para ejercer el control obrero. Habr\u00eda sido necesario aumentar los salarios, mejorar las viviendas, auditar la&nbsp;<a href=\"https:\/\/www.cadtm.org\/Deuda\">deuda<\/a>, reforzar el sector p\u00fablico, aportar mejoras sustanciales en la pol\u00edtica agraria, en la pol\u00edtica energ\u00e9tica,&nbsp;<a href=\"https:\/\/www.cadtm.org\/Que-pasa-con-el-Banco-del-Sur\">acelerar el lanzamiento<\/a>&nbsp;del&nbsp;<a href=\"https:\/\/www.cadtm.org\/La-deuda-el-Banco-del-Sur-y-la\">Banco del Sur<\/a>. En ese seminario participaron, adem\u00e1s de Michel Husson, Claudio Katz, Eduardo Lucita y Jorge Marchini de Argentina, Daniel Libreros de Colombia, Orlando Caputo de Chile, Marc Weisbrot de Estados Unidos. Finalmente nuestras recomendaciones no fueron tenidas en cuenta.<\/p>\n\n\n\n<p>Michel Husson puso su capacidad de an\u00e1lisis y su car\u00e1cter de ardiente defensor al servicio de las grandes batallas como la lucha contra las deudas ileg\u00edtimas o por la reducci\u00f3n del tiempo de trabajo con el fin de combatir el desempleo. Sobre esto \u00faltimo, Michel public\u00f3 varios libros, folletos, decenas de art\u00edculos, adem\u00e1s de participar en m\u00faltiples manifestaciones en Francia y en el extranjero. En los a\u00f1os 1990, estuvo&nbsp;<a href=\"https:\/\/www.cadtm.org\/Activo\">activo<\/a>&nbsp;en las coaliciones internacionales como las Marchas europeas contra el paro, la precariedad y la exclusi\u00f3n (<a href=\"https:\/\/euromarches.org\/espanol\/index.htm\" target=\"_blank\" rel=\"noreferrer noopener\">https:\/\/euromarches.org\/espanol\/index.htm<\/a>) y en Francia particip\u00f3 en la fundaci\u00f3n \u00ab<a href=\"https:\/\/fr.wikipedia.org\/wiki\/Agir_ensemble_contre_le_ch%C3%B4mage\" target=\"_blank\" rel=\"noreferrer noopener\">Agir ensemble contre le ch\u00f4mage<\/a>.\u00bb, [Actuar conjuntamente contra el paro].<\/p>\n\n\n\n<p><strong>La participaci\u00f3n de Michel Husson en el combate contra las deudas ileg\u00edtimas<\/strong><\/p>\n\n\n\n<p>Michel Husson particip\u00f3 desde el comienzo, a partir de 1989, en la campa\u00f1a por la anulaci\u00f3n de la deuda del Tercer Mundo, y, especialmente, estuvo muy activo en el apoyo al colectivo que hab\u00eda lanzado el Llamamiento de la Bastilla [Acerca del CADTM] para la anulaci\u00f3n de la deuda del Tercer Mundo y que hab\u00eda organizado una contracumbre frente a la reuni\u00f3n en Par\u00eds del&nbsp;<a href=\"https:\/\/www.cadtm.org\/mot1059\">G7<\/a>, convocado por Fran\u00e7ois Mitterrand con ocasi\u00f3n del bicentenario de la Revoluci\u00f3n Francesa. Michel fue un gran activista al costado del CADTM en esos momentos. Despu\u00e9s de la crisis de 2008, Michel Husson se comprometi\u00f3 con los colectivos de auditor\u00eda ciudadana de la deuda (CAC) lanzados en 2011 a iniciativa de ATTAC y del CADTM Francia, con el apoyo de numerosas organizaciones. Hizo un aporte fundamental a la redacci\u00f3n de un estudio del CAC sobre la deuda p\u00fablica de Francia: : Que faire de la dette ? Un audit de la dette publique de la France. (en fr.&nbsp;<a href=\"http:\/\/gesd.free.fr\/audit14.pdf\" target=\"_blank\" rel=\"noreferrer noopener\">http:\/\/gesd.free.fr\/audit14.pdf<\/a>) . El informe demostraba que el 59&nbsp;% de la deuda p\u00fablica era ileg\u00edtima.<\/p>\n\n\n\n<p>En 2015, cuando la presidenta del Parlamento griego instaur\u00f3 la\u00a0<a href=\"https:\/\/www.cadtm.org\/Cronica-de-las-intervenciones-del\">Comisi\u00f3n para la verdad sobre la deuda<\/a>, en donde trabaj\u00e9 como coordinador cient\u00edfico, Michel Husson acept\u00f3 participar en dicha comisi\u00f3n. Igual que los otros 11 expertos extranjeros y los 12 griegos que fueron miembros de esa comisi\u00f3n, Michel trabajo de manera totalmente voluntaria. Durante tres meses, entre comienzos de abril y fines de junio de 2015, estuvo yendo regularmente a Atenas para participar en los trabajos de la Comisi\u00f3n. En realidad, no fue f\u00e1cil convencerlo de que fuese miembro, ya que dec\u00eda que pod\u00eda, perfectamente, participar desde el exterior y a distancia. Tuve que insistir mucho dici\u00e9ndole que su participaci\u00f3n en directo en las discusiones colectivas constituir\u00eda un factor de \u00e9xito y de calidad. Una vez que acept\u00f3 ser miembro, fue de los m\u00e1s activos. Estoy persuadido que constituy\u00f3 una de sus mejores experiencias de trabajo colectivo de esa \u00e9poca. Me lo dijo despu\u00e9s. A pesar de que Michel se hab\u00eda vuelto bastante sombr\u00edo y decepcionado por la evoluci\u00f3n pol\u00edtica en Francia, reencontr\u00f3 un verdadero entusiasmo al participar en los trabajos de la Comisi\u00f3n. Su alegr\u00eda y su humor lo demostraban, especialmente, cuando Zo\u00e9 Kostantopoulou, la presidenta del Parlamento griego en ese momento, lo invit\u00f3 a decir algunas palabras de presentaci\u00f3n a la tribuna de una sala de reuni\u00f3n del Parlamento griego. Comenz\u00f3 su discurso en ingl\u00e9s, con una sonrisa de lado, dando a entender a la asistencia que su dominio del ingl\u00e9s era tan odioso como la deuda griega. Michel Husson particip\u00f3 en la redacci\u00f3n del informe de la comisi\u00f3n [<a rel=\"noreferrer noopener\" href=\"http:\/\/www.cadtm.org\/Informe-preliminar-del-Comite-de-la-Verdad-de-la-deuda-publica-griega\" target=\"_blank\">La verdad sobre la deuda griega. Informe de la comisi\u00f3n para la verdad sobre la deuda p\u00fablica griega. Icaria editorial, Barcelona, 2015.<\/a>] Ese informe recomendaba al gobierno griego suspender el pago del conjunto de la deuda reclamada por la\u00a0<a href=\"https:\/\/www.cadtm.org\/Troika,765\">Troika<\/a>\u00a0(o sea, el 85% de la deuda griega) ya que la hab\u00edamos juzgado odiosa, ilegal, ileg\u00edtima e insostenible. Michel Husson estaba presente\u00a0<a href=\"https:\/\/www.cadtm.org\/Presentacion-por-Eric-Toussaint\">cuando present\u00e9 ese informe al parlamento y al gobierno griego, los d\u00edas 17 y 18 de junio de 201<\/a>5. Cuando el gobierno finalmente capitul\u00f3 frente a la troika, a comienzos de julio de 2015, el primer ministro decidi\u00f3 poner fin a los trabajos de la comisi\u00f3n a pesar de la oposici\u00f3n de la presidenta del parlamento. Cuando nos reunimos de nuevo en Atenas en septiembre de 2015 por una invitaci\u00f3n de la presidenta del parlamento griego y a pesar de la oposici\u00f3n de Alexis Tsipras, Michel redact\u00f3 una parte de un informe adicional que la Comisi\u00f3n adopt\u00f3 y fue uno de los relatores en el parlamento. Si pod\u00e9is\u00a0<a rel=\"noreferrer noopener\" href=\"https:\/\/cadtm.org\/La-dette-du-3e-memorandum-est\" target=\"_blank\">ver en franc\u00e9s el v\u00eddeo de su intervenci\u00f3n<\/a>, constatar\u00e9is que comenz\u00f3 su discurso con iron\u00eda pero que pas\u00f3 r\u00e1pidamente a hacer un an\u00e1lisis totalmente riguroso.<\/p>\n\n\n\n<figure class=\"wp-block-embed-youtube wp-block-embed is-type-video is-provider-youtube wp-embed-aspect-16-9 wp-has-aspect-ratio\"><div class=\"wp-block-embed__wrapper\">\n<iframe loading=\"lazy\" title=\"Parlement Grec: Michel Husson\" width=\"640\" height=\"360\" src=\"https:\/\/www.youtube.com\/embed\/clEkGgOc2C0?feature=oembed\" frameborder=\"0\" allow=\"accelerometer; autoplay; clipboard-write; encrypted-media; gyroscope; picture-in-picture\" allowfullscreen><\/iframe>\n<\/div><\/figure>\n\n\n\n<p>Durante estos \u00faltimos a\u00f1os, Michel Husson prosigui\u00f3 con su trabajo de cr\u00edtica de la econom\u00eda pol\u00edtica, colaborando principalmente con el sitio&nbsp;<a href=\"https:\/\/alencontre.org\/\" target=\"_blank\" rel=\"noreferrer noopener\">A l\u2019Encontre [A l\u2019encontre \u2013 La Br\u00e8che (alencontre.org)]<\/a>y tambien con&nbsp;<a href=\"https:\/\/vientosur.info\/\" target=\"_blank\" rel=\"noreferrer noopener\">Viento Sur<\/a>. En numerosos art\u00edculos, encontramos sus rasgos de humor que traducen bien una parte de su personalidad, en particular, su voluntad de desenmascarar a los impostores y charlatanes que se esconden detr\u00e1s de la \u00abciencia econ\u00f3mica\u00bb. Por ejemplo, es necesario leer y releer el art\u00edculo titulado:&nbsp;<a href=\"http:\/\/www.cadtm.org\/Quand-vous-lisez-un-article-savant\" target=\"_blank\" rel=\"noreferrer noopener\">\u00abCuando le\u00e1is un art\u00edculo \u201csabio\u201d, \u00a1hay un 50&nbsp;% de probabilidad de que no sea digno de vuestra confianza!\u00bb<\/a><\/p>\n\n\n\n<p>Una \u00faltima ilustraci\u00f3n de su pensamiento riguroso la proporciona el libro coescrito en 2020 con Alain Bihr,&nbsp;<a href=\"https:\/\/www.syllepse.net\/thomas-piketty-une-critique-illusoire-du-capital-_r_25_i_817.html\" target=\"_blank\" rel=\"noreferrer noopener\">Thomas Piketty: una cr\u00edtica ilusoria del capital<\/a>, en el que los dos autores demuestran la pertinencia y la necesidad de una cr\u00edtica radical del capitalismo, pero tambi\u00e9n del trampantojo pseudocr\u00edtico.<\/p>\n\n\n\n<p>En uno de sus \u00faltimos art\u00edculos, titulado&nbsp;<a href=\"https:\/\/cadtm.org\/Biden-milagro-o-espejismo\" target=\"_blank\" rel=\"noreferrer noopener\">\u00abBiden: \u00bfmilagro o espejismo?\u00bb<\/a>, Michel Husson se pregunta por el alcance real de la pol\u00edtica econ\u00f3mica y social de Joe Biden. Una lectura obligada.<\/p>\n\n\n\n<p><strong>Traducci\u00f3n: Griselda Pi\u00f1ero<\/strong><\/p>\n\n\n\n<p>*&nbsp;<a href=\"https:\/\/www.cadtm.org\/Eric-Toussaint?lang=es\">Eric Toussaint &nbsp;<\/a><\/p>\n\n\n\n<p>doctor en Ciencias pol\u00edticas de la Universidad de Lieja y de la Universidad de Par\u00eds VIII, es el portavoz del CADTM internacional y es miembro del Consejo Cient\u00edfico de ATTAC Francia.<br>Es autor de diversos libros, entre ellos:&nbsp;<em><a href=\"https:\/\/www.cadtm.org\/Capitulacion-entre-adultos-Grecia-2015-Una-alternativa-era-posible\">Capitulaci\u00f3n entre adultos. Grecia 2015: Una alternativa era posible<\/a><\/em>, El Viejo Topo, Barcelona, 2020;&nbsp;<em><a href=\"https:\/\/www.cadtm.org\/Sistema-deuda\">Sistema Deuda. Historia de las deudas soberanas y su repudio<\/a><\/em>, Icaria Editorial, Barcelona 2018;&nbsp;<em><a href=\"https:\/\/www.cadtm.org\/Bancocracia\">Bancocracia<\/a><\/em>&nbsp;Icaria Editorial, Barcelona 2015;&nbsp;<em><a href=\"https:\/\/www.cadtm.org\/Una-mirada-al-retrovisor-El\">Una mirada al retrovisor: el neoliberalismo desde sus or\u00edgenes hasta la actualidad<\/a><\/em>, Icaria, 2010;&nbsp;<em><a href=\"https:\/\/www.cadtm.org\/La-deuda-o-la-vida\">La Deuda o la Vida<\/a><\/em>&nbsp;(escrito junto con Damien Millet) Icaria, Barcelona, 2011;&nbsp;<em><a href=\"https:\/\/www.cadtm.org\/Libros-DVD-folletos\">La crisis global<\/a><\/em>, El Viejo Topo, Barcelona, 2010;&nbsp;<em><a href=\"https:\/\/www.cadtm.org\/Libros-DVD-folletos\">La bolsa o la vida: las finanzas contra los pueblos<\/a><\/em>, Gakoa, 2002. Ha sido miembro de la Comisi\u00f3n de Auditoria Integral del Cr\u00e9dito (CAIC) del Ecuador en 2007-2011.<br>Coordin\u00f3 los trabajos de la&nbsp;<a href=\"https:\/\/www.cadtm.org\/4-de-abril-2015-Jornada-historica\">Comisi\u00f3n de la Verdad Sobre la Deuda<\/a>, creada por la presidente del Parlamento griego. Esta comisi\u00f3n funcion\u00f3, con el auspicio del Parlamento, entre abril y octubre de 2015. El nuevo presidente del Parlamento griego anunci\u00f3 su disoluci\u00f3n el 12 de noviembre de 2015.<\/p>\n","protected":false},"excerpt":{"rendered":"<p>Eric Toussaint Fuente: Kaos en la Red Michel Husson (1949-2021), que ten\u00eda una s\u00f3lida formaci\u00f3n como economista, segu\u00eda muy de cerca la evoluci\u00f3n del sistema capitalista para contribuir a su ca\u00edda y a la emancipaci\u00f3n social. Michel siempre reivindic\u00f3, con total claridad, su acuerdo con la teor\u00eda econ\u00f3mica elaborada por Karl Marx, y procuraba aportar [&hellip;]<\/p>\n","protected":false},"author":1,"featured_media":4926,"comment_status":"open","ping_status":"open","sticky":false,"template":"","format":"standard","meta":{"footnotes":""},"categories":[4],"tags":[],"_links":{"self":[{"href":"http:\/\/www.movimientocaamanista.com\/index.php?rest_route=\/wp\/v2\/posts\/4973"}],"collection":[{"href":"http:\/\/www.movimientocaamanista.com\/index.php?rest_route=\/wp\/v2\/posts"}],"about":[{"href":"http:\/\/www.movimientocaamanista.com\/index.php?rest_route=\/wp\/v2\/types\/post"}],"author":[{"embeddable":true,"href":"http:\/\/www.movimientocaamanista.com\/index.php?rest_route=\/wp\/v2\/users\/1"}],"replies":[{"embeddable":true,"href":"http:\/\/www.movimientocaamanista.com\/index.php?rest_route=%2Fwp%2Fv2%2Fcomments&post=4973"}],"version-history":[{"count":1,"href":"http:\/\/www.movimientocaamanista.com\/index.php?rest_route=\/wp\/v2\/posts\/4973\/revisions"}],"predecessor-version":[{"id":4974,"href":"http:\/\/www.movimientocaamanista.com\/index.php?rest_route=\/wp\/v2\/posts\/4973\/revisions\/4974"}],"wp:featuredmedia":[{"embeddable":true,"href":"http:\/\/www.movimientocaamanista.com\/index.php?rest_route=\/wp\/v2\/media\/4926"}],"wp:attachment":[{"href":"http:\/\/www.movimientocaamanista.com\/index.php?rest_route=%2Fwp%2Fv2%2Fmedia&parent=4973"}],"wp:term":[{"taxonomy":"category","embeddable":true,"href":"http:\/\/www.movimientocaamanista.com\/index.php?rest_route=%2Fwp%2Fv2%2Fcategories&post=4973"},{"taxonomy":"post_tag","embeddable":true,"href":"http:\/\/www.movimientocaamanista.com\/index.php?rest_route=%2Fwp%2Fv2%2Ftags&post=4973"}],"curies":[{"name":"wp","href":"https:\/\/api.w.org\/{rel}","templated":true}]}}