{"id":5018,"date":"2021-08-09T10:39:13","date_gmt":"2021-08-09T10:39:13","guid":{"rendered":"http:\/\/www.movimientocaamanista.com\/?p=5018"},"modified":"2021-08-09T10:39:15","modified_gmt":"2021-08-09T10:39:15","slug":"privatizaciones-estratificacion-social-y-desigualdad","status":"publish","type":"post","link":"http:\/\/www.movimientocaamanista.com\/?p=5018","title":{"rendered":"Privatizaciones, estratificaci\u00f3n social y desigualdad"},"content":{"rendered":"\n<p>Ramon Martinez<\/p>\n\n\n\n<p>Fuente: <a href=\"https:\/\/kaosenlared.net\/privatizaciones-estratificacion-social-y-desigualdad\/\">Kaos en la Red<\/a><\/p>\n\n\n\n<p>La desigualdad es algo natural y no tiene que ser necesariamente algo deleznable. Las cosas son lo que son gracias a ser distintas unas de otras y, trat\u00e1ndose de seres humanos, es evidente que cada persona es \u00fanica en su fenotipo y tiene sus propias preferencias, intereses y caracter\u00edsticas. Pero si nos referimos a temas sociales, el concepto de igualdad tiende a referirse a caracter\u00edsticas de grupos humanos en relaci\u00f3n a su equiparaci\u00f3n en derechos y obligaciones y esto implica una igualdad de oportunidades, no solo ante la ley, sino que tambi\u00e9n se refiere a educaci\u00f3n, sanidad, trabajo, etc. Por supuesto que tambi\u00e9n el concepto de igualdad de refiere a las obligaciones de los ciudadanos como pagar impuestos, respetar la ley, etc.<\/p>\n\n\n\n<p>Cuando la desigualdad social se institucionaliza de alguna forma, bien sea por costumbre, imposici\u00f3n a la fuerza, o cualquier otro tipo de factor que favorezca la permanencia de una desigualdad social, entonces hablamos de estratificaci\u00f3n social y esto se refiere a un estado permanente de privilegios de uno o varios grupos sociales. Existen multitud de ejemplos de sociedades con marcada estratificaci\u00f3n social como la sociedad de castas en la India, donde se hereda por nacimiento el estatus social, al igual que la sociedad estamental en la Edad Media europea, de la que siguen existiendo los t\u00edtulos nobiliarios como ejemplo de privilegios sociales heredados por nacimiento. Hay muchos autores que han tratado el tema de la estratificaci\u00f3n social a lo largo de la historia desde Arist\u00f3teles a Marx, Smith, Hamilton, etc.<\/p>\n\n\n\n<p>En la actualidad, en el sistema neoliberal occidental y concretamente refiri\u00e9ndonos a Espa\u00f1a, podemos asegurar, seg\u00fan llevamos viendo durante d\u00e9cadas, que los poderes p\u00fablicos est\u00e1n al servicio de ciertos grupos sociales privilegiados, de los cuales forman parte, a los que benefician de muchas formas y en especial econ\u00f3micamente, malversando as\u00ed enormes caudales de dinero p\u00fablico que pasan a manos privadas. Ejemplos de esto lo tenemos con la&nbsp;<a href=\"https:\/\/www.mundoobrero.es\/pl.php?id=8720\"><strong>Iglesia Cat\u00f3lica<\/strong>&nbsp;<strong>Apost\u00f3lica Romana<\/strong><\/a>&nbsp;(ICAR) que es actualmente la mayor corporaci\u00f3n en Espa\u00f1a y,&nbsp;<a href=\"https:\/\/www.publico.es\/sociedad\/privilegios-iglesia-no-quiere-perder.html\"><strong>sus privilegios<\/strong><\/a>&nbsp;no solo se limitan a privilegios fiscales y econ\u00f3micos, tambi\u00e9n son privilegiados ante la justicia que al estar copada por el&nbsp;<a href=\"https:\/\/sectaopusdei.com\/2015\/09\/27\/opus-dei-y-poder-judicial\/\"><strong>Opus Dei<\/strong><\/a>, no hay reacciones que defiendan el&nbsp;<a href=\"https:\/\/sectaopusdei.com\/2015\/09\/21\/opus-dei-y-ministerio-fiscal\/\"><strong>inter\u00e9s p\u00fablico<\/strong><\/a>&nbsp;ante los&nbsp;<a href=\"https:\/\/www.plataforma-ekimena.org\/la-plataforma-en-defensa-del-patrimonio-presento-ayer-su-libro-escandalo-monumental-que-compendia-las-1086-apropiaciones-de-la-iglesia\/\"><strong>abusos de la Iglesia<\/strong><\/a>.<\/p>\n\n\n\n<p>La ICAR siempre fue un estamento privilegiado en la sociedad estamental medieval europea, pero hoy en d\u00eda conserva sus privilegios como nunca y por medio de sus miembros controla multinacionales, universidades, gobiernos, tribunales, etc.<\/p>\n\n\n\n<p>Algo que denota la marcada naturaleza estamental de la ICAR es su estructura fuertemente jerarquizada donde el papel de la mujer en su organizaci\u00f3n es claramente de inferioridad y humillante. Ejemplos de este estatus son el de las monjas respecto a los sacerdotes y especialmente el papel que le da el Opus Dei a la mujer donde se aprecia el&nbsp;<a href=\"https:\/\/www.opuslibros.org\/libros\/Ser_mujer\/capitulo_4.htm\"><strong>fuerte sexismo<\/strong><\/a>&nbsp;al que son sometidas las mujeres en esa secta cat\u00f3lica.<\/p>\n\n\n\n<p>Gracias a las privatizaciones, gran parte de los bienes p\u00fablicos (inmuebles, tierras, empresas, dinero p\u00fablico, etc.) pasan a la ICAR bien sea formalmente por medio de sus instituciones o indirectamente por medio de sus miembros. De esta forma, siendo los due\u00f1os del capital y de las empresas, pueden elegir a dedo a quienes son de los suyos y aceptan su sistema arcaico de derechos y privilegios a costa de marginar y dejar sin trabajo a quienes no son de los suyos. En la creciente privatizaci\u00f3n de la ense\u00f1anza, tenemos buena prueba de esto al ver como se benefician los colegios concertados con dinero p\u00fablico, a costa de precarizar los colegios p\u00fablicos. De nada le sirve a un profesor prepararse unas oposiciones ante un colegio privado. Pero su capacidad de discriminar no se limita a las empresas, sino que tambi\u00e9n a la pol\u00edtica, la justicia etc. De esta forma hemos llegado a la situaci\u00f3n actual donde al hablar de pol\u00edticos estamos hablando de castas que, independientemente si son del&nbsp;<strong><a href=\"https:\/\/www.lamarea.com\/2021\/02\/19\/inmatriculaciones-de-la-iglesia-de-la-amnistia-del-pp-al-indulto-del-psoe\/\">PSOE o del PP<\/a>&nbsp;<\/strong>y sus nuevas variantes (VOX y Ciudadanos) benefician descaradamente los privilegios ilegales de la ICAR. De esta forma, las privatizaciones representan un instrumento eficaz para estratificar la sociedad seg\u00fan los intereses de la ICAR, a costa de violar los valores superiores de la Constituci\u00f3n Espa\u00f1ola de igualdad y justicia que inspiran las leyes hasta el punto de derogarlas si entran en conflicto con estos valores superiores.<\/p>\n","protected":false},"excerpt":{"rendered":"<p>Ramon Martinez Fuente: Kaos en la Red La desigualdad es algo natural y no tiene que ser necesariamente algo deleznable. Las cosas son lo que son gracias a ser distintas unas de otras y, trat\u00e1ndose de seres humanos, es evidente que cada persona es \u00fanica en su fenotipo y tiene sus propias preferencias, intereses y [&hellip;]<\/p>\n","protected":false},"author":1,"featured_media":5019,"comment_status":"open","ping_status":"open","sticky":false,"template":"","format":"standard","meta":{"footnotes":""},"categories":[4],"tags":[],"_links":{"self":[{"href":"http:\/\/www.movimientocaamanista.com\/index.php?rest_route=\/wp\/v2\/posts\/5018"}],"collection":[{"href":"http:\/\/www.movimientocaamanista.com\/index.php?rest_route=\/wp\/v2\/posts"}],"about":[{"href":"http:\/\/www.movimientocaamanista.com\/index.php?rest_route=\/wp\/v2\/types\/post"}],"author":[{"embeddable":true,"href":"http:\/\/www.movimientocaamanista.com\/index.php?rest_route=\/wp\/v2\/users\/1"}],"replies":[{"embeddable":true,"href":"http:\/\/www.movimientocaamanista.com\/index.php?rest_route=%2Fwp%2Fv2%2Fcomments&post=5018"}],"version-history":[{"count":1,"href":"http:\/\/www.movimientocaamanista.com\/index.php?rest_route=\/wp\/v2\/posts\/5018\/revisions"}],"predecessor-version":[{"id":5020,"href":"http:\/\/www.movimientocaamanista.com\/index.php?rest_route=\/wp\/v2\/posts\/5018\/revisions\/5020"}],"wp:featuredmedia":[{"embeddable":true,"href":"http:\/\/www.movimientocaamanista.com\/index.php?rest_route=\/wp\/v2\/media\/5019"}],"wp:attachment":[{"href":"http:\/\/www.movimientocaamanista.com\/index.php?rest_route=%2Fwp%2Fv2%2Fmedia&parent=5018"}],"wp:term":[{"taxonomy":"category","embeddable":true,"href":"http:\/\/www.movimientocaamanista.com\/index.php?rest_route=%2Fwp%2Fv2%2Fcategories&post=5018"},{"taxonomy":"post_tag","embeddable":true,"href":"http:\/\/www.movimientocaamanista.com\/index.php?rest_route=%2Fwp%2Fv2%2Ftags&post=5018"}],"curies":[{"name":"wp","href":"https:\/\/api.w.org\/{rel}","templated":true}]}}