{"id":5021,"date":"2021-08-09T10:42:41","date_gmt":"2021-08-09T10:42:41","guid":{"rendered":"http:\/\/www.movimientocaamanista.com\/?p=5021"},"modified":"2021-08-09T10:42:42","modified_gmt":"2021-08-09T10:42:42","slug":"montoya-y-la-jep","status":"publish","type":"post","link":"http:\/\/www.movimientocaamanista.com\/?p=5021","title":{"rendered":"MONTOYA Y LA JEP"},"content":{"rendered":"\n<p>Narciso Isa Conde<\/p>\n\n\n\n<p>El general  colombiano Mario Montoya, hombre fuerte de \u00c1lvaro Uribe, ha sido requerido por la Jurisdicci\u00f3n Especial de Paz (JEP), creada con auspicio de la ONU a ra\u00edz del acuerdo de paz de la Habana. A Montoya, ex Jefe del Ej\u00e9rcito Colombiano  se le acusa, entre otras fechor\u00edas, del genocidio de la Colonia 13 de Medell\u00edn . <\/p>\n\n\n\n<p>Sus masacres son incontables y vale recordar que ocup\u00f3 el cargo de Embajador en la Rep\u00fablica Dominicana en el 2008, sustituyendo a Juan Jos\u00e9 Chaux Mosquera, identificado como jefe paramilitar, a quien inicialmente Montoya encarg\u00f3 de orquestar un plan para asesinarme con apoyo de generales dominicanos. Luego Montoya tom\u00f3 aqu\u00ed las riendas de la trama.<\/p>\n\n\n\n<p>Dos atentados fallidos -acaecidos siendo embajador Chaux Mosquera- determinaron mi decisi\u00f3n de solicitarle  al Presidente Fern\u00e1ndez una entrevista para ofrecerle, junto a mi  esposa y compa\u00f1era de lucha Lourdes Contreras, las informaciones disponibles y las demandas pertinentes:<\/p>\n\n\n\n<p>\u201cDadas todas las circunstancias \u2013le escribimos entonces- que han rodeado el plan criminal en mi contra (decidido por el gobierno colombiano que preside \u00c1lvaro Uribe V\u00e9lez y sus servicios de inteligencia militar), dado lo acontecido contra mi seguridad el pasado 8 de septiembre (protagonizado por los llamados \u201clinces\u201d de la Polic\u00eda Nacional) y dado el comportamiento indiferente de las autoridades civiles y militares del pa\u00eds frente a esos hechos, creo urgente sostener un intercambio directo con usted para exponerle las informaciones disponibles y mis consideraciones sobre el caso.\u201d (Carta solicit\u00e1ndole entrevista al Presidente Fern\u00e1ndez, 16 de septiembre 2008)<\/p>\n\n\n\n<p>La entrevista se realiz\u00f3 el 20 de septiembre del 2008 y en ella  le referimos  al presidente Fern\u00e1ndez el funesto rol de Chaux Mosquera y las visitas al pa\u00eds del General Montoya y un Fiscal colombiano, indagando sobre mi persona y procurando comprometer a importantes jefes militares y policiales en sus planes; los cuales fueron puestos en marcha poco tiempo despu\u00e9s, como consta en texto entregado personalmente. (\u201cExposici\u00f3n de Narciso Isa Conde al Presidente Leonel Fern\u00e1ndez sobre la trama criminal denunciada 19-09-2008).<\/p>\n\n\n\n<p>Ese intercambio fue informado al pa\u00eds. El presidente acept\u00f3 una parte de mis sugerencias, menos las que implican investigar a los participantes y patrocinadores de la trama. El hecho detuvo el plan, pero dej\u00f3 impunes a sus protagonistas. Y luego dos cositas peliagudas: 1) Montoya fue nombrado Embajador aqu\u00ed y Leonel le otorg\u00f3 el pl\u00e1cet y 2) Montoya le recomend\u00f3, a trav\u00e9s del general  Guillermo Guzm\u00e1n Ferm\u00edn, recibir a Arturo del Tiempo M\u00e1rquez. <\/p>\n\n\n\n<p>Traigo esto a colaci\u00f3n porque entiendo importante que el Ministerio P\u00fablico abra el cap\u00edtulo de las narco-conexiones estatales dominico-colombianas.<\/p>\n","protected":false},"excerpt":{"rendered":"<p>Narciso Isa Conde El general colombiano Mario Montoya, hombre fuerte de \u00c1lvaro Uribe, ha sido requerido por la Jurisdicci\u00f3n Especial de Paz (JEP), creada con auspicio de la ONU a ra\u00edz del acuerdo de paz de la Habana. A Montoya, ex Jefe del Ej\u00e9rcito Colombiano se le acusa, entre otras fechor\u00edas, del genocidio de la [&hellip;]<\/p>\n","protected":false},"author":1,"featured_media":5022,"comment_status":"open","ping_status":"open","sticky":false,"template":"","format":"standard","meta":{"footnotes":""},"categories":[5,16],"tags":[],"_links":{"self":[{"href":"http:\/\/www.movimientocaamanista.com\/index.php?rest_route=\/wp\/v2\/posts\/5021"}],"collection":[{"href":"http:\/\/www.movimientocaamanista.com\/index.php?rest_route=\/wp\/v2\/posts"}],"about":[{"href":"http:\/\/www.movimientocaamanista.com\/index.php?rest_route=\/wp\/v2\/types\/post"}],"author":[{"embeddable":true,"href":"http:\/\/www.movimientocaamanista.com\/index.php?rest_route=\/wp\/v2\/users\/1"}],"replies":[{"embeddable":true,"href":"http:\/\/www.movimientocaamanista.com\/index.php?rest_route=%2Fwp%2Fv2%2Fcomments&post=5021"}],"version-history":[{"count":1,"href":"http:\/\/www.movimientocaamanista.com\/index.php?rest_route=\/wp\/v2\/posts\/5021\/revisions"}],"predecessor-version":[{"id":5023,"href":"http:\/\/www.movimientocaamanista.com\/index.php?rest_route=\/wp\/v2\/posts\/5021\/revisions\/5023"}],"wp:featuredmedia":[{"embeddable":true,"href":"http:\/\/www.movimientocaamanista.com\/index.php?rest_route=\/wp\/v2\/media\/5022"}],"wp:attachment":[{"href":"http:\/\/www.movimientocaamanista.com\/index.php?rest_route=%2Fwp%2Fv2%2Fmedia&parent=5021"}],"wp:term":[{"taxonomy":"category","embeddable":true,"href":"http:\/\/www.movimientocaamanista.com\/index.php?rest_route=%2Fwp%2Fv2%2Fcategories&post=5021"},{"taxonomy":"post_tag","embeddable":true,"href":"http:\/\/www.movimientocaamanista.com\/index.php?rest_route=%2Fwp%2Fv2%2Ftags&post=5021"}],"curies":[{"name":"wp","href":"https:\/\/api.w.org\/{rel}","templated":true}]}}