{"id":5033,"date":"2021-08-12T11:30:55","date_gmt":"2021-08-12T11:30:55","guid":{"rendered":"http:\/\/www.movimientocaamanista.com\/?p=5033"},"modified":"2021-08-12T11:30:57","modified_gmt":"2021-08-12T11:30:57","slug":"recomiendo-2-los-plebiscitos-son-un-arma-de-doble-filo","status":"publish","type":"post","link":"http:\/\/www.movimientocaamanista.com\/?p=5033","title":{"rendered":"Recomiendo: 2 Los plebiscitos son un arma de doble filo"},"content":{"rendered":"\n<p>Pedro Brieger<\/p>\n\n\n\n<p>Fuente: <a href=\"https:\/\/rebelion.org\/los-plebiscitos-son-un-arma-de-doble-filo\/\">Rebeli\u00f3n<\/a><\/p>\n\n\n\n<p>Las consultas populares pueden ser un arma de doble filo como ya lo han comprobado varios gobernantes en los \u00faltimos a\u00f1os en Am\u00e9rica Latina y el Caribe.<\/p>\n\n\n\n<p>El 1\u00ba de agosto se realiz\u00f3 en M\u00e9xico una consulta popular, la primera desde que fuera aprobado este mecanismo en la constituci\u00f3n en 2012. Por motivos legales no se pudieron incluir los nombres&nbsp;de Carlos Salinas de Gortari, Ernesto Zedillo, Vicente Fox, Felipe Calder\u00f3n y Enrique Pe\u00f1a Nieto, blancos directos de la consulta, pero fueron expl\u00edcitamente mencionados por Andr\u00e9s Manuel L\u00f3pez Obrador (AMLO) en la convocatoria y los responsabiliza de haber da\u00f1ado al pa\u00eds con sus pol\u00edticas privatizadoras, la corrupci\u00f3n y la entrega de bienes p\u00fablicos, entre otros argumentos.&nbsp;<\/p>\n\n\n\n<p>A pesar de que vot\u00f3 apenas el 7,1 por ciento de las personas habilitadas y que para garantizar el car\u00e1cter vinculante se necesitaba un m\u00ednimo del 40 por ciento de participaci\u00f3n, AMLO calific\u00f3 como un triunfo que la mayor\u00eda votara a favor de la propuesta. Por el contrario, para los detractores, como el soci\u00f3logo Roger Batra, fue un \u201cestrepitoso fracaso\u201d y se\u00f1al de que el presidente ha sido \u201cabandonado\u201d. Cada qui\u00e9n interpreta a su manera.<\/p>\n\n\n\n<p>Las consultas populares pueden ser un arma de doble filo como ya lo han comprobado varios gobernantes en los \u00faltimos a\u00f1os en Am\u00e9rica Latina y el Caribe. Salvo Uruguay, donde existe una larga tradici\u00f3n de plebiscitos y se puede impulsar una consulta si se junta una determinada cantidad de firma como ha sucedido recientemente, en pocos pa\u00edses est\u00e1 arraigada la costumbre de las consultas, sea sobre temas de coyuntura o para implementar cambios estructurales.&nbsp;<\/p>\n\n\n\n<p>Est\u00e1 claro que si un gobierno convoca una consulta, refer\u00e9ndum o plebiscito es para ratificar sus pol\u00edticas, aunque hay una regla elemental impl\u00edcita que reza \u201csi organizas un plebiscito aseg\u00farate de ganarlo\u201d.<\/p>\n\n\n\n<p>El 2 de febrero de 1999 Hugo Ch\u00e1vez asumi\u00f3 la presidencia de Venezuela y en abril del mismo a\u00f1o se realiz\u00f3 una consulta popular para convocar una Asamblea Constituyente y redactar una nueva constituci\u00f3n.<\/p>\n\n\n\n<p>&nbsp;En diciembre del mismo a\u00f1o en un segundo refer\u00e9ndum con m\u00e1s del 70 por ciento de los votos se ratific\u00f3 la nueva Constituci\u00f3n. En 2004 la oposici\u00f3n intent\u00f3 destituirlo por medio de un \u201crefer\u00e9ndum revocatorio\u201d -potestad introducida por el mismo Ch\u00e1vez en la constituci\u00f3n de 1999- pero casi el 60 por ciento derrot\u00f3 la propuesta opositora y ratific\u00f3 la continuidad de Ch\u00e1vez al frente del pa\u00eds.&nbsp;<\/p>\n\n\n\n<p>Recientemente, en 2016, Evo Morales en Bolivia y Juan Manuel Santos en Colombia apelaron a las consultas populares. Morales buscaba una nueva reelecci\u00f3n y para tal fin propuso modificar un art\u00edculo de la constituci\u00f3n. La feroz campa\u00f1a medi\u00e1tica en su contra -que incluy\u00f3 mentiras y golpes bajos- le provoc\u00f3 un rev\u00e9s que tuvo consecuencias posteriores.&nbsp;<\/p>\n\n\n\n<p>Santos busc\u00f3 sin \u00e9xito apoyo en una consulta popular para consolidar el proceso de paz con las FARC aunque ni siquiera estaba obligado a convocarla; en vez de consolidar el proceso lo debilit\u00f3.<\/p>\n\n\n\n<p>L\u00f3pez Obrador ahora reta a la oposici\u00f3n a que revoque su mandato a trav\u00e9s de una consulta en 2022, un desaf\u00edo m\u00e1s picante que el famoso chile habanero de Yucat\u00e1n, considerado el chile mexicano m\u00e1s picoso, que no cualquiera puede digerir.<\/p>\n","protected":false},"excerpt":{"rendered":"<p>Pedro Brieger Fuente: Rebeli\u00f3n Las consultas populares pueden ser un arma de doble filo como ya lo han comprobado varios gobernantes en los \u00faltimos a\u00f1os en Am\u00e9rica Latina y el Caribe. El 1\u00ba de agosto se realiz\u00f3 en M\u00e9xico una consulta popular, la primera desde que fuera aprobado este mecanismo en la constituci\u00f3n en 2012. [&hellip;]<\/p>\n","protected":false},"author":1,"featured_media":4554,"comment_status":"open","ping_status":"open","sticky":false,"template":"","format":"standard","meta":{"footnotes":""},"categories":[4],"tags":[],"_links":{"self":[{"href":"http:\/\/www.movimientocaamanista.com\/index.php?rest_route=\/wp\/v2\/posts\/5033"}],"collection":[{"href":"http:\/\/www.movimientocaamanista.com\/index.php?rest_route=\/wp\/v2\/posts"}],"about":[{"href":"http:\/\/www.movimientocaamanista.com\/index.php?rest_route=\/wp\/v2\/types\/post"}],"author":[{"embeddable":true,"href":"http:\/\/www.movimientocaamanista.com\/index.php?rest_route=\/wp\/v2\/users\/1"}],"replies":[{"embeddable":true,"href":"http:\/\/www.movimientocaamanista.com\/index.php?rest_route=%2Fwp%2Fv2%2Fcomments&post=5033"}],"version-history":[{"count":1,"href":"http:\/\/www.movimientocaamanista.com\/index.php?rest_route=\/wp\/v2\/posts\/5033\/revisions"}],"predecessor-version":[{"id":5034,"href":"http:\/\/www.movimientocaamanista.com\/index.php?rest_route=\/wp\/v2\/posts\/5033\/revisions\/5034"}],"wp:featuredmedia":[{"embeddable":true,"href":"http:\/\/www.movimientocaamanista.com\/index.php?rest_route=\/wp\/v2\/media\/4554"}],"wp:attachment":[{"href":"http:\/\/www.movimientocaamanista.com\/index.php?rest_route=%2Fwp%2Fv2%2Fmedia&parent=5033"}],"wp:term":[{"taxonomy":"category","embeddable":true,"href":"http:\/\/www.movimientocaamanista.com\/index.php?rest_route=%2Fwp%2Fv2%2Fcategories&post=5033"},{"taxonomy":"post_tag","embeddable":true,"href":"http:\/\/www.movimientocaamanista.com\/index.php?rest_route=%2Fwp%2Fv2%2Ftags&post=5033"}],"curies":[{"name":"wp","href":"https:\/\/api.w.org\/{rel}","templated":true}]}}