{"id":5035,"date":"2021-08-14T02:58:52","date_gmt":"2021-08-14T02:58:52","guid":{"rendered":"http:\/\/www.movimientocaamanista.com\/?p=5035"},"modified":"2021-08-14T02:58:59","modified_gmt":"2021-08-14T02:58:59","slug":"el-agua-no-debe-bebe-ser-negocio","status":"publish","type":"post","link":"http:\/\/www.movimientocaamanista.com\/?p=5035","title":{"rendered":"EL AGUA NO DEBE  BEBE SER NEGOCIO"},"content":{"rendered":"\n<p>Narciso Isa Conde<\/p>\n\n\n\n<p>Si la salud y la educaci\u00f3n son derechos y jam\u00e1s deben ser negocios,  el agua mucho menos.<\/p>\n\n\n\n<p>El agua es vida y con la vida de un pa\u00eds, una regi\u00f3n, una sociedad, un planeta\u2026 no se negocia.<\/p>\n\n\n\n<p>Es inaceptable que se pretenda privatizar la fuentes de agua y a ese extremo llegan la pretensiones de la c\u00fapulas capitalistas en su empe\u00f1o de contener y revertir la crisis de decadencia de su sistema de dominaci\u00f3n sobre la base de convertir todo en mercanc\u00eda, de obtener s\u00faper-ganancias y concentrar poder y capital en esta fase de extremo endurecimiento de su estrategia neoliberal,  o m\u00e1s bien neoconservadora.<\/p>\n\n\n\n<p>El control  del agua por las \u00e9lites capitalistas equivale al dominio absoluto de la sociedad humana, a la dictadura total sobre la vida en todas sus vertientes. Y esa determinaci\u00f3n, en medio de la crisis de agua que afecta al planeta, guarda una estrecha relaci\u00f3n con el declive de EEUU y del sistema imperialista occidental, fen\u00f3meno que potencia su voracidad y su desesperado empe\u00f1o en recuperar y concentrar poder.<\/p>\n\n\n\n<p>Esa hambre de agua, para hacer negocio, es inseparable de su actual agresividad militar en funci\u00f3n de su pretendido control absoluto sobre regiones pre\u00f1adas de vida y riquezas.<\/p>\n\n\n\n<p>La pandemia COVID 19 -manipulada para acumular, concentrar y expandir los grandes capitales privados- es asumida como oportunidad para privatizarlo todo, en aquellos lugares donde el poder detentado directamente y\/o a trav\u00e9s de sus socios y aliados locales se lo permita.<\/p>\n\n\n\n<p>Ese es el caso de la Rep\u00fablica Dominicana y no solo, puesto que hay claras se\u00f1ales de que se trata de una estrategia global.<\/p>\n\n\n\n<p>\u2022 <strong>LAS ALIANZAS P\u00daBLICO-PRIVADAS RELANZADAS COMO MECANISMO DE LA ESTRATEGIAS PRIVATIZADORA.<\/strong><\/p>\n\n\n\n<p>Algo muy grave, frente a lo que hay que alertar en voz alta y situarlo como un blanco de ataque de primer orden, es la dimensi\u00f3n  y el car\u00e1cter que se le est\u00e1 dando a las Alianzas o Asociaciones P\u00fablico-Privadas (APPS).<\/p>\n\n\n\n<p>Las APPS no son cosas nuevas. Ellas nacen con el  neoliberalismo y su  impronta privatizadora y desnacionalizadora.<\/p>\n\n\n\n<p>Lo nuevo, y mucho m\u00e1s grave, en el caso dominicano \u2013 y me parece que se trata de un fen\u00f3meno inducido desde los centros imperialistas a ser desplegado en muchos lugares del planeta- es el intenso volumen que la gran burgues\u00eda transnacional y local, ya en funciones ejecutivas a nivel de gobierno, le est\u00e1 imprimiendo a ese instrumental, junto a la marcada orientaci\u00f3n hacia la apropiaci\u00f3n y control de \u00e1reas claves del territorio, del sector p\u00fablico y del patrimonio natural del pa\u00eds.<\/p>\n\n\n\n<p>Se trata de apropiarse de costas, de territorios de enorme valor inmobiliario, de verdaderos tesoros naturales, fuentes de agua, fuentes de energ\u00edas, puertos, aeropuertos, autov\u00edas y empresas de servicios estrat\u00e9gicos altamente sensibles para la seguridad del pa\u00eds y la vida de sus pobladores.<\/p>\n\n\n\n<p>En ese orden, los gobernantes hablan de una nueva \u201cvisi\u00f3n de Estado\u201d, de una nueva manera de \u201creformarlo\u201d, mediante la asociaci\u00f3n  del Estado con el gran capital privado criollo y extranjero  en negocios compartidos por ambos actores, pero con un gran y \u00fanico beneficiario llamado a montarse sobre el patrimonio nacional y la capacidad de endeudamiento del pa\u00eds para esos fines.<\/p>\n\n\n\n<p>Los pr\u00e9stamos fluir\u00edan desde los organismos multilaterales (FMI, BID, BM, entidades financieras de la UE) y los bancos de negocios con la garant\u00eda de los recursos f\u00edsicos del pa\u00eds para ser manejados por \u201cinversionistas\u201d privados, que realmente no invierten nada.<\/p>\n\n\n\n<p>El Estado pone naturaleza y bienes p\u00fablicos: playas, mares, r\u00edos, monta\u00f1as, bosques, terrenos urbanos y rurales, fuentes de agua y de energ\u00eda, paisajes hermosas ensenadas, monta\u00f1as, tierras, biodiversidad, infraestructuras a remodelar.<\/p>\n\n\n\n<p>Las empresas privadas, ya trasnacionales, ya con sello nativo, pero realmente lacayas, estar\u00e1n a cargo de la administraci\u00f3n de esas alianzas onerosas con la se quiere disfrazar de bueno un verdadero asalto al suelo, subsuelo y sobresuelo del pa\u00eds, en la l\u00f3gica de una acumulaci\u00f3n capitalista altamente concentrada y especulativa.<\/p>\n\n\n\n<p>En lo especulativo entra el turismo con sus negocios de bienes ra\u00edces junto al proceso del endeudamiento de un Estado quebrado por la pandemia, de un gobierno presto a tirarse en brazos del FMI y el BM, con socios privados proclives a coger prestado con las garant\u00edas de las riquezas del pa\u00eds sin realmente invertir.<\/p>\n\n\n\n<p>MARCA PA\u00cdS, bajo la direcci\u00f3n de dos de los grupos econ\u00f3micos m\u00e1s poderosos de la naci\u00f3n, va en esa l\u00ednea de vender nuestros tesoros y valores en el exterior.<\/p>\n\n\n\n<p>Los yacimientos de minerales estrat\u00e9gicos, siendo propiedad de la Naci\u00f3n, no entrar\u00e1n ni siquiera en ese tipo de asociaci\u00f3n, sino que habr\u00e1n de seguir siendo explotados bajo contratos leoninos y en t\u00e9rminos depredadores y contaminadores del ambiente.<\/p>\n\n\n\n<p>El programa minero est\u00e1 en la \u201cgatera\u201d y van a intentar darle permiso de explotaci\u00f3n a corporaciones tipo UNIGOLD, GOLDQUEST y, sobre todo, a la propia BARRICK en su plan de expansi\u00f3n  hacia Loma de los Siete Picos en la Sierra de Yamas\u00e1 y construcci\u00f3n de presa de cola en Caunce, con todas sus funestas consecuencias ambientales sobre los r\u00edos Ozama e Isabela.<\/p>\n\n\n\n<p>Esa minera, ahora con el avance de impuestos para financiar el presupuesto del 2021, se coloca en posici\u00f3n privilegiada para exigir esa concesi\u00f3n de explotaci\u00f3n y  permiso para su peligrosa presa de cola, que no es m\u00e1s que  otro dep\u00f3sito eterno de veneno.<\/p>\n\n\n\n<p>El discurso oficial sobre ese tema -compartido febrilmente por los representantes del gran capital privado y gran parte de su tecnocracia y su bancada legislativa-  revela que esa visi\u00f3n sobre el Estado es una visi\u00f3n empresarial-capitalista de la pol\u00edtica, con un fondo pro-colonialista; una visi\u00f3n privatizadora del propio Estado y de los partidos que integran el Congreso y parte del Gabinete, cada vez mas desplazados a nivel de funciones ejecutivas por empresarios convertidos en funcionarios gubernamentales.<\/p>\n\n\n\n<p>M\u00e1s puertos, aeropuertos, carreteras, proyectos tur\u00edsticos y \u201cecotur\u00edsticos\u201d, plantas o entidades el\u00e9ctricas, centros de salud y educaci\u00f3n privados\u2026 concebidos como negocios privados con el Estado como socio subordinado,  o simplemente como negocios privatizados, est\u00e1n en marcha. <\/p>\n\n\n\n<p>En fin, lo que  se deber\u00eda desprivatizar, va a crecer sobre la base de m\u00e1s presencia y control del capital privado sobre el patrimonio nacional y al precio de un oneroso endeudamiento externo.<\/p>\n\n\n\n<p>Esto es as\u00ed porque el gran capital privado transnacional y local, que dirige el actual gobierno, no concibe otro tipo de asociaci\u00f3n que no sea bajo su hegemon\u00eda.<\/p>\n\n\n\n<p>Y es funesto por m\u00e1s que se insista en vestir a los lobos de ovejas y en presentar como futuro maravilloso un proyecto de profundizaci\u00f3n de la colonizaci\u00f3n a costa de la vida de este pueblo y esta isla.<\/p>\n\n\n\n<p>Todo esto va de la mano de la militarizaci\u00f3n de la pol\u00edtica y del control militar-policial del territorio bajo el mando militar del Comando Sur del Pent\u00e1gono y la asesor\u00eda colombo-estadounidense-israel\u00ed, con ominosos compromisos recientemente concertados de entrenamientos, formaci\u00f3n militar, maniobras y operaciones militares conjuntas para supuestamente defender la seguridad regional; lo que realmente se traduce en el compromiso de participar alegremente en las agresiones imperialistas contra los pa\u00edses soberanos de la regi\u00f3n (en particular contra Venezuela y Cuba) y apretar las garras sobre Hait\u00ed.<\/p>\n\n\n\n<p><strong>\u2022 LA MAYOR PERVERSIDAD DEL MECANISMO APPS ES SU PRETENDIDO EMPLEO PARA INTRODUCIR EL NEGOCIO PRIVADO EN EL RECURSO AGUA.<\/strong><\/p>\n\n\n\n<p>V\u00eda las APPS el Gobierno de Luis Abinader pretende abrir las compuertas hacia la privatizaci\u00f3n de las principales fuentes de aguas que han resistido la embestida depredadora y contaminadora de las \u00faltimas d\u00e9cadas.<\/p>\n\n\n\n<p>M\u00e1s all\u00e1 de un discurso t\u00e9cnico oficial que reconoce la crisis del agua y su amenaza sobre la vida de nuestra sociedad, m\u00e1s all\u00e1 de la asunci\u00f3n de las certezas de los m\u00e1s calificados diagn\u00f3sticos sobre el tema, lo concreto es que la concepci\u00f3n del poder establecido sobre el proyecto de ley  y el Pacto  por el Agua  que se est\u00e1 sugiriendo incluye un conjunto de empresas APPS que implican introducir el negocio capitalista en la fuentes de agua del pa\u00eds, lo cual es sencillamente es un crimen de lesa patria.<\/p>\n\n\n\n<p>En las propuestas estructuradas por el gobierno y el sector privado es que realmente aparece con claridad la inaceptable intenci\u00f3n privatizadora financiada con endeudamiento p\u00fablico.<\/p>\n\n\n\n<p style=\"text-align:left\">El agua, que es vida, que vale m\u00e1s que el oro y es un bien com\u00fan, est\u00e1 amenazada de ser convertida en negocio privado especulativo por la gravitaci\u00f3n  combinada de la ley y el pacto de agua de factura gubernamental y adem\u00e1s por el impacto de las concesiones mineras en las proximidades de sus fuentes.<\/p>\n\n\n\n<p>Para el negocio privado ser\u00e1n rentables la disminuci\u00f3n, el deterioro de las cuencas, la contaminaci\u00f3n y la alteraci\u00f3n del ciclo natural de las aguas nacionales.<\/p>\n\n\n\n<p>El pacto sugerido es del Estado con las empresas privadas, cuando deber\u00eda ser del Estado con las comunidades, que s\u00ed saben del valor del agua para la vida de los seres humanos y su entorno natural, y se resisten por razones de sobrevivencia a que un recurso natural que es de todos\/as, crucial para la continuidad de la vida de esta isla y esta sociedad, sea convertido en mercanc\u00eda y fuente de lucro de unos pocos magnates.<\/p>\n\n\n\n<p>En verdad, nada m\u00e1s perverso que esa pretensi\u00f3n. A ella es de vida o muerte declararle la guerra.<\/p>\n","protected":false},"excerpt":{"rendered":"<p>Narciso Isa Conde Si la salud y la educaci\u00f3n son derechos y jam\u00e1s deben ser negocios, el agua mucho menos. El agua es vida y con la vida de un pa\u00eds, una regi\u00f3n, una sociedad, un planeta\u2026 no se negocia. Es inaceptable que se pretenda privatizar la fuentes de agua y a ese extremo llegan [&hellip;]<\/p>\n","protected":false},"author":1,"featured_media":5037,"comment_status":"open","ping_status":"open","sticky":false,"template":"","format":"standard","meta":{"footnotes":""},"categories":[5,16],"tags":[],"_links":{"self":[{"href":"http:\/\/www.movimientocaamanista.com\/index.php?rest_route=\/wp\/v2\/posts\/5035"}],"collection":[{"href":"http:\/\/www.movimientocaamanista.com\/index.php?rest_route=\/wp\/v2\/posts"}],"about":[{"href":"http:\/\/www.movimientocaamanista.com\/index.php?rest_route=\/wp\/v2\/types\/post"}],"author":[{"embeddable":true,"href":"http:\/\/www.movimientocaamanista.com\/index.php?rest_route=\/wp\/v2\/users\/1"}],"replies":[{"embeddable":true,"href":"http:\/\/www.movimientocaamanista.com\/index.php?rest_route=%2Fwp%2Fv2%2Fcomments&post=5035"}],"version-history":[{"count":1,"href":"http:\/\/www.movimientocaamanista.com\/index.php?rest_route=\/wp\/v2\/posts\/5035\/revisions"}],"predecessor-version":[{"id":5036,"href":"http:\/\/www.movimientocaamanista.com\/index.php?rest_route=\/wp\/v2\/posts\/5035\/revisions\/5036"}],"wp:featuredmedia":[{"embeddable":true,"href":"http:\/\/www.movimientocaamanista.com\/index.php?rest_route=\/wp\/v2\/media\/5037"}],"wp:attachment":[{"href":"http:\/\/www.movimientocaamanista.com\/index.php?rest_route=%2Fwp%2Fv2%2Fmedia&parent=5035"}],"wp:term":[{"taxonomy":"category","embeddable":true,"href":"http:\/\/www.movimientocaamanista.com\/index.php?rest_route=%2Fwp%2Fv2%2Fcategories&post=5035"},{"taxonomy":"post_tag","embeddable":true,"href":"http:\/\/www.movimientocaamanista.com\/index.php?rest_route=%2Fwp%2Fv2%2Ftags&post=5035"}],"curies":[{"name":"wp","href":"https:\/\/api.w.org\/{rel}","templated":true}]}}