{"id":5038,"date":"2021-08-15T13:55:48","date_gmt":"2021-08-15T13:55:48","guid":{"rendered":"http:\/\/www.movimientocaamanista.com\/?p=5038"},"modified":"2021-08-15T13:55:50","modified_gmt":"2021-08-15T13:55:50","slug":"las-elecciones-de-la-historia","status":"publish","type":"post","link":"http:\/\/www.movimientocaamanista.com\/?p=5038","title":{"rendered":"Las elecciones de la historia"},"content":{"rendered":"\n<p>Gustavo Espinoza M.<\/p>\n\n\n\n<p>Fuente: <a href=\"https:\/\/rebelion.org\/las-elecciones-de-la-historia\/\">Rebeli\u00f3n<\/a><\/p>\n\n\n\n<p>La lucha de los pueblos se ha producido en distintas etapas y en diversos escenarios. Pero siempre, ha dado los frutos que se buscaban. Muchas veces, los pueblos han sufrido reveses y contrastes dolorosos y tr\u00e1gicos. Se ha perdido el tiempo, pero, sobre todo, se han perdido vidas muy valiosas. Esta es una verdad que fluye de la realidad universal, que atraviesa los tiempos y el espacio, &nbsp;y que muestra las fortalezas de unos y las debilidades de otros.<\/p>\n\n\n\n<p>En una sociedad como la nuestra, en la que se perpetuara por largos a\u00f1os el oprobio y&nbsp; la injusticia, la fuerza estuvo en manos de los poderosos; &nbsp;en tanto que las debilidades afectaron a las poblaciones vulnerables y en particular a los trabajadores. Bien se puede decir que los opresores mantuvieron en sus manos los resortes del Poder porque supieron manejar recursos, y posibilidades.<\/p>\n\n\n\n<p>Tuvieron dinero, controlaron el sistema financiero, alentaron medios de comunicaci\u00f3n, dividieron a sus adversarios, y se empe\u00f1aron en borrar de la cabeza de las gentes, todas las ideas; haciendo que los pobres no pensaran en la lucha por sus derechos m\u00e1s elementales. En el Per\u00fa \u00e9sta fue la se\u00f1al que sign\u00f3 el bicentenario de una Rep\u00fablica que vivi\u00f3 virtualmente en bancarrota.<\/p>\n\n\n\n<p>Durante 200 a\u00f1os la Clase Dominante trasmiti\u00f3 un mensaje fatal que hoy hace crisis: los ricos son ricos gracias a su capacidad y a su trabajo; y los pobres, lo son por ociosos y pusil\u00e1nimes. Se trata -nos dijeron- de una suerte de \u201corden universal\u201d, basado en la naturaleza misma, cuando no en una voluntad divina.<\/p>\n\n\n\n<p>Cuando el pueblo fue tomando conciencia de lo \u00edrrito de esta oprobiosa \u201cley\u201d se produjeron diversas luchas. La historia las recuerda como episodios fugaces: El Paro por la Jornada de 8 horas en 1919; las huelga mineras de los a\u00f1os 30; la celebraci\u00f3n del 1 de Mayo en 1935, enfrentando la dictadura de Benavides;&nbsp; las heroicas luchas contra el Odriismo, en Arequipa y Cusco en los a\u00f1os 50;&nbsp; la intensa movilizaci\u00f3n liderada por la CGTP durante el Proceso Revolucionario de Juan Velasco; el Paro del 19 de julio del 77; las jornadas que alumbraron el surgimiento de la Izquierda Unida. Hitos de una historia que hoy adquiere continuidad, y otras dimensiones.<\/p>\n\n\n\n<p>La experiencia demuestra que la lucha de los pueblos adquiere modalidades distintas. Las masas populares unas veces promueven insurrecciones, como en Arequipa en los 50. Otras, grandes movilizaciones sociales, como la de noviembre del 2020 que ech\u00f3 del gobierno a los aventureros. Y tambi\u00e9n participan en Jornadas electorales de las que salen victoriosos, como lo confirma el triunfo de Pedro Castillo, el pasado 6 de junio.<\/p>\n\n\n\n<p>Existe una sola regla que regula esos procesos: el pueblo triunfa cuando est\u00e1 unido y organizado; y sufre derrotas, cuando se divide y se anarquiza. As\u00ed fue en el pasado y as\u00ed habr\u00e1 de suceder en el futuro porque la historia -generosa- abre puertas; pero tambi\u00e9n castiga severamente a quienes no saben usarlas.<\/p>\n\n\n\n<p>El poeta cubano Nicol\u00e1s Guillen, con genialidad literaria&nbsp;&nbsp; nos ense\u00f1aba a unir todas las manos para construir la muralla, abrirla para que entrara una rosa y un clavel; y cerrarla, cuando llegaba el sable del coronel.<\/p>\n\n\n\n<p>Pues bien, en tormo al gobierno que inicia su gesti\u00f3n, liderado por Pedro Castillo, es deber esencial juntar todas la manos, para construir esa muralla y defenderla; pero tambi\u00e9n para impedir que sea violentada. Es una manera pr\u00e1ctica de machacar la idea que Unidad y Organizaci\u00f3n son garant\u00eda de avance y de victoria.&nbsp; Para ellas, hacen falta todas las manos. Nadie sobra. Y para defenderla, esas mismas manos deber\u00e1n cerrarse toda acechanza.<\/p>\n\n\n\n<p>El enemigo -el fascismo a la ofensiva- pretende dividir y anarquizar al pueblo. Coloca cu\u00f1as entre unos y otros explotando celos, rivalidades menudas, desconfianzas, resquemores y prejuicios; pero alienta el sectarismo y el hegemonismo, el caudillismo, la vanidad, y hasta la ambici\u00f3n personal, que a\u00fan subsiste.&nbsp; Ataca en las plazas p\u00fablicas, denigra personas, azuza temores. Hay que cerrar esa muralla con firmeza.<\/p>\n\n\n\n<p>Como dec\u00eda Mari\u00e1tegui, en la hora de hoy, nada nos divide. \u201c<em>Todos debemos sentirnos unidos por la solidaridad de clase, vinculados en la lucha contra el adversario com\u00fan, ligados por la misma voluntad revolucionaria y la misma pasi\u00f3n renovadora\u201d.<\/em><\/p>\n\n\n\n<p>Hay quienes, en circunstancias como \u00e9sta, se desalientan porque las cosas no ocurren como cre\u00edan que deb\u00edan suceder. Sue\u00f1an con un cambio pac\u00edfico, tranquilo, sosegado, sin violencia de ninguna clase, y abrumado de aciertos, y alegr\u00eda. Imaginaban un camino despejado, libre de ca\u00eddas, errores, manchas y reveses o infortunios; sin broncas que enturbiaran sus delicados sentimientos.<\/p>\n\n\n\n<p>La realidad les dice que los cambios radicales, no se producen as\u00ed. Generan convulsiones, tensiones sociales, caos, e incluso desgobierno. Poco a poco se van sedimentando y encuentran su propio derrotero con el tiempo.<\/p>\n\n\n\n<p>Cuando los Bolcheviques tomaron el Poder en la Rusia de 1917, hubo Comisarios del Pueblo -es decir Ministros- que no sab\u00edan siquiera d\u00f3nde quedaba el Ministerio que tendr\u00edan a su cargo. Pero lo manejaron sabiamente porque actuaron con la simpleza y la honradez del pueblo. Eso fue all\u00e1, pero tambi\u00e9n lo fue, en todas partes.&nbsp; Cuando un modelo de dominaci\u00f3n cae y surge una nueva concepci\u00f3n de vida, crujen los resortes de la sociedad &nbsp;&nbsp;<\/p>\n\n\n\n<p>Aprender eso, ser\u00e1 un modo de asimilar las lecciones de la historia,<\/p>\n","protected":false},"excerpt":{"rendered":"<p>Gustavo Espinoza M. Fuente: Rebeli\u00f3n La lucha de los pueblos se ha producido en distintas etapas y en diversos escenarios. Pero siempre, ha dado los frutos que se buscaban. Muchas veces, los pueblos han sufrido reveses y contrastes dolorosos y tr\u00e1gicos. Se ha perdido el tiempo, pero, sobre todo, se han perdido vidas muy valiosas. [&hellip;]<\/p>\n","protected":false},"author":1,"featured_media":4281,"comment_status":"open","ping_status":"open","sticky":false,"template":"","format":"standard","meta":{"footnotes":""},"categories":[5,3],"tags":[],"_links":{"self":[{"href":"http:\/\/www.movimientocaamanista.com\/index.php?rest_route=\/wp\/v2\/posts\/5038"}],"collection":[{"href":"http:\/\/www.movimientocaamanista.com\/index.php?rest_route=\/wp\/v2\/posts"}],"about":[{"href":"http:\/\/www.movimientocaamanista.com\/index.php?rest_route=\/wp\/v2\/types\/post"}],"author":[{"embeddable":true,"href":"http:\/\/www.movimientocaamanista.com\/index.php?rest_route=\/wp\/v2\/users\/1"}],"replies":[{"embeddable":true,"href":"http:\/\/www.movimientocaamanista.com\/index.php?rest_route=%2Fwp%2Fv2%2Fcomments&post=5038"}],"version-history":[{"count":1,"href":"http:\/\/www.movimientocaamanista.com\/index.php?rest_route=\/wp\/v2\/posts\/5038\/revisions"}],"predecessor-version":[{"id":5039,"href":"http:\/\/www.movimientocaamanista.com\/index.php?rest_route=\/wp\/v2\/posts\/5038\/revisions\/5039"}],"wp:featuredmedia":[{"embeddable":true,"href":"http:\/\/www.movimientocaamanista.com\/index.php?rest_route=\/wp\/v2\/media\/4281"}],"wp:attachment":[{"href":"http:\/\/www.movimientocaamanista.com\/index.php?rest_route=%2Fwp%2Fv2%2Fmedia&parent=5038"}],"wp:term":[{"taxonomy":"category","embeddable":true,"href":"http:\/\/www.movimientocaamanista.com\/index.php?rest_route=%2Fwp%2Fv2%2Fcategories&post=5038"},{"taxonomy":"post_tag","embeddable":true,"href":"http:\/\/www.movimientocaamanista.com\/index.php?rest_route=%2Fwp%2Fv2%2Ftags&post=5038"}],"curies":[{"name":"wp","href":"https:\/\/api.w.org\/{rel}","templated":true}]}}