{"id":5053,"date":"2021-08-15T14:58:50","date_gmt":"2021-08-15T14:58:50","guid":{"rendered":"http:\/\/www.movimientocaamanista.com\/?p=5053"},"modified":"2021-09-13T10:45:40","modified_gmt":"2021-09-13T10:45:40","slug":"debemos-escuchar-todas-las-voces-y-mucho-mas-las-propias","status":"publish","type":"post","link":"http:\/\/www.movimientocaamanista.com\/?p=5053","title":{"rendered":"\u201cDebemos escuchar todas las voces, y mucho m\u00e1s las propias\u201d"},"content":{"rendered":"\n<p>Mauricio Vicent<\/p>\n\n\n\n<p>Fuente: <a href=\"https:\/\/segundacita.blogspot.com\/2021\/08\/debemos-escuchar-todas-las-voces-y.html\">Segunda Cita<\/a><\/p>\n\n\n\n<p><a rel=\"noreferrer noopener\" href=\"https:\/\/elpais.com\/cultura\/2016\/04\/26\/actualidad\/1461693332_512103.html\" target=\"_blank\">Silvio Rodr\u00edguez<\/a>\u00a0naci\u00f3 hace 74 a\u00f1os en el peque\u00f1o poblado habanero de San Antonio de los Ba\u00f1os, el lugar donde el domingo 11 de julio comenzaron las protestas contra el Gobierno, que r\u00e1pidamente se extendieron por la isla provocando una in\u00e9dita sacudida pol\u00edtica. El cantautor cubano, que se considera parte de la revoluci\u00f3n y denuncia el papel jugado por EE UU y su pol\u00edtica de asfixia en el agravamiento de la crisis en su pa\u00eds, cree que lo sucedido marca \u201cun antes y un despu\u00e9s\u201d y que las autoridades deber\u00edan responder con medidas econ\u00f3micas inmediatas, muchas de ellas retrasadas sin justificaci\u00f3n, y tambi\u00e9n abriendo espacios pol\u00edticos para que se expresen todos los ciudadanos, en especial los j\u00f3venes. Se declara a favor del di\u00e1logo y en contra de \u201clos extremos\u201d.<\/p>\n\n\n\n<p><strong>Pregunta.\u00a0<\/strong>\u00bfQu\u00e9 sinti\u00f3 al ver las\u00a0<a rel=\"noreferrer noopener\" href=\"https:\/\/elpais.com\/internacional\/2021-07-26\/los-juicios-por-las-protestas-del-11j-polarizan-cuba.html\" target=\"_blank\">protestas del 11 de julio,\u00a0<\/a>y la respuesta policial?<\/p>\n\n\n\n<p><strong>Respuesta.<\/strong>\u00a0Primero que nada, tristeza. Y no solo por ser un hecho ins\u00f3lito en Cuba. Es que ha ocurrido en el peor escenario posible: una pandemia mundial a\u00fan no controlada, que mata a diario, que exige medidas de distanciamiento que estaban siendo masivamente vulneradas. Por otra parte, en un panorama econ\u00f3mico especialmente desfavorable \u2014por la pandemia, claro est\u00e1\u2014y, para mi pa\u00eds, adem\u00e1s, por 62 a\u00f1os de un bloqueo que ha sido muy da\u00f1ino; para colmo incrementado por 240 medidas de asfixia extra que el gobierno de\u00a0<a rel=\"noreferrer noopener\" href=\"https:\/\/elpais.com\/noticias\/donald-trump\/\" target=\"_blank\">Trump<\/a>\u00a0nos impuso y que\u00a0<a rel=\"noreferrer noopener\" href=\"https:\/\/elpais.com\/noticias\/joseph-biden\/\" target=\"_blank\">Biden<\/a>\u00a0mantiene hasta el d\u00eda de hoy. De pronto se nos juntaron demasiadas crueldades e infortunios.<\/p>\n\n\n\n<p>Respecto a la acci\u00f3n policial, en la primera manifestaci\u00f3n, que fue en San Antonio de los Ba\u00f1os, no hubo respuesta alguna. Los manifestantes recorrieron las calles principales, pasaron por las sedes del gobierno municipal, frente al Partido y hasta por la polic\u00eda. All\u00ed no hubo represi\u00f3n, aunque despu\u00e9s, en otras ciudades, s\u00ed la hubo. Una represi\u00f3n que, por tratarse de Cuba, se amplifica, aunque sabemos que algunos que nos se\u00f1alan est\u00e1n acostumbrados a ver mucha m\u00e1s brutalidad en sus propios pa\u00edses. Por supuesto, afirmo categ\u00f3ricamente que estoy en contra de todo tipo de abuso.<\/p>\n\n\n\n<p><strong>P.\u00a0<\/strong>\u00bfLo sucedido marca un antes y un despu\u00e9s, o es un \u201ccap\u00edtulo m\u00e1s\u201d de la revoluci\u00f3n?<\/p>\n\n\n\n<p><strong>R.<\/strong>\u00a0Creo que es un antes y un despu\u00e9s por lo in\u00e9dito del hecho para nosotros. No creo que sea \u201cun cap\u00edtulo m\u00e1s\u201d; es algo de gravedad que nos lleva a reflexiones y espero que a medidas inmediatas. En Cuba vivimos una situaci\u00f3n de estr\u00e9s social que se acrecienta y estoy consciente de que no solo es culpa del bloqueo. Desde hace a\u00f1os economistas, polit\u00f3logos y ciudadanos se quejan de medidas econ\u00f3micas anunciadas que inexplicablemente no se han puesto en pr\u00e1ctica. Todo ese retardo es tambi\u00e9n responsable de lo sucedido.<\/p>\n\n\n\n<p><strong>P.<\/strong>\u00a0\u00bfPor qu\u00e9 cree que j\u00f3venes como el dramaturgo Yunior Garc\u00eda, uno de los detenidos, con quien se reuni\u00f3 hace d\u00edas, dicen que su generaci\u00f3n desde hace tiempo ya no se considera parte del proceso? \u00bfQu\u00e9 se ha roto?<\/p>\n\n\n\n<p><strong>R.<\/strong>\u00a0Nadie puede hablar en nombre de toda una generaci\u00f3n, ni siquiera un joven de 39 a\u00f1os como Yunior. Aunque tambi\u00e9n es cierto que algunos \u2013no s\u00f3lo de su generaci\u00f3n\u2013 han llegado a pensar que en Cuba no tienen futuro. <\/p>\n\n\n\n<p>Contradictoriamente, los que piensan as\u00ed se han formado en nuestras universidades. Recuerdo que hace 30 a\u00f1os, cuando intentaba convencer al gobierno de la necesidad de construir estudios de grabaci\u00f3n con tecnolog\u00eda de punta, uno de mis argumentos era la cantidad de buenos m\u00fasicos que egresaban de nuestras escuelas y la insuficiente infraestructura que los esperaba en la vida laboral. Desde entonces hasta hoy las condiciones econ\u00f3micas se han ido volviendo m\u00e1s precarias.<\/p>\n\n\n\n<p>Todo el mundo sabe que en Cuba es dif\u00edcil adquirir cualquier cosa que tenga tecnolog\u00eda de los Estados Unidos (el bloqueo lo impide). Las profesiones que requieren de cierta base material, aunque sea m\u00ednima, est\u00e1n como condenadas a las limitaciones. Creo que todo eso, aunque no determine, influye; va creando una especie de sentimiento fatalista acerca de un futuro con estrecheces, mientras que en otros lugares del mundo no es as\u00ed. Y lo cierto es que cuando uno es joven piensa que no le va a tocar la parte fea de la aventura sino la recompensa. Es parte de la ilusi\u00f3n de venir al mundo. El pueblo cubano ha escrito ejemplares p\u00e1ginas de resistencia, pero tambi\u00e9n ha pasado por d\u00e9cadas de penurias y escaseces.<\/p>\n\n\n\n<p><strong>P.<\/strong>\u00a0Muchos j\u00f3venes llevan pidiendo desde hace tiempo di\u00e1logo y espacios para expresarse y disentir (algo que hasta ahora no se ha producido), lo que en cierto modo implica que est\u00e1n dispuestos a contribuir a una soluci\u00f3n si se les escucha \u00bfhay esperanza, o se ha perdido demasiado tiempo?<\/p>\n\n\n\n<p><strong>R.\u00a0<\/strong>No solo j\u00f3venes: tambi\u00e9n mucha gente con experiencia est\u00e1 dispuesta a contribuir a la soluci\u00f3n de los problemas. Entre ellos, no pocos economistas brillantes. Por mi parte tengo esperanza y creo en los j\u00f3venes. Soy as\u00ed porque hubo personas que creyeron en m\u00ed cuando para otros result\u00e9 un problema. Todas las generaciones traen algo propio: lenguajes, reivindicaciones; todas las generaciones traen su dosis de continuidad y tambi\u00e9n de ruptura. Es su necesidad de plantar huella; es un impulso natural y, en ocasiones, es lo revolucionario que nos sacude y nos impele hacia delante. Estoy completamente a favor de dialogar. \u00bfNo dialogamos con la superpotencia que nos maltrata de hecho y de palabra? \u00bfPor qu\u00e9 ser\u00eda dif\u00edcil dialogar con una parte de nosotros mismos? Debemos escuchar todas las voces, y mucho m\u00e1s las propias.<\/p>\n\n\n\n<p><strong>P.\u00a0<\/strong>En los barrios m\u00e1s empobrecidos, que usted conoce, obviamente las penurias vividas son la base del malestar que hizo que mucha gente se echara a la calle, en su mayor\u00eda los j\u00f3venes \u00bfQu\u00e9 se debiera hacer desde el poder para contribuir a la soluci\u00f3n de los problemas?<\/p>\n\n\n\n<p><strong>R.<\/strong>\u00a0Estuve m\u00e1s de 11 a\u00f1os haciendo conciertos solamente en los barrios. Hace a\u00f1o y medio tuve que parar, por la pandemia. Lo hac\u00edamos por la enorme necesidad que constatamos. Pero solo hemos dado lo que podemos dar: m\u00fasica, y eso es solo parte de lo que la gente necesita. Ni el documental que promovimos,\u00a0<em>Canci\u00f3n de Barrio<\/em>, se pas\u00f3 por televisi\u00f3n. Y siempre hemos pensado que la atenci\u00f3n a los barrios se debiera sistematizar, hacerse cotidiana. Lo venimos diciendo y haciendo desde hace tres lustros.<br>A principios de la Revoluci\u00f3n hubo planes muy efectivos con los barrios marginales. Los primeros moradores de La Habana del Este ven\u00edan de viejos suburbios infrahumanos. Hasta los a\u00f1os 70 y los 80 aquel plan funcion\u00f3. Supongo que fue a partir de los noventa cuando aquella atenci\u00f3n decay\u00f3, seguro por el baj\u00f3n econ\u00f3mico que signific\u00f3 el fin del campo socialista. Ahora estamos econ\u00f3micamente en una situaci\u00f3n muy compleja, y hace solo unos d\u00edas se anunciaron algunas medidas para recomenzar a atender las necesidades de los cientos de miles que viven en la periferia de algunas ciudades. En estos momentos parece que empiezan a reconsiderarse o a llevarse a cabo medidas que eran muy necesarias.<\/p>\n\n\n\n<p><strong>P.<\/strong>\u00a0\u00bfBasta solo con medidas econ\u00f3micas, o hacen falta tambi\u00e9n cambios pol\u00edticos?<\/p>\n\n\n\n<p><strong>R.<\/strong>\u00a0A mi modo de ver necesitamos sobre todo medidas que agilicen el flujo productivo-econ\u00f3mico, lo que de por s\u00ed significa ajustes pol\u00edticos. Acaba de salir la Resoluci\u00f3n 320, que elimina los topes en los precios. Eso va a estimular la producci\u00f3n y tambi\u00e9n va a subrayar desigualdades, pero lo veo como una medida necesaria. Por supuesto, tambi\u00e9n significar\u00e1 m\u00e1s trabajo asistencial para el gobierno. Lo m\u00e1s incre\u00edble es que muchos de los cambios necesarios est\u00e1n aprobados desde hace dos congresos del PCC [Partido Comunista de Cuba], y adem\u00e1s refrendados en nuestra reciente Constituci\u00f3n. Uno supone, ya que no se ha explicado, que esos cambios han sido retrasados por corrientes de pensamiento m\u00e1s atentas a los viejos manuales de socialismo que a la realidad; tambi\u00e9n los frenan una burocracia acomodada e indolente.<\/p>\n\n\n\n<p><strong>P.<\/strong>\u00a0Se est\u00e1n desarrollando ahora los juicios sumarios contra los detenidos. Usted ha pedido que se libere a los manifestantes pac\u00edficos que no participaron en hechos violentos. En estos d\u00edas ha habido decenas de condenas a m\u00e1s de un a\u00f1o de c\u00e1rcel, y algunos de los arrestados han denunciado abusos policiales \u00bfQu\u00e9 piensa de lo que est\u00e1 sucediendo?<\/p>\n\n\n\n<p><strong>R.<\/strong>\u00a0Hice esa petici\u00f3n p\u00fablica y la sostengo. De hecho, ya muchos han sido liberados. No s\u00e9 de cuestiones legales y habl\u00e9 con una amiga abogada, para aclararme. En primer lugar es obvio que las capacidades de nuestro sistema legal fueron sobresaturadas en unas horas. Eso explic\u00f3 los juicios sumarios que, seg\u00fan me dicen, heredamos de una ley espa\u00f1ola del siglo XIX. Las sanciones de los juicios sumarios suelen ser multas. Cuando se convierten en prisi\u00f3n se hace m\u00e1s cr\u00edtico el recurso, por la necesidad de garant\u00edas. Por ley no pueden rebasar el a\u00f1o de sanci\u00f3n. Se trata de delitos no graves.<\/p>\n\n\n\n<p><strong>P.<\/strong>\u00a0La l\u00ednea oficial es que no hubo un \u201cestallido social\u201d, y que detr\u00e1s de todo lo ocurrido est\u00e1 la mano de EE UU y la manipulaci\u00f3n extrema de las redes sociales para favorecer la desestabilizaci\u00f3n. Se insiste en calificar a la mayor\u00eda de los manifestantes en delincuentes, mercenarios y \u201cconfundidos\u201d \u00bfest\u00e1 de acuerdo?<\/p>\n\n\n\n<p><strong>R.\u00a0<\/strong>Mi criterio es que la mayor\u00eda de los manifestantes es pueblo saturado de m\u00faltiples angustias e incomodidades, estresado por un a\u00f1o y medio de pandemia, por un descenso dr\u00e1stico en el turismo (nuestra fuente principal de ingresos) y por el recorte severo de las remesas que impuso Trump. Algunas medidas, como poner las tiendas mejor surtidas en MLC, han sido francamente impopulares. En fin, no comparto la calificaci\u00f3n esquem\u00e1tica que se dio a los manifestantes, aunque en los videos se ve que entre la masa heterog\u00e9nea tambi\u00e9n hubo casos de vandalismo. Me pareci\u00f3 particularmente repudiable un caso de violencia contra un hospital materno-infantil en C\u00e1rdenas.<\/p>\n\n\n\n<p>Por mi parte, puedo testimoniar que el domingo de las protestas recib\u00ed en mi blog un creciente n\u00famero de instrucciones que llegaban por internet, guiando a la gente para que se lanzara a la calle. Dec\u00edan que se hab\u00edan levantado ciudades, que los gobiernos se hab\u00edan rendido y que el poder estaba en manos de la rebeli\u00f3n. Sub\u00edan fotos falsas. Era algo descabellado, pero algunos evidentemente lo creyeron. Sin duda as\u00ed se coordinaron los brotes de protesta en varios lugares a la vez.<\/p>\n\n\n\n<p><strong>P.\u00a0<\/strong>Este es un momento de polarizaci\u00f3n extrema, y desde los extremos a los que piden equidistancia se les acusa despectivamente de \u201ccentristas\u201d. \u00bfDespu\u00e9s de 62 a\u00f1os de revoluci\u00f3n, se pueden resolver las cosas sin dialogo y centrismo? \u00bfLo que usted hizo al reunirse con Yunior puede ser el principio de un camino, si las autoridades recogen el guante?<\/p>\n\n\n\n<p><strong>R.\u00a0<\/strong>Un d\u00eda despert\u00e9 y vi que hab\u00eda una carta p\u00fablica [de Yunior] invit\u00e1ndome a un di\u00e1logo; lo acept\u00e9. Si la invitaci\u00f3n me hubiera llegado por v\u00eda privada, hubiera hecho lo mismo. Jam\u00e1s he pretendido ser ejemplo de algo; bastante tengo con hacer canciones. Lo de centrista no me asusta. Los extremos son los que me parecen inadmisibles. Sin llegar a la polarizaci\u00f3n que se ve a diario en diversos lugares del mundo, lo que pas\u00f3 el domingo 11 de julio nos estremeci\u00f3, y sin duda debe llevarnos a una reflexi\u00f3n profunda.<\/p>\n\n\n\n<p>Supongo, espero, que eso est\u00e9 ocurriendo a todos los niveles.<\/p>\n\n\n\n<p>Creo que si en Cuba va a haber un solo partido este debe ser muy abierto, inclusivo, ecum\u00e9nico, aunque tenga metas estrat\u00e9gicas. El pa\u00eds y sus instituciones se deben a toda la ciudadan\u00eda, no s\u00f3lo a los que piensan de una forma. Todos tenemos derecho a ser respetados, escuchados y atendidos. En fin, creo que, como ha sido Cuba en la salud, debe serlo en todo lo dem\u00e1s.<\/p>\n","protected":false},"excerpt":{"rendered":"<p>Mauricio Vicent Fuente: Segunda Cita Silvio Rodr\u00edguez\u00a0naci\u00f3 hace 74 a\u00f1os en el peque\u00f1o poblado habanero de San Antonio de los Ba\u00f1os, el lugar donde el domingo 11 de julio comenzaron las protestas contra el Gobierno, que r\u00e1pidamente se extendieron por la isla provocando una in\u00e9dita sacudida pol\u00edtica. El cantautor cubano, que se considera parte de [&hellip;]<\/p>\n","protected":false},"author":1,"featured_media":4932,"comment_status":"open","ping_status":"open","sticky":false,"template":"","format":"standard","meta":{"footnotes":""},"categories":[5,3],"tags":[],"_links":{"self":[{"href":"http:\/\/www.movimientocaamanista.com\/index.php?rest_route=\/wp\/v2\/posts\/5053"}],"collection":[{"href":"http:\/\/www.movimientocaamanista.com\/index.php?rest_route=\/wp\/v2\/posts"}],"about":[{"href":"http:\/\/www.movimientocaamanista.com\/index.php?rest_route=\/wp\/v2\/types\/post"}],"author":[{"embeddable":true,"href":"http:\/\/www.movimientocaamanista.com\/index.php?rest_route=\/wp\/v2\/users\/1"}],"replies":[{"embeddable":true,"href":"http:\/\/www.movimientocaamanista.com\/index.php?rest_route=%2Fwp%2Fv2%2Fcomments&post=5053"}],"version-history":[{"count":1,"href":"http:\/\/www.movimientocaamanista.com\/index.php?rest_route=\/wp\/v2\/posts\/5053\/revisions"}],"predecessor-version":[{"id":5054,"href":"http:\/\/www.movimientocaamanista.com\/index.php?rest_route=\/wp\/v2\/posts\/5053\/revisions\/5054"}],"wp:featuredmedia":[{"embeddable":true,"href":"http:\/\/www.movimientocaamanista.com\/index.php?rest_route=\/wp\/v2\/media\/4932"}],"wp:attachment":[{"href":"http:\/\/www.movimientocaamanista.com\/index.php?rest_route=%2Fwp%2Fv2%2Fmedia&parent=5053"}],"wp:term":[{"taxonomy":"category","embeddable":true,"href":"http:\/\/www.movimientocaamanista.com\/index.php?rest_route=%2Fwp%2Fv2%2Fcategories&post=5053"},{"taxonomy":"post_tag","embeddable":true,"href":"http:\/\/www.movimientocaamanista.com\/index.php?rest_route=%2Fwp%2Fv2%2Ftags&post=5053"}],"curies":[{"name":"wp","href":"https:\/\/api.w.org\/{rel}","templated":true}]}}