{"id":5063,"date":"2021-08-16T11:06:35","date_gmt":"2021-08-16T11:06:35","guid":{"rendered":"http:\/\/www.movimientocaamanista.com\/?p=5063"},"modified":"2021-08-16T11:06:36","modified_gmt":"2021-08-16T11:06:36","slug":"95-anos-de-vida-de-fidel","status":"publish","type":"post","link":"http:\/\/www.movimientocaamanista.com\/?p=5063","title":{"rendered":"95 A\u00d1OS  DE VIDA DE FIDEL"},"content":{"rendered":"\n<p>Narciso Isa Conde<\/p>\n\n\n\n<p>Fidel cumpli\u00f3 este 13 de agosto 95 a\u00f1os de vida.<\/p>\n\n\n\n<p>Y digo de vida sin temor a equivoco, porque como dec\u00eda en su canci\u00f3n el poeta venezolano Al\u00ed Primera\u2026 \u201chay muertos que no mueren\u201d y Fidel es uno de los m\u00e1s destacados entre ellos.<\/p>\n\n\n\n<p>M\u00e1s bien Fidel pas\u00f3 a otra vida, en la que sobresale su obra, su inmenso legado, su formidable ejemplo de firmeza, siempre abrazado a la insumisi\u00f3n de su pueblo. <\/p>\n\n\n\n<p>Fidel se  traslad\u00f3 a otra galaxia, en la que se multiplica su condici\u00f3n de pr\u00f3cer de la lucha por la liberaci\u00f3n humanidad.<\/p>\n\n\n\n<p>Naci\u00f3 en el Oriente heroico del Caim\u00e1n Indomable. All\u00e1 donde Maceo, Mart\u00ed y G\u00f3mez pasaron a la inmortalidad.<\/p>\n\n\n\n<p>Relev\u00f3 a Mart\u00ed en el 1953 con el intr\u00e9pido asalto al Cuartel Mocada, inaugurando en Santiago de Cuba  este promisorio y largo ciclo de luchas por la Segunda Independencia de Nuestra Am\u00e9rica, que dura ya 68 a\u00f1os y muestra a un imperialismo en persistente declive.<\/p>\n\n\n\n<p>Haza\u00f1a tras haza\u00f1as.<\/p>\n\n\n\n<ul><li>Moncada.<\/li><li>Desembarco del  Granma.<\/li><li>Sierra Maestra triunfante.<\/li><li>Gir\u00f3n y la gran primera derrota de los invasores  bajo el mando de la Casa Blanca.  <\/li><li>Antiimperialismo indoblegable.<\/li><li>Soberan\u00eda, Reforma agraria,  ciencia, deportes, salud y educaci\u00f3n para todos y todas<\/li><li>Proclama socialista  a 90 millas del Coloso. <\/li><li>Dignidad desafiante en aquel Octubre de los cohetes sovi\u00e9ticos.<\/li><li>Firmeza y creatividad para sobrevivir en medio de un bloqueo que dura 60 a\u00f1os devastadores.<\/li><li>Periodo especial victorioso, de pie frente al derrumbe de sus grandes aliados euro-sovi\u00e9ticos.<\/li><li>Contribuci\u00f3n heroica a la emancipaci\u00f3n africana: Congo, Namibia, Guinea Bisau, Mozambique, \u00c1frica del Sur, Etiop\u00eda, Quito Carnavalee\u2026<\/li><li>Internacionalismo consecuente a escala planetaria.<\/li><\/ul>\n\n\n\n<p>Haza\u00f1as tras haza\u00f1as\u2026 para  perdurar y trascender como pr\u00f3cer de la nueva independencia y del sue\u00f1o socialista.<\/p>\n\n\n\n<p> \u00bfQu\u00e9 m\u00e1s pedir para afirmar que Fidel vive y vivir\u00e1 eternamente?<\/p>\n\n\n\n<p> No hay manera de olvidarlo y desterrarlo de los duros y trascedentes combates del presente frente a un imperialismo altamente destructivo y en franca decadencia. \u00c9l aport\u00f3 demasiado para que as\u00ed sea. El reto actual es aprovechar ese declive para darle la estocada mortal a lo viejo en declive y crear lo nuevo que apenas y con enormes obstrucciones y agresiones ha comenzado a nacer.<\/p>\n\n\n\n<p> Fidel nos acompa\u00f1ar\u00e1, siempre desplegando su gran vitalidad, porque  los grandes h\u00e9roes de ese calibre solo mueren cuando se olvidan sus haza\u00f1as y se entierrar los ideales que las inspiraron.<\/p>\n\n\n\n<p> Eso no pasar\u00e1, como NO PASAR\u00c1N los nuevos verdugos de la humanidad.<\/p>\n","protected":false},"excerpt":{"rendered":"<p>Narciso Isa Conde Fidel cumpli\u00f3 este 13 de agosto 95 a\u00f1os de vida. Y digo de vida sin temor a equivoco, porque como dec\u00eda en su canci\u00f3n el poeta venezolano Al\u00ed Primera\u2026 \u201chay muertos que no mueren\u201d y Fidel es uno de los m\u00e1s destacados entre ellos. M\u00e1s bien Fidel pas\u00f3 a otra vida, en [&hellip;]<\/p>\n","protected":false},"author":1,"featured_media":5064,"comment_status":"open","ping_status":"open","sticky":false,"template":"","format":"standard","meta":{"footnotes":""},"categories":[5,16],"tags":[],"_links":{"self":[{"href":"http:\/\/www.movimientocaamanista.com\/index.php?rest_route=\/wp\/v2\/posts\/5063"}],"collection":[{"href":"http:\/\/www.movimientocaamanista.com\/index.php?rest_route=\/wp\/v2\/posts"}],"about":[{"href":"http:\/\/www.movimientocaamanista.com\/index.php?rest_route=\/wp\/v2\/types\/post"}],"author":[{"embeddable":true,"href":"http:\/\/www.movimientocaamanista.com\/index.php?rest_route=\/wp\/v2\/users\/1"}],"replies":[{"embeddable":true,"href":"http:\/\/www.movimientocaamanista.com\/index.php?rest_route=%2Fwp%2Fv2%2Fcomments&post=5063"}],"version-history":[{"count":1,"href":"http:\/\/www.movimientocaamanista.com\/index.php?rest_route=\/wp\/v2\/posts\/5063\/revisions"}],"predecessor-version":[{"id":5065,"href":"http:\/\/www.movimientocaamanista.com\/index.php?rest_route=\/wp\/v2\/posts\/5063\/revisions\/5065"}],"wp:featuredmedia":[{"embeddable":true,"href":"http:\/\/www.movimientocaamanista.com\/index.php?rest_route=\/wp\/v2\/media\/5064"}],"wp:attachment":[{"href":"http:\/\/www.movimientocaamanista.com\/index.php?rest_route=%2Fwp%2Fv2%2Fmedia&parent=5063"}],"wp:term":[{"taxonomy":"category","embeddable":true,"href":"http:\/\/www.movimientocaamanista.com\/index.php?rest_route=%2Fwp%2Fv2%2Fcategories&post=5063"},{"taxonomy":"post_tag","embeddable":true,"href":"http:\/\/www.movimientocaamanista.com\/index.php?rest_route=%2Fwp%2Fv2%2Ftags&post=5063"}],"curies":[{"name":"wp","href":"https:\/\/api.w.org\/{rel}","templated":true}]}}