{"id":5117,"date":"2021-08-24T10:54:28","date_gmt":"2021-08-24T10:54:28","guid":{"rendered":"http:\/\/www.movimientocaamanista.com\/?p=5117"},"modified":"2021-08-24T10:54:30","modified_gmt":"2021-08-24T10:54:30","slug":"vladimir-cerron-el-brujo-de-los-andes","status":"publish","type":"post","link":"http:\/\/www.movimientocaamanista.com\/?p=5117","title":{"rendered":"Vladimir Cerr\u00f3n, \u00bfel brujo de Los Andes?"},"content":{"rendered":"\n<p>Ollantay Itzamn\u00e1<\/p>\n\n\n\n<p>Fuente: <a href=\"https:\/\/rebelion.org\/vladimir-cerron-el-brujo-de-los-andes\/\">Rebeli\u00f3n<\/a><\/p>\n\n\n\n<p>Brujo es aquella persona que tiene la capacidad espiritual y cognitiva de ver una realidad que otros (por m\u00e1s que la miren) no la ven. El brujo mira, ve, interact\u00faa e intenta comunicar dicha realidad. En ese sentido, incluso anuncia y puede prevenir sucesos futur\u00edsticos.<\/p>\n\n\n\n<p>En Los Andes del Per\u00fa, a finales del siglo XIX, durante la Guerra entre Per\u00fa y Chile, los tropas chilenas hablaban de un brujo: \u00abAndr\u00e9s Avelino C\u00e1ceres, el brujo de Los Andes\u00bb. Este militar peruano, seg\u00fan historias coloquiales, pose\u00eda una capacidad cognitiva de prever las estrategias y t\u00e1cticas militares chilenas antes que ocurriesen, y as\u00ed venci\u00f3 al enemigo, en el campo de batalla, en barias ocasiones. Incluso sus enemigos le atribu\u00edan la capacidad de bilocaci\u00f3n (estar en varios lugares al mismo tiempo)<\/p>\n\n\n\n<p><strong>Vladimir Cerr\u00f3n, \u00bfel brujo de Los Andes?<\/strong><\/p>\n\n\n\n<p>A dos siglos de la Rep\u00fablica peruana, en Los Andes del Centro del Per\u00fa, aparece un sujeto sociopol\u00edtico, que inicialmente fue asumido como \u00abfil\u00e1ntropo de Los Andes\u00bb, por la prensa corporativa peruana. Se trata del m\u00e9dico cirujano Vladimir Cerr\u00f3n, fundador y Secretario General del partido pol\u00edtico Per\u00fa Libre, de tendencia de izquierda nacionalista, actualmente partido en funci\u00f3n de gobierno.<\/p>\n\n\n\n<p>En la medida que la admiraci\u00f3n y simpat\u00eda social se aglomeraba al rededor de la fuerza organizativa y narrativa pol\u00edtica post neoliberal de Cerr\u00f3n y Per\u00fa Libre, la prensa corporativa peruana fue convirtiendo a Cerr\u00f3n de ser el \u00abfil\u00e1ntropo\u00bb en el mism\u00edsimo demonio comunista de Los Andes.<\/p>\n\n\n\n<p>La multimillonaria guerra medi\u00e1tica contra Cerr\u00f3n y contra el Per\u00fa Libre, lejos de convertirlos en los \u00abenemigos internos\u00bb del Per\u00fa, los convirti\u00f3 en la hist\u00f3rica e in\u00e9dita primera fuerza pol\u00edtica del pa\u00eds, hasta convertirlo en el partido pol\u00edtico ganador (sin dinero, pero s\u00ed con ideas) en las recientes elecciones generales del bicentenario del Per\u00fa. As\u00ed, Pedro Castillo lleg\u00f3 a ser el primer Presidente Campesino del Per\u00fa de muchas sangres.<\/p>\n\n\n\n<p>Ante esta inexplicable capacidad pol\u00edtica comunicacional de Cerr\u00f3n y de su comando pol\u00edtico, la humillada y adolorida oligarqu\u00eda peruana invent\u00f3 el mito de \u00abVladimir Cerr\u00f3n el brujo de Los Andes\u00bb quien irremediablemente condenar\u00eda al Per\u00fa, con sus mal\u00e9ficas intenciones, al comunismo. En consecuencia, la consigna olig\u00e1rquica fue y es: \u00abmatar pol\u00edticamente a Cerron\u00bb. Le aplicaron muerte pol\u00edtica con las estrategias judiciales, pero Cerr\u00f3n no muri\u00f3.<\/p>\n\n\n\n<p>As\u00ed fue c\u00f3mo, en el Per\u00fa bicentenario, incluso en n\u00facleos de clases medias letradas, anid\u00f3 y anida la superstici\u00f3n de: \u00abCerr\u00f3n es un brujo. Debemos alejarlo del actual Gobierno peruano. Nos va a llevar al pandemonio del comunismo\u00bb. Y Vladimir Cerr\u00f3n, con su silencio largo, y casi estoico, abon\u00f3 a que la atm\u00f3sfera supersticiosa casi sobrenatural se infundiese e irradiase.<\/p>\n\n\n\n<p>Pero, el domingo \u00faltimo, por la noche, en una televisora peruana de se\u00f1al abierta Vladimir \u00abrompi\u00f3 el hechizo\u00bb y habl\u00f3\u2026 Y efectivamente es un Brujo, no \u00fanicamente de Los Andes del Per\u00fa, sino de toda Abya Yala. No s\u00f3lo porque humill\u00f3 y derrot\u00f3 intelectualmente a su \u00abentrevistador, apologeta del neoliberalismo\u00bb, sino porque tiene la capacidad de ver y prever las dolorosas desgracias que el sistema neoliberal est\u00e1n ocasionando en el Per\u00fa y en Abya Yala.<\/p>\n\n\n\n<p>Despu\u00e9s de escuchar los planteamientos y argumentos de Vladimir Cerr\u00f3n, m\u00e1s all\u00e1 que estemos o no de acuerdo con esas ideas, lo que queda claro es que la oligarqu\u00eda lo demoniza porque el Brujo tiene las ideas claras y distintas, y las sabe comunicar con una tranquilidad casi estoica.<\/p>\n\n\n\n<p><strong>Ollantay Itzamn\u00e1. Defensor de Derechos de la Madre Tierra y Derechos Humanos desde Abya Yala<a rel=\"noreferrer noopener\" href=\"https:\/\/ollantayitzamna.com\/\" target=\"_blank\">.<\/a><\/strong><br><\/p>\n","protected":false},"excerpt":{"rendered":"<p>Ollantay Itzamn\u00e1 Fuente: Rebeli\u00f3n Brujo es aquella persona que tiene la capacidad espiritual y cognitiva de ver una realidad que otros (por m\u00e1s que la miren) no la ven. El brujo mira, ve, interact\u00faa e intenta comunicar dicha realidad. En ese sentido, incluso anuncia y puede prevenir sucesos futur\u00edsticos. En Los Andes del Per\u00fa, a [&hellip;]<\/p>\n","protected":false},"author":1,"featured_media":5118,"comment_status":"open","ping_status":"open","sticky":false,"template":"","format":"standard","meta":{"footnotes":""},"categories":[5,3],"tags":[],"_links":{"self":[{"href":"http:\/\/www.movimientocaamanista.com\/index.php?rest_route=\/wp\/v2\/posts\/5117"}],"collection":[{"href":"http:\/\/www.movimientocaamanista.com\/index.php?rest_route=\/wp\/v2\/posts"}],"about":[{"href":"http:\/\/www.movimientocaamanista.com\/index.php?rest_route=\/wp\/v2\/types\/post"}],"author":[{"embeddable":true,"href":"http:\/\/www.movimientocaamanista.com\/index.php?rest_route=\/wp\/v2\/users\/1"}],"replies":[{"embeddable":true,"href":"http:\/\/www.movimientocaamanista.com\/index.php?rest_route=%2Fwp%2Fv2%2Fcomments&post=5117"}],"version-history":[{"count":1,"href":"http:\/\/www.movimientocaamanista.com\/index.php?rest_route=\/wp\/v2\/posts\/5117\/revisions"}],"predecessor-version":[{"id":5119,"href":"http:\/\/www.movimientocaamanista.com\/index.php?rest_route=\/wp\/v2\/posts\/5117\/revisions\/5119"}],"wp:featuredmedia":[{"embeddable":true,"href":"http:\/\/www.movimientocaamanista.com\/index.php?rest_route=\/wp\/v2\/media\/5118"}],"wp:attachment":[{"href":"http:\/\/www.movimientocaamanista.com\/index.php?rest_route=%2Fwp%2Fv2%2Fmedia&parent=5117"}],"wp:term":[{"taxonomy":"category","embeddable":true,"href":"http:\/\/www.movimientocaamanista.com\/index.php?rest_route=%2Fwp%2Fv2%2Fcategories&post=5117"},{"taxonomy":"post_tag","embeddable":true,"href":"http:\/\/www.movimientocaamanista.com\/index.php?rest_route=%2Fwp%2Fv2%2Ftags&post=5117"}],"curies":[{"name":"wp","href":"https:\/\/api.w.org\/{rel}","templated":true}]}}