{"id":5153,"date":"2021-09-12T19:43:50","date_gmt":"2021-09-12T19:43:50","guid":{"rendered":"http:\/\/www.movimientocaamanista.com\/?p=5153"},"modified":"2021-10-03T16:12:29","modified_gmt":"2021-10-03T16:12:29","slug":"brigido-peguero-ejemplo-de-integridad-y-trascendencia-revolucionaria","status":"publish","type":"post","link":"http:\/\/www.movimientocaamanista.com\/?p=5153","title":{"rendered":"BR\u00cdGIDO PEGUERO: EJEMPLO DE INTEGRIDAD Y TRASCENDENCIA REVOLUCIONARIA"},"content":{"rendered":"\n<p>\u2022    Intervenci\u00f3n de Narciso Isa Conde en la Homenaje Presencial a Br\u00edgido Peguero en la UASD, Secretario General del MPD fallecido el pasado mes de junio).<\/p>\n\n\n\n<p>\u2022    Rechazo al anuncio de un posible acuerdo de colaboraci\u00f3n BARRICK GOLD-UASD<\/p>\n\n\n\n<p>El citado convenio a suscribirse entre ambas instituciones establece la realizaci\u00f3n de un trabajo conjunto<\/p>\n\n\n\n<p>APRECIADAS AUTORIDADES DE LA UASD, APRECIADOS CAMARADAS, AMIGOS\/AS:<\/p>\n\n\n\n<p>Es imposible para m\u00ed iniciar estas palabras sin referirme a un hecho dado a conocer el pasado viernes.<\/p>\n\n\n\n<p>Br\u00edgido no me lo perdonar\u00eda.<\/p>\n\n\n\n<p>Los medios de comunicaci\u00f3n del pa\u00eds, incluido peri\u00f3dico EL UNIVERSITARIO, han difundido la noticia de que la doctora Emma Polanco Melo, rectora de la Universidad Aut\u00f3noma de Santo Domingo (UASD), recibi\u00f3 en su despacho a la presidenta de la empresa minera Barrick Gold, se\u00f1ora Juana Barcel\u00f3, con el prop\u00f3sito de firmar un acuerdo de colaboraci\u00f3n acad\u00e9mica precisamente con una corporaci\u00f3n transnacional que ha estafado al pa\u00eds, depredado y envenenado parte  de su territorio;  y que adem\u00e1s &#8211; con sus pretensiones de expansi\u00f3n y construcci\u00f3n de otra presa de cola en Guanes- amenaza contaminar las fuentes de agua que consume el 40 % de nuestros habitantes, incluido el Gran santo Domingo. <\/p>\n\n\n\n<p>Esta pretensi\u00f3n est\u00e1 re\u00f1ida con la memoria, los principios y el rol de la UASD, adem\u00e1s de hacer causa com\u00fan con agresiones y ofensas a la soberan\u00eda de nuestra Academia y de nuestra Patria, y de contraponerse inoportunamente a las luchas actuales contra  la impronta destructiva de esa corporaci\u00f3n minera es absolutamente inaceptable.<\/p>\n\n\n\n<p>Ojala se logre persuadir al Rectora de no avanzar m\u00e1s en esa ruta peligrosa. Es oportuno el momento para comprometernos a hacer hasta lo imposible para que ese acuerdo no sea concertado, junto a la determinaci\u00f3n de  promover y acompa\u00f1ar todos los pasos y todas las luchas que sean necesarias para impedir su concreci\u00f3n.<\/p>\n\n\n\n<p>Estoy seguro que el inolvidable camarada Brigido, desde su condici\u00f3n de uasdiano consecuente, ambientalista, investigador y patriota, nos lo agradecer\u00e1 y nos acompa\u00f1ar\u00e1. As\u00ed como tambi\u00e9n Am\u00edn, Narciso y Sagrario.<\/p>\n\n\n\n<p>La trayectoria de Brigido, a quien hoy rendimos merecidos honores no deja dudas al respecto.<br> xxxxxxxxxxxxxxxxxxxxxxxxxxxxxxxxx<\/p>\n\n\n\n<p><strong>\u2022 SEMBLANZA POL\u00cdTICA<\/strong><\/p>\n\n\n\n<p>Br\u00edgido Peguero falleci\u00f3 el pasado mes de junio bajo el impacto de la  COVID 19.<\/p>\n\n\n\n<p>Su precipitada despedida ha conmovido a las izquierdas y amplios sectores del campo popular, a sus seres queridos y al conjunto de profesionales  e investigadores\/as de las ciencias naturales.<\/p>\n\n\n\n<p>Nuestros\/as camaradas y hermanos\/as del MPD me han conferido el alto honor de hablar en este lindo acto de su dimensi\u00f3n pol\u00edtico-social.<\/p>\n\n\n\n<p>Atribuyo esta decisi\u00f3n a la inmensa amistad, a la comunidad de ideales emancipadores, a la solidaridad humana y a las identidades pol\u00edticas \u00e9tico-morales y pol\u00edticas que nos unieron para siempre y que han posibilitado la persistente alianza de nuestras organizaciones en la IZQUIERDA REVOLUCIONARIA-IR, extendida recientemente a la agrupaci\u00f3n MANDO.<\/p>\n\n\n\n<p>Br\u00edgido es uno de los camaradas del MPD que m\u00e1s he apreciado. El cari\u00f1o, m\u00e1s all\u00e1 de los ideales y convicciones revolucionarias que nos unieron, toca ra\u00edces profundas de nuestra condici\u00f3n humana. <\/p>\n\n\n\n<p>De \u00e9l recib\u00ed, durante casi 40 a\u00f1os, una infinita solidaridad pol\u00edtica, moral y personal a todo lo largo de nuestras fraternales relaciones, especialmente en momentos dif\u00edciles, desagradables y peligrosos.<\/p>\n\n\n\n<p>Quienes lo conocimos de cerca y nos enteramos  de sus valores en las relaciones familiares, en la amistad, en el quehacer profesional y en la militancia pol\u00edtica\u2026 quienes vivimos su coherencia integral,  su humanismo, sus inconmovibles lealtades al MPD, a las izquierdas consecuentes y sus combates, a los h\u00e9roes y hero\u00ednas de  su pueblo, al internacionalismo revolucionario, a los principios marxistas, a la concepci\u00f3n lenininista del accionar pol\u00edtico-organizativo en esta sociedad, no podemos evitar el impacto estremecedor en nuestros corazones de su muerte f\u00edsica y el vac\u00edo que este hecho deja en nuestras filas mas all\u00e1 de su valioso y permanente legado.<\/p>\n\n\n\n<p><strong>\u2022 Dar a conocer sus valores.<\/strong><\/p>\n\n\n\n<p>Es lamentable el desconocimiento de su trayectoria en una parte importante de nuestra sociedad, lo que no es accidental. La discriminaci\u00f3n de clase y racial, y la hostilidad del poder frente a su militancia emepede\u00edsta, han gravitado mucho como factores excluyentes. Sin embargo, tengo la seguridad de que para Br\u00edgido, lejos de ser  tormento, esa discriminaci\u00f3n se convirti\u00f3 en motivo de orgullo y satisfacci\u00f3n.<\/p>\n\n\n\n<p>Nos toca ahora \u2013 sobre todo por el valor educativo que encierra- dar a conocer lo que realmente ha representado su liderazgo en el MPD, en la diversidad del movimiento revolucionario y en las luchas populares.<\/p>\n\n\n\n<p>Brigido, el Comandante Alfredo, hombre de ciencia y  luchas trascendentes, naci\u00f3 el d\u00eda 8 del mes de octubre del a\u00f1o 1952, en un hogar muy humilde; en Hig\u00fcey, provincia La Altagracia. <\/p>\n\n\n\n<p>Durante su ni\u00f1ez, pubertad, adolescencia y juventud se dedic\u00f3 a estudiar y a trabajar, logrando una excelente formaci\u00f3n, primero como Bachiller en Filosof\u00eda y Letras y en Ciencia F\u00edsicas y Matem\u00e1ticas, y luego  como bi\u00f3logo graduado en la UASD\u2026 hasta incursionar exitosamente en el campo de la investigaci\u00f3n y llegar a ser uno de los bot\u00e1nicos m\u00e1s sobresaliente del pa\u00eds y del Continente. <\/p>\n\n\n\n<p>A los compases de su dedicaci\u00f3n al estudio se integr\u00f3 tempranamente a las luchas estudiantiles y al MPD, contribuyendo siempre al desarrollo de sus corrientes en el movimiento social. El FEFLAS, FELABEL, FALPO y los Comandos de Acci\u00f3n conocieron de sus desvelos, talento, firmeza y osad\u00edas.<\/p>\n\n\n\n<p>Br\u00edgido, como Am\u00edn, fue de los que ESTUDI\u00d3 y LUCH\u00d3 sin pausas y sin prepotencia\u2026 hasta convertirse, por m\u00e9ritos propios, en un profesional brillante, en valiente y eficaz Secretario General del MPD y destacado dirigente de izquierda.<\/p>\n\n\n\n<p>Expositor vibrante y en\u00e9rgico de sus convicciones. Conductor con gran capacidad unificadora y articuladora de las complejidades internas y las diversas alianzas.<\/p>\n\n\n\n<p>Siempre intransigente frente al poder opresor del gran capital y firme frente al imperialismo y su estrategia. Al pie del ca\u00f1\u00f3n frente al terror y al entreguismo balaguerista. Combativo frente a las traiciones del PRD y PLD, y a la actual gesti\u00f3n colonialista y ultra-neoliberal del PRM. En\u00e9rgico ante las izquierdas claudicantes, dentro y fuera de su partido. \u00a1Comunista de alto calibre siempre! <\/p>\n\n\n\n<p>Resalta su honestidad en la vida personal, en el trabajo y la militancia pol\u00edtica. Su amor hacia sus familiares. Su entrega a la liberaci\u00f3n de la humanidad y al socialismo. Su pasi\u00f3n por la investigaci\u00f3n y las ciencias. Su solidaridad humana para con los\/as desvalidos\/as. Sus conocimientos y sus fibras y energ\u00edas antiimperialistas desplegadas en la lucha contra la miner\u00eda destructiva de FALCONDO y BARRICK GOLD.  Su modestia y sencillez.<\/p>\n\n\n\n<p><strong>\u2022 Un ser inolvidable<\/strong><\/p>\n\n\n\n<p>Dirigente de la estirpe de Maximiliano G\u00f3mez (El Moreno), Am\u00edn Abel y Otto Morales, y  apasionado partidario del CAMBIO RADICAL\u2026 transitamos juntos un largo periodo de unidad y luchas trascendentes, que recientemente se ha expresado en la coalici\u00f3n Izquierda Revolucionaria-IR-Mando.<\/p>\n\n\n\n<p>Con el alma templada seguiremos abraz\u00e1ndolo intensamente y expresando el orgullo de ser sus amigos\/as, familiares, colegas y compa\u00f1eros\/as de lucha.<\/p>\n\n\n\n<p>\u00a1Presente su inmenso afecto y enorme bondad! <br>\u00a1Presente su trayectoria ejemplar y solidaridad sin l\u00edmites!<br>A \u00e9l todos los honores. <\/p>\n\n\n\n<p>A sus seres queridos, a quienes dedic\u00f3 atenci\u00f3n y cari\u00f1o, reiteramos nuestras condolencias. <\/p>\n\n\n\n<p>A sus camaradas de partido y a las izquierdas inclaudicables, la recomendaci\u00f3n  de tratar ser como \u00e9l: humilde, estudioso, insobornable, valiente y solidario. <\/p>\n\n\n\n<p>A los ambientalistas, amar como \u00e9l am\u00f3 la Madre Tierra y defender a muerte sus derechos, inseparables de los derechos de la humanidad.<\/p>\n\n\n\n<p>De \u00e9l hemos hablado impropiamente de su muerte, de su fallecimiento, de su despedida\u2026<\/p>\n\n\n\n<p>La verdad es que Br\u00edgido Peguero es de los seres humanos que no fallecen, que no se despiden, por lo que al finalizar estas palabras retomo la frase a la que apel\u00f3 su hermana Florencia cuando redact\u00f3 los datos biogr\u00e1ficos de este inolvidable camarada: <\/p>\n\n\n\n<p>\u201cLos muertos solo pueden ser muertos y considerarse como tales, cuando los vivos lo olvidan\u201d<\/p>\n\n\n\n<p>Ciertamente: no hay manera de olvidar a Br\u00edgido y no hay forma de despedir a un ser  que actu\u00f3 para quedarse siempre en la memoria y luchas de su pueblo y de todos los pueblos del mundo que logren conocer su ejemplar trayectoria.<\/p>\n\n\n\n<p>Abrazos,<br>\u00a1HASTA LA VICTORIA SIEMPRE! <\/p>\n","protected":false},"excerpt":{"rendered":"<p>\u2022 Intervenci\u00f3n de Narciso Isa Conde en la Homenaje Presencial a Br\u00edgido Peguero en la UASD, Secretario General del MPD fallecido el pasado mes de junio). \u2022 Rechazo al anuncio de un posible acuerdo de colaboraci\u00f3n BARRICK GOLD-UASD El citado convenio a suscribirse entre ambas instituciones establece la realizaci\u00f3n de un trabajo conjunto APRECIADAS AUTORIDADES [&hellip;]<\/p>\n","protected":false},"author":1,"featured_media":4697,"comment_status":"open","ping_status":"open","sticky":false,"template":"","format":"standard","meta":{"footnotes":""},"categories":[5,16],"tags":[],"_links":{"self":[{"href":"http:\/\/www.movimientocaamanista.com\/index.php?rest_route=\/wp\/v2\/posts\/5153"}],"collection":[{"href":"http:\/\/www.movimientocaamanista.com\/index.php?rest_route=\/wp\/v2\/posts"}],"about":[{"href":"http:\/\/www.movimientocaamanista.com\/index.php?rest_route=\/wp\/v2\/types\/post"}],"author":[{"embeddable":true,"href":"http:\/\/www.movimientocaamanista.com\/index.php?rest_route=\/wp\/v2\/users\/1"}],"replies":[{"embeddable":true,"href":"http:\/\/www.movimientocaamanista.com\/index.php?rest_route=%2Fwp%2Fv2%2Fcomments&post=5153"}],"version-history":[{"count":1,"href":"http:\/\/www.movimientocaamanista.com\/index.php?rest_route=\/wp\/v2\/posts\/5153\/revisions"}],"predecessor-version":[{"id":5154,"href":"http:\/\/www.movimientocaamanista.com\/index.php?rest_route=\/wp\/v2\/posts\/5153\/revisions\/5154"}],"wp:featuredmedia":[{"embeddable":true,"href":"http:\/\/www.movimientocaamanista.com\/index.php?rest_route=\/wp\/v2\/media\/4697"}],"wp:attachment":[{"href":"http:\/\/www.movimientocaamanista.com\/index.php?rest_route=%2Fwp%2Fv2%2Fmedia&parent=5153"}],"wp:term":[{"taxonomy":"category","embeddable":true,"href":"http:\/\/www.movimientocaamanista.com\/index.php?rest_route=%2Fwp%2Fv2%2Fcategories&post=5153"},{"taxonomy":"post_tag","embeddable":true,"href":"http:\/\/www.movimientocaamanista.com\/index.php?rest_route=%2Fwp%2Fv2%2Ftags&post=5153"}],"curies":[{"name":"wp","href":"https:\/\/api.w.org\/{rel}","templated":true}]}}