{"id":5163,"date":"2021-09-20T10:59:26","date_gmt":"2021-09-20T10:59:26","guid":{"rendered":"http:\/\/www.movimientocaamanista.com\/?p=5163"},"modified":"2021-10-10T13:47:01","modified_gmt":"2021-10-10T13:47:01","slug":"el-covid-19-y-el-bloqueo-economico-ejercen-una-fuerte-presion-sobre-el-sistema-sanitario-cubano","status":"publish","type":"post","link":"http:\/\/www.movimientocaamanista.com\/?p=5163","title":{"rendered":"El COVID-19 y el bloqueo econ\u00f3mico ejercen una fuerte presi\u00f3n sobre el sistema sanitario cubano"},"content":{"rendered":"\n<p>Marc Vandepitte<\/p>\n\n\n\n<p>Fuente: <a href=\"https:\/\/rebelion.org\/el-covid-19-y-el-bloqueo-economico-ejercen-una-fuerte-presion-sobre-el-sistema-sanitario-cubano\/\">Rebeli\u00f3n<\/a><\/p>\n\n\n\n<p>\n\nTraducido del neerland\u00e9s por Sven Magnus<\/p>\n\n\n\n<p>El sistema de salud cubano est\u00e1 entre los mejores del mundo, pero hoy cruje bajo el peso del COVID-19. Este es el resultado del bloqueo econ\u00f3mico y de la cepa delta altamente contagiosa. Ahora se est\u00e1n haciendo todos los esfuerzos para una campa\u00f1a de vacunaci\u00f3n r\u00e1pida. Es una carrera contra el tiempo.<\/p>\n\n\n\n<h2 class=\"wp-block-heading\">Campana de alarma<\/h2>\n\n\n\n<p>Cuba vive&nbsp;<a href=\"https:\/\/rebelion.org\/wp-content\/uploads\/2021\/07\/Los-recientes-disturbios-en-Cuba-Excelente-ejemplo-de-fakenews-y-la-guerra-medi%C3%A1tica.pdf\">tiempos dif\u00edciles<\/a>. Como consecuencia de la intensificaci\u00f3n del bloqueo econ\u00f3mico de Estados Unidos y de la p\u00e9rdida de turismo a causa del COVID-19, el pa\u00eds atraviesa una profunda depresi\u00f3n econ\u00f3mica. Muchos productos b\u00e1sicos, como los alimentos y las medicinas, han empezado a escasear.<\/p>\n\n\n\n<p>Por si fuera poco, la crisis del COVID-19 golpea ahora con especial dureza. Tanto es as\u00ed que el sistema sanitario, que est\u00e1 entre los mejores del mundo, corre el riesgo de verse desbordado por la pandemia.<\/p>\n\n\n\n<p>Unos m\u00e9dicos han hecho sonar recientemente&nbsp;<a href=\"https:\/\/www.reuters.com\/world\/americas\/rare-doctors-outcry-highlights-cubas-covid-crisis-growing-dissent-2021-08-18\/\">la alarma<\/a>&nbsp;a trav\u00e9s de las redes sociales. Se\u00f1alan la escasez de medicamentos, ox\u00edgeno y otras necesidades para combatir el actual brote de COVID-19. Al igual que en la mayor\u00eda de los pa\u00edses occidentales durante los picos de contagios, el personal m\u00e9dico de Cuba est\u00e1 hoy exhausto.<\/p>\n\n\n\n<p>El presidente&nbsp;<a href=\"https:\/\/www.presidencia.gob.cu\/es\/noticias\/podemos-vencer-el-pico-pandemico\/\">Miguel D\u00edaz-Canel<\/a>&nbsp;reconoce que el sistema sanitario est\u00e1 sobrecargado. \u201cLa situaci\u00f3n actual de la epidemia ha sobrepasado las capacidades del sistema de salud, tensionando el trabajo de todo su personal, de todos los organismos que est\u00e1n apoyando en el enfrentamiento a la pandemia, y tambi\u00e9n porque existe un mayor consumo de medicamentos y ox\u00edgeno.\u201d<\/p>\n\n\n\n<h2 class=\"wp-block-heading\">Excelente comienzo\u2026<\/h2>\n\n\n\n<p>La aguda situaci\u00f3n actual es bastante inesperada. El a\u00f1o pasado, Cuba hab\u00eda manejado la crisis del COVID-19 de manera excelente. A pesar de ser un pa\u00eds muy transitado, el n\u00famero de infecciones se hab\u00eda mantenido muy bajo.<\/p>\n\n\n\n<p>El&nbsp;<a href=\"https:\/\/rebelion.org\/por-que-nicaragua-cuba-y-venezuela-lo-estan-haciendo-tan-bien-en-la-lucha-contra-el-covid-19\/\">servicio de salud bien organizado<\/a>, la movilizaci\u00f3n del pueblo y la firme decisi\u00f3n de detener el turismo fueron factores importantes. Cuba construy\u00f3 un sistema s\u00f3lido de prueba, detecci\u00f3n y aislamiento (PDA).Todos los que dieron positivo, incluso los que no ten\u00edan s\u00edntomas, fueron&nbsp;<a href=\"https:\/\/www.ellitoral.com\/index.php\/id_um\/262560-cuba-reabre-la-mayor-parte-del-pais-al-turismo-internacional-avanza-en-la-nueva-normalidad-internacionales.html\">hospitalizados<\/a>.<\/p>\n\n\n\n<p>Hasta hace unos meses, el n\u00famero de muertes por COVID-19 por habitante era uno de los m\u00e1s bajos del mundo. A mediados de mayo de 2021 Cuba ten\u00eda&nbsp;<a href=\"https:\/\/rebelion.org\/un-nuevo-estudio-advierte-que-la-cantidad-de-muertes-por-covid-19-es-mucho-mayor-de-lo-que-se-informa\/\">12 muertes por COVID-19<\/a>&nbsp;por cada 100.000 habitantes. En Europa, hab\u00eda 275.<\/p>\n\n\n\n<h2 class=\"wp-block-heading\">\u2026 a pesar del bloqueo<\/h2>\n\n\n\n<p>Que Cuba lo hiciera tan bien no es evidente, ya que tuvo que hacerlo en circunstancias dif\u00edciles. Adem\u00e1s del bloqueo ya en vigor, la administraci\u00f3n de Trump hab\u00eda incluido a Cuba en&nbsp;<a href=\"https:\/\/www.bbc.com\/news\/world-latin-america-55627032\">la lista<\/a>&nbsp;de pa\u00edses que apoyan el terrorismo. Biden no ha cambiado esa decisi\u00f3n. Esto tiene consecuencias de gran alcance. Impide que las empresas hagan negocios con Cuba.<\/p>\n\n\n\n<p>Muchas&nbsp;<a href=\"https:\/\/www.fgr.gob.cu\/sites\/default\/files\/20201023\/Publicaciones\/necesidad-de-poner-fin-al-bloqueo-economico-comercial-y-financiero-impuesto-por-los-estados-unidos-de-america-contra-cuba.pdf\">empresas m\u00e9dicas<\/a>&nbsp;que exportaban medicamentos o equipos m\u00e9dicos a Cuba en el pasado ya no lo hacen. Las empresas de transporte tampoco est\u00e1n dispuestas a seguir visitando Cuba. Por ejemplo, una donaci\u00f3n de mascarillas y kits de diagn\u00f3stico&nbsp;<a href=\"https:\/\/www.telesurenglish.net\/news\/cuba--new-us-interference-during-special-situation-by-covid19-20200401-0002.html\">procedentes de China<\/a>&nbsp;nunca pudo llegar a Cuba porque la compa\u00f1\u00eda naviera estadounidense se neg\u00f3 a hacer el transporte en el \u00faltimo momento. Por la misma raz\u00f3n, la compra de equipos de respiraci\u00f3n a la&nbsp;<a href=\"https:\/\/peoplesworld.org\/article\/u-s-company-buys-ventilator-suppliers-and-then-cancels-shipments-to-cuba\/\">empresa californiana<\/a>&nbsp;Vyaire Medical Inc. no fue posible.<\/p>\n\n\n\n<p>Los bancos, en particular, ya no est\u00e1n dispuestos a realizar transacciones financieras. Por ejemplo, no se ejecut\u00f3 una donaci\u00f3n financiera por parte de un&nbsp;<a href=\"https:\/\/www.clacso.org\/cuba-contra-dos-pandemias\/\">grupo de solidaridad suizo<\/a>. Las donaciones estaban destinadas a la compra de reactivos necesarios para las pruebas de diagn\u00f3stico y equipos de protecci\u00f3n en la lucha contra el Covid-19.<\/p>\n\n\n\n<h2 class=\"wp-block-heading\">Luego vino la variante delta<\/h2>\n\n\n\n<p>El enfoque funcion\u00f3 bien siempre que el n\u00famero de nuevas infecciones no fuera demasiado elevado. Pero la variante delta, mucho m\u00e1s contagiosa, ech\u00f3 un \u00f3rdago.&nbsp;<a href=\"https:\/\/www.miamiherald.com\/news\/nation-world\/world\/americas\/cuba\/article253098838.html\">A partir de junio de 2021<\/a>, la variante delta se convirti\u00f3 en la dominante y el n\u00famero de infecciones diarias se dispar\u00f3. Con tantos casos nuevos al d\u00eda, el sistema PDA no pod\u00eda seguir el ritmo y el protocolo de hospitalizaci\u00f3n de todos los casos positivos era&nbsp;<a href=\"https:\/\/www.theguardian.com\/world\/2021\/aug\/22\/cuba-coronavirus-vaccines-health-system\">insostenible<\/a>.<\/p>\n\n\n\n<p>Despu\u00e9s de un a\u00f1o y medio de medidas, la fatiga del COVID-19 empez\u00f3 a aparecer, como aqu\u00ed. En ese momento, la campa\u00f1a de vacunaci\u00f3n acababa de empezar. Esta campa\u00f1a se retras\u00f3 por dos razones. Cuba produce sus propias vacunas. Como hab\u00eda tan pocos pacientes covid en la primera oleada, la fase de prueba dur\u00f3 mucho m\u00e1s. En los pa\u00edses occidentales, en cambio, no faltaban estos pacientes\u2026<\/p>\n\n\n\n<p>Una segunda raz\u00f3n es el bloqueo econ\u00f3mico. Hace que&nbsp;<a href=\"https:\/\/www.theguardian.com\/world\/2021\/aug\/22\/cuba-coronavirus-vaccines-health-system\">las materias<\/a>&nbsp;primas b\u00e1sicas no lleguen al pa\u00eds o se retrasan mucho. Esto ha retrasado la campa\u00f1a de vacunaci\u00f3n semanas, si no meses.<\/p>\n\n\n\n<p>En la actualidad el 27% de la poblaci\u00f3n est\u00e1 totalmente vacunada y el 44% ha recibido al menos una dosis. Cuba tiene as\u00ed la&nbsp;<a href=\"https:\/\/www.theguardian.com\/world\/2021\/aug\/22\/cuba-coronavirus-vaccines-health-system\">tercera tasa de vacunaci\u00f3n m\u00e1s alta<\/a>&nbsp;de Am\u00e9rica Latina. Pero sigue siendo demasiado baja para ofrecer suficiente resistencia a la variante delta.<\/p>\n\n\n\n<p>El efecto de las vacunas es muy claro. El 80% de las muertes de&nbsp;<a href=\"https:\/\/www.worldometers.info\/coronavirus\/country\/cuba\/\">Cuba<\/a>&nbsp;se produjeron despu\u00e9s del 1 de junio. En los pa\u00edses con alto grado de vacunaci\u00f3n, como&nbsp;<a href=\"https:\/\/www.worldometers.info\/coronavirus\/country\/france\/\">Francia<\/a>, el&nbsp;<a href=\"https:\/\/www.worldometers.info\/coronavirus\/country\/UK\/\">Reino Unido<\/a>&nbsp;y&nbsp;<a href=\"https:\/\/www.worldometers.info\/coronavirus\/country\/belgium\/\">B\u00e9lgica<\/a>, las cifras son del 4, 3 y 1,5% respectivamente.<\/p>\n\n\n\n<p>A partir de junio el n\u00famero de nuevas infecciones se dispar\u00f3 a m\u00e1s de&nbsp;<a href=\"https:\/\/www.worldometers.info\/coronavirus\/country\/cuba\/\">9.000 al d\u00eda<\/a>&nbsp;y Cuba tiene actualmente una de las tasas m\u00e1s altas del mundo. Afortunadamente, el aumento se ha detenido recientemente. El n\u00famero de muertes por COVID-19 tambi\u00e9n es muy elevado, actualmente alrededor de 80 al d\u00eda, aunque afortunadamente se ha observado un ligero descenso en la \u00faltima semana.<\/p>\n\n\n\n<h2 class=\"wp-block-heading\">Manos a la obra<\/h2>\n\n\n\n<p>Los hospitales no est\u00e1n preparados para tantos pacientes con COVID-19. Hay escasez de antibi\u00f3ticos, analg\u00e9sicos y otros medicamentos. Los m\u00e9dicos recetan cada vez m\u00e1s&nbsp;<a href=\"https:\/\/www.cubaencuentro.com\/cuba\/noticias\/cubanos-recurren-a-las-yerbas-a-falta-de-medicinas-339516\">medicamentos naturales<\/a>.<\/p>\n\n\n\n<p>Para reforzar el personal m\u00e9dico, volvieron brigadas m\u00e9dicas cubanas de varios pa\u00edses, como&nbsp;<a href=\"https:\/\/salud.msp.gob.cu\/regresan-colaboradores-que-apoyaron-el-enfrentamiento-a-la-covid-19-en-panama-y-san-cristobal-y-nieves\/\">Panam\u00e1<\/a>&nbsp;y&nbsp;<a href=\"https:\/\/diariodecuba.com\/cuba\/1624803965_32221.html?__cf_chl_jschl_tk__=pmd_JUr6_Qf6DPsLgPXRg1bf3uqbaOoEbtNNy1U_F.B05b4-1629974136-0-gqNtZGzNAfujcnBszQjR\">Sud\u00e1frica<\/a>. El ej\u00e9rcito tambi\u00e9n se despleg\u00f3 para&nbsp;<a href=\"https:\/\/www.reuters.com\/world\/americas\/cuba-struggles-get-oxygen-sick-vaccines-healthy-2021-08-17\/\">suministrar ox\u00edgeno<\/a>, entre otras cosas.<\/p>\n\n\n\n<p>Ahora se est\u00e1n haciendo esfuerzos para vacunar a todo el mundo lo antes posible. A&nbsp;<a href=\"https:\/\/www.reuters.com\/world\/americas\/cuba-struggles-get-oxygen-sick-vaccines-healthy-2021-08-17\/\">finales de septiembre<\/a>, la mitad de la poblaci\u00f3n habr\u00e1 sido vacunada y a finales de este a\u00f1o, el 95%. Las dos vacunas cubanas, Abdala y Soberana 2, tienen una eficacia superior al 90%.<\/p>\n\n\n\n<h2 class=\"wp-block-heading\">Bloqueo anticuado e injusto<\/h2>\n\n\n\n<p>Estados Unidos se autoproclama regularmente campe\u00f3n de los derechos humanos. Si es as\u00ed, \u00bfpor qu\u00e9 mantienen una ley de bloqueo estranguladora durante una pandemia?<\/p>\n\n\n\n<p>Varios&nbsp;<a href=\"https:\/\/www.ohchr.org\/SP\/NewsEvents\/Pages\/DisplayNews.aspx?NewsID=25848&amp;LangID=S\">expertos en derechos humanos de la ONU<\/a>&nbsp;han instado a Estados Unidos a levantar el bloqueo econ\u00f3mico y financiero a Cuba para que pueda luchar contra la pandemia del COVID-19.<\/p>\n\n\n\n<p>\u201cInstamos al gobierno de Estados Unidos a que levante todas las medidas orientadas a establecer barreras comerciales y a que proh\u00edba los aranceles, las cuotas y otras medidas no tarifarias, entre ellas las que impiden la financiaci\u00f3n y adquisici\u00f3n de medicamentos, equipos m\u00e9dicos, alimentos y otros bienes esenciales.<\/p>\n\n\n\n<p>Nos preocupa particularmente el riesgo que corren el derecho a la vida, la salud y otros derechos fundamentales de los sectores m\u00e1s vulnerables de la poblaci\u00f3n cubana, entre otras las personas con discapacidad y los ancianos, que se encuentran expuestos a mayores peligros cuando contraen el virus. Este es un asunto de la m\u00e1xima importancia y de gran urgencia.\u201d<\/p>\n\n\n\n<h2 class=\"wp-block-heading\">Una oportunidad hist\u00f3rica<\/h2>\n\n\n\n<p><a href=\"https:\/\/oxfamilibrary.openrepository.com\/bitstream\/handle\/10546\/621191\/bp-cuba-blockade-women-250521-summ-en.pdf?sequence=4link\">Oxfam Solidarity<\/a>&nbsp;se pronuncia en el mismo sentido.<\/p>\n\n\n\n<p>\u201cHoy en d\u00eda, el embargo de Estados Unidos obstaculiza los esfuerzos de Cuba para detener la propagaci\u00f3n de la pandemia.<\/p>\n\n\n\n<p>Oxfam se une a otras muchas voces en todo el mundo para alzar la voz contra el obsoleto e injusto bloqueo que Estados Unidos sigue manteniendo contra Cuba. En el contexto de una pandemia global que ha desencadenado crisis sanitarias y econ\u00f3micas sin precedentes en todo el mundo, creemos que es necesario actuar urgentemente para normalizar las relaciones entre Estados Unidos y Cuba y poner fin al embargo estadounidense.<\/p>\n\n\n\n<p>Las crisis crean oportunidades. Creemos que existe una oportunidad hist\u00f3rica para que Estados Unidos, bajo el liderazgo de la administraci\u00f3n Biden, lleve a cabo una nueva pol\u00edtica estadounidense de compromiso respetuoso y constructivo con Cuba. Oxfam pide el fin del embargo estadounidense para reparar la injusticia cometida contra las mujeres y los hombres cubanos que luchan por su derecho a vivir sin bloqueo\u00bb.<\/p>\n\n\n\n<p>Corresponde a los movimientos de solidaridad aumentar la presi\u00f3n contra el bloqueo.<\/p>\n","protected":false},"excerpt":{"rendered":"<p>Marc Vandepitte Fuente: Rebeli\u00f3n Traducido del neerland\u00e9s por Sven Magnus El sistema de salud cubano est\u00e1 entre los mejores del mundo, pero hoy cruje bajo el peso del COVID-19. Este es el resultado del bloqueo econ\u00f3mico y de la cepa delta altamente contagiosa. Ahora se est\u00e1n haciendo todos los esfuerzos para una campa\u00f1a de vacunaci\u00f3n [&hellip;]<\/p>\n","protected":false},"author":1,"featured_media":2529,"comment_status":"open","ping_status":"open","sticky":false,"template":"","format":"standard","meta":{"footnotes":""},"categories":[5,3],"tags":[],"_links":{"self":[{"href":"http:\/\/www.movimientocaamanista.com\/index.php?rest_route=\/wp\/v2\/posts\/5163"}],"collection":[{"href":"http:\/\/www.movimientocaamanista.com\/index.php?rest_route=\/wp\/v2\/posts"}],"about":[{"href":"http:\/\/www.movimientocaamanista.com\/index.php?rest_route=\/wp\/v2\/types\/post"}],"author":[{"embeddable":true,"href":"http:\/\/www.movimientocaamanista.com\/index.php?rest_route=\/wp\/v2\/users\/1"}],"replies":[{"embeddable":true,"href":"http:\/\/www.movimientocaamanista.com\/index.php?rest_route=%2Fwp%2Fv2%2Fcomments&post=5163"}],"version-history":[{"count":1,"href":"http:\/\/www.movimientocaamanista.com\/index.php?rest_route=\/wp\/v2\/posts\/5163\/revisions"}],"predecessor-version":[{"id":5164,"href":"http:\/\/www.movimientocaamanista.com\/index.php?rest_route=\/wp\/v2\/posts\/5163\/revisions\/5164"}],"wp:featuredmedia":[{"embeddable":true,"href":"http:\/\/www.movimientocaamanista.com\/index.php?rest_route=\/wp\/v2\/media\/2529"}],"wp:attachment":[{"href":"http:\/\/www.movimientocaamanista.com\/index.php?rest_route=%2Fwp%2Fv2%2Fmedia&parent=5163"}],"wp:term":[{"taxonomy":"category","embeddable":true,"href":"http:\/\/www.movimientocaamanista.com\/index.php?rest_route=%2Fwp%2Fv2%2Fcategories&post=5163"},{"taxonomy":"post_tag","embeddable":true,"href":"http:\/\/www.movimientocaamanista.com\/index.php?rest_route=%2Fwp%2Fv2%2Ftags&post=5163"}],"curies":[{"name":"wp","href":"https:\/\/api.w.org\/{rel}","templated":true}]}}