{"id":5181,"date":"2021-09-21T11:26:00","date_gmt":"2021-09-21T11:26:00","guid":{"rendered":"http:\/\/www.movimientocaamanista.com\/?p=5181"},"modified":"2021-09-21T11:26:05","modified_gmt":"2021-09-21T11:26:05","slug":"abimael-guzman-mancilla-con-su-cadaver-al-estado-peruano","status":"publish","type":"post","link":"http:\/\/www.movimientocaamanista.com\/?p=5181","title":{"rendered":"Abimael Guzm\u00e1n mancilla con su cad\u00e1ver al Estado peruano"},"content":{"rendered":"\n<p>Ollantay Itzamn\u00e1<\/p>\n\n\n\n<p>Fuente: <a href=\"https:\/\/rebelion.org\/abimael-guzman-mancilla-con-su-cadaver-al-estado-peruano\/\">Rebeli\u00f3n<\/a> <\/p>\n\n\n\n<p>Abimael Guzm\u00e1n Reynoso, de 86 a\u00f1os de edad, fundador y dirigente principal de Sedero Luminoso (SL), falleci\u00f3 el 11 de septiembre reciente, en la Base Naval del Callao, Per\u00fa, mientras purgaba la pena de cadena perpetua.<\/p>\n\n\n\n<p>El suceso activ\u00f3 nuevamente el morbo nacional e internacional sobre la \u201cpeligrosidad\u201d de Guzm\u00e1n, esta vez, centrado en su cad\u00e1ver. El Estado y la sociedad peruana debatieron, por cerca de una semana, sobre el destino del putrefacto cad\u00e1ver, mientras el pa\u00eds entero languidece por pandemias como el COVID19, el hambre, la corrupci\u00f3n\u2026<\/p>\n\n\n\n<p>En la raz\u00f3n jur\u00eddica b\u00e1sica de cualquier pa\u00eds con mediana civilidad, \u201cla pena del reo fenece con su muerte, y los restos mortales de \u00e9ste ya no son asunto de Estado\u201d. Pero, en el bicentenario Per\u00fa, Abimael Guzm\u00e1n, incluso con su cad\u00e1ver puso en vilo al pa\u00eds y al Estado, oblig\u00e1ndole a \u00e9ste a sancionar\/promulgar una Ley especial para \u201cdesaparecer\u201d de la vista p\u00fablica al amenazante cuerpo muerto.<\/p>\n\n\n\n<p>La &nbsp;modificaci\u00f3n que hizo el Congreso de la Rep\u00fablica a la Ley n. 26842, sobre Salud P\u00fablica, facult\u00e1ndole al Ministerio de Salud \u201ccremar y esparcir las cenizas de Guzm\u00e1n de manera secreta\u201d rompe con varios principios universales del Derecho en general, y del Derecho Penal, en particular.<\/p>\n\n\n\n<p>Car\u00e1cter universal del Derecho. En principio toda Ley tiene car\u00e1cter universal, es decir, ninguna Ley se sanciona contra una persona en particular. De hacerlo, involuciona el Derecho, convirti\u00e9ndose en un acto de venganza.<\/p>\n\n\n\n<p>Car\u00e1cter irretroactivo de la Ley. Toda Ley se aplica a hechos venideros, salvo que favorezca al reo. En este caso, el Estado peruano aprob\u00f3 y sancion\u00f3 una Ley punitiva para aplicar a un hecho ya ocurrido.<\/p>\n\n\n\n<p>Debido proceso. Todas las acciones judiciales deben de realizarse en el marco legal previamente establecido y con el conocimiento de las partes implicadas. Modificar\/adecuar una Ley para perseguir un caso particular vulnera a este principio universal del Derecho.<\/p>\n\n\n\n<p>La violaci\u00f3n premeditada de estos tres principios del Derecho: universalidad, debido proceso e irretroactividad, desvirt\u00faan el Derecho y lo convierten en un velado acto de venganza. Es decir, Guzm\u00e1n, con su cuerpo sepult\u00f3 en el Per\u00fa nada menos que al Derecho Positivo con el cual se le juzg\u00f3 en vida. \u00bfC\u00f3mo podr\u00e1 explicar el Per\u00fa a sus habitantes y al mundo sobre este vergonzoso acto de venganza estatal en nombre de la democracia?<\/p>\n\n\n\n<p>No soy seguidor, mucho menos simpatizante, del m\u00e9todo violento de SL. Es m\u00e1s, all\u00e1 en los noventa, las circunstancias me libraron en Comas, Lima, cuando una bomba de SL explot\u00f3 a unos metros del bus ENATRU en el que viajaba.<\/p>\n\n\n\n<p>Pero, ahora, me da verg\u00fcenza el deficitario nivel intelectual con el que se debati\u00f3 y resolvi\u00f3 el destino de un cuerpo humano, al vaiv\u00e9n del c\u00e1lculo pol\u00edtico. Me recuerda a las escenas dantescas de venganzas griegas con los restos mortuorios de los enemigos. O las im\u00e1genes coloniales en las que se descuartizaban y desparramaban los restos de incas sublevados.<\/p>\n\n\n\n<p>Ayer y hoy, siempre bajo el mismo argumento: escarmentar a los rebeldes y evitar que sus \u201cluchas\u201d pervivan en las futuras generaciones. Aunque, en los hechos los criminales y genocidas como Francisco Pizarro y otros se encuentran conservados y expuestos en urnas de plata bajo los altares principales de las catedrales del Per\u00fa.<\/p>\n\n\n\n<p>Triste y vergonzoso, pero lamentablemente, esta vez tambi\u00e9n nos venci\u00f3 Abimael Guzm\u00e1n Reynoso, quien con su \u00faltima arma, su cuerpo inerte, nos humill\u00f3, y nos devela nuestra condici\u00f3n de primitivos como pa\u00eds.&nbsp;<\/p>\n\n\n\n<p><strong>Ollantay Itzamn\u00e1. Defensor de Derechos de la Madre Tierra y Derechos Humanos desde Abya Yala<\/strong>.<\/p>\n","protected":false},"excerpt":{"rendered":"<p>Ollantay Itzamn\u00e1 Fuente: Rebeli\u00f3n Abimael Guzm\u00e1n Reynoso, de 86 a\u00f1os de edad, fundador y dirigente principal de Sedero Luminoso (SL), falleci\u00f3 el 11 de septiembre reciente, en la Base Naval del Callao, Per\u00fa, mientras purgaba la pena de cadena perpetua. El suceso activ\u00f3 nuevamente el morbo nacional e internacional sobre la \u201cpeligrosidad\u201d de Guzm\u00e1n, esta [&hellip;]<\/p>\n","protected":false},"author":1,"featured_media":5182,"comment_status":"open","ping_status":"open","sticky":false,"template":"","format":"standard","meta":{"footnotes":""},"categories":[5,3],"tags":[],"_links":{"self":[{"href":"http:\/\/www.movimientocaamanista.com\/index.php?rest_route=\/wp\/v2\/posts\/5181"}],"collection":[{"href":"http:\/\/www.movimientocaamanista.com\/index.php?rest_route=\/wp\/v2\/posts"}],"about":[{"href":"http:\/\/www.movimientocaamanista.com\/index.php?rest_route=\/wp\/v2\/types\/post"}],"author":[{"embeddable":true,"href":"http:\/\/www.movimientocaamanista.com\/index.php?rest_route=\/wp\/v2\/users\/1"}],"replies":[{"embeddable":true,"href":"http:\/\/www.movimientocaamanista.com\/index.php?rest_route=%2Fwp%2Fv2%2Fcomments&post=5181"}],"version-history":[{"count":1,"href":"http:\/\/www.movimientocaamanista.com\/index.php?rest_route=\/wp\/v2\/posts\/5181\/revisions"}],"predecessor-version":[{"id":5183,"href":"http:\/\/www.movimientocaamanista.com\/index.php?rest_route=\/wp\/v2\/posts\/5181\/revisions\/5183"}],"wp:featuredmedia":[{"embeddable":true,"href":"http:\/\/www.movimientocaamanista.com\/index.php?rest_route=\/wp\/v2\/media\/5182"}],"wp:attachment":[{"href":"http:\/\/www.movimientocaamanista.com\/index.php?rest_route=%2Fwp%2Fv2%2Fmedia&parent=5181"}],"wp:term":[{"taxonomy":"category","embeddable":true,"href":"http:\/\/www.movimientocaamanista.com\/index.php?rest_route=%2Fwp%2Fv2%2Fcategories&post=5181"},{"taxonomy":"post_tag","embeddable":true,"href":"http:\/\/www.movimientocaamanista.com\/index.php?rest_route=%2Fwp%2Fv2%2Ftags&post=5181"}],"curies":[{"name":"wp","href":"https:\/\/api.w.org\/{rel}","templated":true}]}}